{"id":49298,"date":"2025-09-03T16:03:54","date_gmt":"2025-09-03T15:03:54","guid":{"rendered":"https:\/\/armeemuseum.ch\/?p=49298"},"modified":"2025-09-03T16:07:19","modified_gmt":"2025-09-03T15:07:19","slug":"parabellum-pistole-vorschau","status":"publish","type":"post","link":"https:\/\/armeemuseum.ch\/it\/parabellum-pistole-vorschau\/","title":{"rendered":"Parabellum-Pistole &#8211; Vorschau"},"content":{"rendered":"<p>[et_pb_section fb_built=&#8221;1&#8243; _builder_version=&#8221;4.27.2&#8243; _module_preset=&#8221;default&#8221; global_colors_info=&#8221;{}&#8221;][et_pb_row column_structure=&#8221;3_5,2_5&#8243; _builder_version=&#8221;4.27.2&#8243; _module_preset=&#8221;default&#8221; global_colors_info=&#8221;{}&#8221;][et_pb_column type=&#8221;3_5&#8243; _builder_version=&#8221;4.27.2&#8243; _module_preset=&#8221;default&#8221; global_colors_info=&#8221;{}&#8221;][et_pb_text _builder_version=&#8221;4.27.2&#8243; _module_preset=&#8221;default&#8221; hover_enabled=&#8221;0&#8243; global_colors_info=&#8221;{}&#8221; sticky_enabled=&#8221;0&#8243;]<\/p>\n<h2>Die Parabellum-Pistole in der Schweizer Armee<\/h2>\n<h4>Vorschau auf den Vortrag vom 17. September 2025<\/h4>\n<p>[\/et_pb_text][\/et_pb_column][et_pb_column type=&#8221;2_5&#8243; _builder_version=&#8221;4.27.2&#8243; _module_preset=&#8221;default&#8221; global_colors_info=&#8221;{}&#8221;][et_pb_image src=&#8221;https:\/\/armeemuseum.ch\/wp-content\/uploads\/2025\/02\/Logo-VSAM-komprimiert.jpg&#8221; title_text=&#8221;Einfaches CMYK&#8221; _builder_version=&#8221;4.27.2&#8243; _module_preset=&#8221;default&#8221; global_colors_info=&#8221;{}&#8221;][\/et_pb_image][\/et_pb_column][\/et_pb_row][\/et_pb_section][et_pb_section fb_built=&#8221;1&#8243; _builder_version=&#8221;4.27.2&#8243; _module_preset=&#8221;default&#8221; global_colors_info=&#8221;{}&#8221;][et_pb_row _builder_version=&#8221;4.27.2&#8243; _module_preset=&#8221;default&#8221; global_colors_info=&#8221;{}&#8221;][et_pb_column type=&#8221;4_4&#8243; _builder_version=&#8221;4.27.2&#8243; _module_preset=&#8221;default&#8221; global_colors_info=&#8221;{}&#8221;][et_pb_text _builder_version=&#8221;4.27.2&#8243; _module_preset=&#8221;default&#8221; global_colors_info=&#8221;{}&#8221;]<\/p>\n<h3><strong>Eine hervorragende pers\u00f6nliche Waffe, aber\u2026<\/strong><\/h3>\n<p><strong>Am n\u00e4chsten Vortragsabend beim Verein Schweizer Armeemuseum (VSAM) dreht sich Alles um eine legend\u00e4re Faustfeuerwaffe, die Parabellum Pistole. Wieso diese Selbstladepistole anf\u00e4nglich einen zweifelhaften Ruf genoss, erl\u00e4utert Alexander Stucki am 17. September in Thun.<\/strong><\/p>\n<p>Im Jahr 1900 f\u00fchrte die Schweiz als erste Nation der Welt f\u00fcr ihre Armee eine Selbstladepistole ein, die Parabellum als Pistole Modell 1900. F\u00fcr die damalige Zeit war die Parabellum Pistole eine hervorragende, aber auch anspruchsvolle Waffe. Viele Offiziere waren mit dieser neuartigen Waffe \u00fcberfordert, nicht zuletzt, weil die Armee die notwendige Ausbildung grob vernachl\u00e4ssigt hatte. Die Pistole genoss deshalb den zweifelhaften Ruf, eine gute Stand- aber keine Kriegswaffe zu sein. Die Sch\u00fctzen hingegen, die auf die Evaluation der Pistole 1900 und auf die Beschaffung der \u00a0Nachfolgemodelle 1900\/06 und 06\/29 einen massgeblichen Einfluss hatten, sch\u00e4tzten die Parabellum sehr. Auch diese verschiedenen Sichtweisen wird der Thuner Historiker Alexander Stucki den BesucherInnen in seinem Vortrag am 17. September erl\u00e4utern.<\/p>\n<p>Hergestellt wurden die Parabellum-Pistolen der Schweizer Armee von den Deutschen Waffen- und Munitionsfabriken (DWM) und nach dem Ersten Weltkrieg von Eidgen\u00f6ssischen Waffenfabrik in Bern. Zuvor hatte diese bereits zeitweise die Endmontage von Pistolen 1900 und 1900\/06 der DWM \u00fcbernommen. Bis zur Einf\u00fchrung der Nachfolgerin, der SIG P210 als Pistole 49, erhielt die Schweizer Armee insgesamt 61\u2018130 dieser legend\u00e4ren Faustfeuerwaffen. Milit\u00e4risch gef\u00fchrt wurde die letzte Ausf\u00fchrung der Parabellum, Pistole 06\/29, vereinzelt noch bis in die 1990er-Jahre.<\/p>\n<p>Der Referent Alexander Stucki ist ein Kenner dieser Waffe und hat unter anderem im Verlag Schweizer Armeemuseum ein Buch \u00fcber die \u00abPistolenpatrone 03 \u2013 Die Patrone der Schweizer Parabellum Pistolen und deren Varianten\u00bb herausgegeben.<\/p>\n<p><u>Treffpunkt:<\/u> Mittwoch, 17. September 2025, 18.45 Uhr, auf dem Parkplatz der ehemaligen Soldatenstube 3 Tannen an der Allmendstrasse in Thun (Einweisung). Anreise mit dem \u00f6ffentlichen Verkehr ab Bahnhof Thun mit Buslinie 4 bis Haltestelle Kleine Allmend. Beginn 19 Uhr.<\/p>\n<p>[\/et_pb_text][\/et_pb_column][\/et_pb_row][et_pb_row _builder_version=&#8221;4.27.2&#8243; _module_preset=&#8221;default&#8221; custom_margin=&#8221;|auto|-75px|auto||&#8221; global_colors_info=&#8221;{}&#8221;][et_pb_column type=&#8221;4_4&#8243; _builder_version=&#8221;4.27.2&#8243; _module_preset=&#8221;default&#8221; global_colors_info=&#8221;{}&#8221;][et_pb_image src=&#8221;https:\/\/armeemuseum.ch\/wp-content\/uploads\/2025\/09\/Unbenannt.jpg&#8221; title_text=&#8221;Unbenannt&#8221; _builder_version=&#8221;4.27.2&#8243; _module_preset=&#8221;default&#8221; global_colors_info=&#8221;{}&#8221;][\/et_pb_image][\/et_pb_column][\/et_pb_row][et_pb_row _builder_version=&#8221;4.27.2&#8243; _module_preset=&#8221;default&#8221; global_colors_info=&#8221;{}&#8221;][et_pb_column type=&#8221;4_4&#8243; _builder_version=&#8221;4.27.2&#8243; _module_preset=&#8221;default&#8221; global_colors_info=&#8221;{}&#8221;][et_pb_text _builder_version=&#8221;4.27.2&#8243; _module_preset=&#8221;default&#8221; global_colors_info=&#8221;{}&#8221;]<\/p>\n<p>Offiziere der Schweizer Armee beim Schiessen mit der Parabellum Pistole. \u00a0Bild: ZVG<\/p>\n<p>[\/et_pb_text][\/et_pb_column][\/et_pb_row][\/et_pb_section]<\/p>\n","protected":false},"excerpt":{"rendered":"<p>Die Parabellum-Pistole in der Schweizer Armee Vorschau auf den Vortrag vom 17. September 2025Eine hervorragende pers\u00f6nliche Waffe, aber\u2026 Am n\u00e4chsten Vortragsabend beim Verein Schweizer Armeemuseum (VSAM) dreht sich Alles um eine legend\u00e4re Faustfeuerwaffe, die Parabellum Pistole. Wieso diese Selbstladepistole anf\u00e4nglich einen zweifelhaften Ruf genoss, erl\u00e4utert Alexander Stucki am 17. September in Thun. Im Jahr 1900 [&hellip;]<\/p>\n","protected":false},"author":2,"featured_media":0,"comment_status":"closed","ping_status":"open","sticky":false,"template":"","format":"standard","meta":{"_et_pb_use_builder":"on","_et_pb_old_content":"","_et_gb_content_width":"","footnotes":""},"categories":[744],"tags":[],"class_list":["post-49298","post","type-post","status-publish","format-standard","hentry","category-news-2025"],"_links":{"self":[{"href":"https:\/\/armeemuseum.ch\/it\/wp-json\/wp\/v2\/posts\/49298","targetHints":{"allow":["GET"]}}],"collection":[{"href":"https:\/\/armeemuseum.ch\/it\/wp-json\/wp\/v2\/posts"}],"about":[{"href":"https:\/\/armeemuseum.ch\/it\/wp-json\/wp\/v2\/types\/post"}],"author":[{"embeddable":true,"href":"https:\/\/armeemuseum.ch\/it\/wp-json\/wp\/v2\/users\/2"}],"replies":[{"embeddable":true,"href":"https:\/\/armeemuseum.ch\/it\/wp-json\/wp\/v2\/comments?post=49298"}],"version-history":[{"count":7,"href":"https:\/\/armeemuseum.ch\/it\/wp-json\/wp\/v2\/posts\/49298\/revisions"}],"predecessor-version":[{"id":49311,"href":"https:\/\/armeemuseum.ch\/it\/wp-json\/wp\/v2\/posts\/49298\/revisions\/49311"}],"wp:attachment":[{"href":"https:\/\/armeemuseum.ch\/it\/wp-json\/wp\/v2\/media?parent=49298"}],"wp:term":[{"taxonomy":"category","embeddable":true,"href":"https:\/\/armeemuseum.ch\/it\/wp-json\/wp\/v2\/categories?post=49298"},{"taxonomy":"post_tag","embeddable":true,"href":"https:\/\/armeemuseum.ch\/it\/wp-json\/wp\/v2\/tags?post=49298"}],"curies":[{"name":"wp","href":"https:\/\/api.w.org\/{rel}","templated":true}]}}