{"id":48852,"date":"2025-04-30T16:27:30","date_gmt":"2025-04-30T15:27:30","guid":{"rendered":"https:\/\/armeemuseum.ch\/?p=48852"},"modified":"2025-05-23T16:03:07","modified_gmt":"2025-05-23T15:03:07","slug":"krieg-im-aether","status":"publish","type":"post","link":"https:\/\/armeemuseum.ch\/it\/krieg-im-aether\/","title":{"rendered":"Krieg im \u00c4ther &#8211; Vorschau"},"content":{"rendered":"<p>[et_pb_section fb_built=&#8221;1&#8243; theme_builder_area=&#8221;post_content&#8221; _builder_version=&#8221;4.27.2&#8243; _module_preset=&#8221;default&#8221;][et_pb_row _builder_version=&#8221;4.27.2&#8243; _module_preset=&#8221;default&#8221; column_structure=&#8221;3_5,2_5&#8243; theme_builder_area=&#8221;post_content&#8221;][et_pb_column _builder_version=&#8221;4.27.2&#8243; _module_preset=&#8221;default&#8221; type=&#8221;3_5&#8243; theme_builder_area=&#8221;post_content&#8221;][et_pb_text _builder_version=&#8221;4.27.2&#8243; _module_preset=&#8221;default&#8221; theme_builder_area=&#8221;post_content&#8221; hover_enabled=&#8221;0&#8243; sticky_enabled=&#8221;0&#8243;]<\/p>\n<h2>Krieg im <strong>\u00c4ther<\/strong><\/h2>\n<h4>Vorschau auf den Vortrag vom 21. Mai 2025<\/h4>\n<p>[\/et_pb_text][\/et_pb_column][et_pb_column _builder_version=&#8221;4.27.2&#8243; _module_preset=&#8221;default&#8221; type=&#8221;2_5&#8243; theme_builder_area=&#8221;post_content&#8221;][et_pb_image src=&#8221;https:\/\/armeemuseum.ch\/wp-content\/uploads\/2025\/02\/Logo-VSAM-komprimiert.jpg&#8221; _builder_version=&#8221;4.27.2&#8243; _module_preset=&#8221;default&#8221; theme_builder_area=&#8221;post_content&#8221; title_text=&#8221;Einfaches CMYK&#8221; hover_enabled=&#8221;0&#8243; sticky_enabled=&#8221;0&#8243;][\/et_pb_image][\/et_pb_column][\/et_pb_row][\/et_pb_section][et_pb_section fb_built=&#8221;1&#8243; theme_builder_area=&#8221;post_content&#8221; _builder_version=&#8221;4.27.2&#8243; _module_preset=&#8221;default&#8221;][et_pb_row _builder_version=&#8221;4.27.2&#8243; _module_preset=&#8221;default&#8221; theme_builder_area=&#8221;post_content&#8221; custom_margin=&#8221;|auto|-60px|auto||&#8221;][et_pb_column _builder_version=&#8221;4.27.2&#8243; _module_preset=&#8221;default&#8221; type=&#8221;4_4&#8243; theme_builder_area=&#8221;post_content&#8221;][et_pb_text _builder_version=&#8221;4.27.2&#8243; _module_preset=&#8221;default&#8221; theme_builder_area=&#8221;post_content&#8221; hover_enabled=&#8221;0&#8243; sticky_enabled=&#8221;0&#8243;]<\/p>\n<h3><strong>Der Krieg im \u00c4ther<\/strong><\/h3>\n<p><strong>Man sieht sie nicht, die Signale. F\u00fcr eine Armee k\u00f6nnen diese aber weitreichende Konsequenzen haben, also m\u00fcssen sie aufgefangen, ausgewertet oder gest\u00f6rt werden. Werner Kuhn, der ehemalige Chef der Sektion operative elektronische Kriegsf\u00fchrung im VBS, zeigt am 21. Mai in Thun die Hintergr\u00fcnde des Kriegs im \u00c4ther auf.<\/strong><\/p>\n<p>Mit dem Zweiten Weltkrieg wurde die Funkaufkl\u00e4rung in der Schweizer Armee erstmals organisiert \u2013 die Funker Kompanie 7 wurde gebildet. Es galt, einerseits die Emissionen ausl\u00e4ndischer Sender zu erfassen und nachrichtendienstlich auszuwerten und andererseits die eigenen Aktivit\u00e4ten zu \u00fcberwachen und Verst\u00f6sse gegen die Geheimhaltung zu melden. Sowohl die \u00dcbermittlung als auch die Funkaufkl\u00e4rung entwickelten sich nachher parallel stetig weiter.<\/p>\n<p>Der Vortrag vom 21. Mai umfasst vor allem die Aktivit\u00e4ten, wie sie der Referent Oberst i Gst aD Werner Kuhn in seiner beruflichen Kariere beim EMD und sp\u00e4ter im VBS, Abteilung Elektronische Kriegsf\u00fchrung (EKF), selber erlebt hat und mitgestalten durfte. Er schildert unter anderem die Entwicklung der Aufkl\u00e4rungsausr\u00fcstung der Feldarmee von 1969 bis 2006. Dabei erlebte er den Wandel vom R\u00f6hrenempf\u00e4nger bis zum modernsten Aufkl\u00e4rungssystem. Kuhn zeigt aus Sicht des Bereichsverantwortlichen die L\u00f6sungsfindung im damaligen Umfeld, zus\u00e4tzlich wird der Wandel der elektronischen St\u00f6rung aufgezeigt. Letztlich bildet dies die Grundlage f\u00fcr das heute bei der Schweizer Armee im Einsatz stehende Integrierte Funkaufkl\u00e4rungs- und Sendesystem (IFASS).<\/p>\n<p><u>Treffpunkt:<\/u> Mittwoch, 21. Mai 2025, 18.45 Uhr, auf dem Parkplatz der ehemaligen Soldatenstube 3 Tannen an der Allmendstrasse in Thun (Einweisung). Anreise mit dem \u00f6ffentlichen Verkehr ab Bahnhof Thun mit Buslinie 4 bis Haltestelle Kleine Allmend. Beginn 19 Uhr.<\/p>\n<p>[\/et_pb_text][\/et_pb_column][\/et_pb_row][et_pb_row _builder_version=&#8221;4.27.2&#8243; _module_preset=&#8221;default&#8221; theme_builder_area=&#8221;post_content&#8221; custom_margin=&#8221;|auto|-64px|auto||&#8221;][et_pb_column _builder_version=&#8221;4.27.2&#8243; _module_preset=&#8221;default&#8221; type=&#8221;4_4&#8243; theme_builder_area=&#8221;post_content&#8221;][et_pb_image src=&#8221;https:\/\/armeemuseum.ch\/wp-content\/uploads\/2025\/04\/Bild-scaled.jpg&#8221; _builder_version=&#8221;4.27.2&#8243; _module_preset=&#8221;default&#8221; theme_builder_area=&#8221;post_content&#8221; title_text=&#8221;Bild&#8221; hover_enabled=&#8221;0&#8243; sticky_enabled=&#8221;0&#8243;][\/et_pb_image][\/et_pb_column][\/et_pb_row][et_pb_row _builder_version=&#8221;4.27.2&#8243; _module_preset=&#8221;default&#8221; theme_builder_area=&#8221;post_content&#8221;][et_pb_column _builder_version=&#8221;4.27.2&#8243; _module_preset=&#8221;default&#8221; type=&#8221;4_4&#8243; theme_builder_area=&#8221;post_content&#8221;][et_pb_text _builder_version=&#8221;4.27.2&#8243; _module_preset=&#8221;default&#8221; theme_builder_area=&#8221;post_content&#8221; hover_enabled=&#8221;0&#8243; sticky_enabled=&#8221;0&#8243;]<\/p>\n<p>Blick in einen Shelter des taktischen elektronischen Aufkl\u00e4rungs-System (takt EA Syst). Bild: ZVG<\/p>\n<p>[\/et_pb_text][\/et_pb_column][\/et_pb_row][\/et_pb_section]<\/p>\n","protected":false},"excerpt":{"rendered":"<p>Krieg im \u00c4ther Vorschau auf den Vortrag vom 21. Mai 2025Der Krieg im \u00c4ther Man sieht sie nicht, die Signale. F\u00fcr eine Armee k\u00f6nnen diese aber weitreichende Konsequenzen haben, also m\u00fcssen sie aufgefangen, ausgewertet oder gest\u00f6rt werden. Werner Kuhn, der ehemalige Chef der Sektion operative elektronische Kriegsf\u00fchrung im VBS, zeigt am 21. Mai in Thun [&hellip;]<\/p>\n","protected":false},"author":2,"featured_media":0,"comment_status":"closed","ping_status":"open","sticky":false,"template":"","format":"standard","meta":{"_et_pb_use_builder":"on","_et_pb_old_content":"","_et_gb_content_width":"","footnotes":""},"categories":[744],"tags":[],"class_list":["post-48852","post","type-post","status-publish","format-standard","hentry","category-news-2025"],"_links":{"self":[{"href":"https:\/\/armeemuseum.ch\/it\/wp-json\/wp\/v2\/posts\/48852","targetHints":{"allow":["GET"]}}],"collection":[{"href":"https:\/\/armeemuseum.ch\/it\/wp-json\/wp\/v2\/posts"}],"about":[{"href":"https:\/\/armeemuseum.ch\/it\/wp-json\/wp\/v2\/types\/post"}],"author":[{"embeddable":true,"href":"https:\/\/armeemuseum.ch\/it\/wp-json\/wp\/v2\/users\/2"}],"replies":[{"embeddable":true,"href":"https:\/\/armeemuseum.ch\/it\/wp-json\/wp\/v2\/comments?post=48852"}],"version-history":[{"count":6,"href":"https:\/\/armeemuseum.ch\/it\/wp-json\/wp\/v2\/posts\/48852\/revisions"}],"predecessor-version":[{"id":48992,"href":"https:\/\/armeemuseum.ch\/it\/wp-json\/wp\/v2\/posts\/48852\/revisions\/48992"}],"wp:attachment":[{"href":"https:\/\/armeemuseum.ch\/it\/wp-json\/wp\/v2\/media?parent=48852"}],"wp:term":[{"taxonomy":"category","embeddable":true,"href":"https:\/\/armeemuseum.ch\/it\/wp-json\/wp\/v2\/categories?post=48852"},{"taxonomy":"post_tag","embeddable":true,"href":"https:\/\/armeemuseum.ch\/it\/wp-json\/wp\/v2\/tags?post=48852"}],"curies":[{"name":"wp","href":"https:\/\/api.w.org\/{rel}","templated":true}]}}