{"id":48768,"date":"2025-04-27T18:18:37","date_gmt":"2025-04-27T17:18:37","guid":{"rendered":"https:\/\/armeemuseum.ch\/?p=48768"},"modified":"2025-04-29T14:26:51","modified_gmt":"2025-04-29T13:26:51","slug":"mitgliederversammlung-2025","status":"publish","type":"post","link":"https:\/\/armeemuseum.ch\/it\/mitgliederversammlung-2025\/","title":{"rendered":"Mitgliederversammlung 2025"},"content":{"rendered":"<p>[et_pb_section fb_built=&#8221;1&#8243; _builder_version=&#8221;4.27.2&#8243; _module_preset=&#8221;default&#8221; global_colors_info=&#8221;{}&#8221;][et_pb_row column_structure=&#8221;3_5,2_5&#8243; _builder_version=&#8221;4.27.2&#8243; _module_preset=&#8221;default&#8221; global_colors_info=&#8221;{}&#8221;][et_pb_column type=&#8221;3_5&#8243; _builder_version=&#8221;4.27.2&#8243; _module_preset=&#8221;default&#8221; global_colors_info=&#8221;{}&#8221;][et_pb_text _builder_version=&#8221;4.27.2&#8243; _module_preset=&#8221;default&#8221; global_colors_info=&#8221;{}&#8221;]<\/p>\n<h2>Mitgliederversammlung 2025<\/h2>\n<h4>26. April 2025, Thun<\/h4>\n<p>&nbsp;<\/p>\n<p>&nbsp;<\/p>\n<p>&nbsp;<\/p>\n<p>&nbsp;<\/p>\n<p>&nbsp;<\/p>\n<p>[\/et_pb_text][\/et_pb_column][et_pb_column type=&#8221;2_5&#8243; _builder_version=&#8221;4.27.2&#8243; _module_preset=&#8221;default&#8221; global_colors_info=&#8221;{}&#8221;][et_pb_image src=&#8221;https:\/\/armeemuseum.ch\/wp-content\/uploads\/2025\/02\/Logo-VSAM-komprimiert.jpg&#8221; title_text=&#8221;Einfaches CMYK&#8221; _builder_version=&#8221;4.27.2&#8243; _module_preset=&#8221;default&#8221; global_colors_info=&#8221;{}&#8221;][\/et_pb_image][\/et_pb_column][\/et_pb_row][\/et_pb_section][et_pb_section fb_built=&#8221;1&#8243; _builder_version=&#8221;4.27.2&#8243; _module_preset=&#8221;default&#8221; min_height=&#8221;745.8px&#8221; custom_padding=&#8221;||39px|||&#8221; global_colors_info=&#8221;{}&#8221;][et_pb_row _builder_version=&#8221;4.27.2&#8243; _module_preset=&#8221;default&#8221; min_height=&#8221;619.8px&#8221; custom_margin=&#8221;|auto|-48px|auto||&#8221; global_colors_info=&#8221;{}&#8221;][et_pb_column type=&#8221;4_4&#8243; _builder_version=&#8221;4.27.2&#8243; _module_preset=&#8221;default&#8221; global_colors_info=&#8221;{}&#8221;][et_pb_text _builder_version=&#8221;4.27.2&#8243; _module_preset=&#8221;default&#8221; global_colors_info=&#8221;{}&#8221;]<\/p>\n<h3><strong>Milit\u00e4rpostkarten, Soldatenmarken \u2013 und ein General<\/strong><\/h3>\n<p><strong>\u00a0<\/strong><strong>Der Verein Schweizer Armeemuseum (VSAM) tagte am letzten Samstag in Thun. Die Antr\u00e4ge des Vorstands fanden dabei einhellig Zustimmung. Den Anwesenden wurde aufgezeigt, wie vielf\u00e4ltig die Themen sind, die der Verein bearbeitet.<\/strong><\/p>\n<p><strong>\u00a0<\/strong>Ganz in Sinne der T\u00e4tigkeiten des Vereins Schweizer Armeemuseum war das Gastreferat an der 47. Mitgliederversammlung in der Alten Reithalle in Thun vom letzten Samstag: Der Historiker Rudolf Jaun brachte den rund 100 Anwesenden Ulrich Wille n\u00e4her, der vor 100 Jahren verstorben ist. Er war General der Schweizer Armee w\u00e4hrend der Grenzbesetzung 1914-18 und ist eine teils umstrittene Pers\u00f6nlichkeit, da er sich in einigen formellen Belangen der preussischen Armee stark verbunden f\u00fchlte. Jaun zeigt aber die vielen verschiedenen Facetten der bekannten Pers\u00f6nlichkeit auf, vom Redaktor, Professor und Instruktor bis zum General. Etliche von Willes Vorstellungen f\u00fcr die Instruktion und Ausbildung haben die Schweizer Armee stark gepr\u00e4gt. Das Referat wurde auf Video aufgezeichnet wird und in einiger Zeit mit einer deutschen und franz\u00f6sischen Fassung auf der Homepage <span><a href=\"http:\/\/www.armeemuseum.ch\">www.armeemuseum.ch<\/a><\/span> verf\u00fcgbar sein.<\/p>\n<p>Vorg\u00e4ngig waren die statuarischen Gesch\u00e4fte zu erledigen gewesen: Alle Antr\u00e4ge wurden im Sinne des Vorstandes angenommen. Ein Schwerpunkt ist jeweils der R\u00fcck- und Ausblick der diversen Projekte, die der Verein verantwortet. Dazu geh\u00f6ren die Aufarbeitung der Sammlung von mehreren Tausend Milit\u00e4rpostkarten sowie der Soldatenmarken aus der Zeit des Ersten und Zweiten Weltkrieges, die schrittweise auch online den interessierten Kreisen zug\u00e4nglich gemacht werden.<\/p>\n<p>Weiter werden laufend neue milit\u00e4rhistorische Themen in der Online-Wissensdatenbank publiziert, eigene Publikationen ver\u00f6ffentlicht und mit einer Vortragsreihe Themen aus dem vielf\u00e4ltigen T\u00e4tigkeitsfeld des Vereins aufgegriffen \u2013 der n\u00e4chste Vortrag in Thun befasst sich am 21. Mai mit dem \u00abKrieg im Aether\u00bb, der elektronischen Kriegf\u00fchrung der Schweizer Armee.<\/p>\n<p>Der Verein unterst\u00fctzt nach Bedarf die Stiftung Historisches Armeematerial (HAM), die die Sammlung Historisches Material in Thun und Burgdorf im Auftrag des VBS respektive der Zentralstelle f\u00fcr Historisches Armeematerial (ZSHAM) betreut. Da auf den 1. Mai dieses Jahres f\u00fcr letztere eine Neuunterstellung unter den Chef der Logistikbasis erfolgt, wird mit der Unterzeichnung der entsprechenden aktualisierten Zusammenarbeitsgrundlagen noch zugewartet. Anschliessend sollte die mehrj\u00e4hrige Diskussion \u00fcber die Verantwortlichkeiten gekl\u00e4rt sein.<\/p>\n<p>Bereits jetzt zeichnen sich f\u00fcr die n\u00e4chsten Jahre gr\u00f6ssere Wechsel im Vorstand ab: Der seit 25 Jahren amtierende Kassier Sascha Burkhalter hat auf n\u00e4chstes Jahr seinen R\u00fccktritt angek\u00fcndigt und auch der langj\u00e4hrige Pr\u00e4sident Henri Habegger sowie der Sekret\u00e4r Hugo Wermelinger sind auf der Nachfolgersuche. Klar ist den Verantwortlichen auch, dass wirkungsvolle Massnahmen gegen den langsamen R\u00fcckgang der Mitgliederzahl \u2013 aktuell sind es rund 1500 \u2013 \u00fcberlegt werden m\u00fcssen.<\/p>\n<p>[\/et_pb_text][\/et_pb_column][\/et_pb_row][\/et_pb_section][et_pb_section fb_built=&#8221;1&#8243; _builder_version=&#8221;4.27.2&#8243; _module_preset=&#8221;default&#8221; custom_padding=&#8221;0px|||||&#8221; global_colors_info=&#8221;{}&#8221;][et_pb_row column_structure=&#8221;1_2,1_2&#8243; _builder_version=&#8221;4.27.2&#8243; _module_preset=&#8221;default&#8221; global_colors_info=&#8221;{}&#8221;][et_pb_column type=&#8221;1_2&#8243; _builder_version=&#8221;4.27.2&#8243; _module_preset=&#8221;default&#8221; global_colors_info=&#8221;{}&#8221;][et_pb_image src=&#8221;https:\/\/armeemuseum.ch\/wp-content\/uploads\/2025\/04\/DSC_1710_01-scaled.jpg&#8221; _builder_version=&#8221;4.27.2&#8243; _module_preset=&#8221;default&#8221; title_text=&#8221;DSC_1710_01&#8243; hover_enabled=&#8221;0&#8243; sticky_enabled=&#8221;0&#8243;][\/et_pb_image][\/et_pb_column][et_pb_column type=&#8221;1_2&#8243; _builder_version=&#8221;4.27.2&#8243; _module_preset=&#8221;default&#8221; global_colors_info=&#8221;{}&#8221;][et_pb_image src=&#8221;https:\/\/armeemuseum.ch\/wp-content\/uploads\/2025\/04\/DSC_1727_03-scaled.jpg&#8221; title_text=&#8221;DSC_1727_03&#8243; _builder_version=&#8221;4.27.2&#8243; _module_preset=&#8221;default&#8221; global_colors_info=&#8221;{}&#8221;][\/et_pb_image][\/et_pb_column][\/et_pb_row][et_pb_row column_structure=&#8221;1_2,1_2&#8243; _builder_version=&#8221;4.27.2&#8243; _module_preset=&#8221;default&#8221; global_colors_info=&#8221;{}&#8221;][et_pb_column type=&#8221;1_2&#8243; _builder_version=&#8221;4.27.2&#8243; _module_preset=&#8221;default&#8221; global_colors_info=&#8221;{}&#8221;][et_pb_image src=&#8221;https:\/\/armeemuseum.ch\/wp-content\/uploads\/2025\/04\/DSC_1733-scaled.jpg&#8221; title_text=&#8221;DSC_1733&#8243; _builder_version=&#8221;4.27.2&#8243; _module_preset=&#8221;default&#8221; global_colors_info=&#8221;{}&#8221;][\/et_pb_image][\/et_pb_column][et_pb_column type=&#8221;1_2&#8243; _builder_version=&#8221;4.27.2&#8243; _module_preset=&#8221;default&#8221; global_colors_info=&#8221;{}&#8221;][et_pb_image src=&#8221;https:\/\/armeemuseum.ch\/wp-content\/uploads\/2025\/04\/DSC_1751_01-scaled.jpg&#8221; title_text=&#8221;DSC_1751_01&#8243; _builder_version=&#8221;4.27.2&#8243; _module_preset=&#8221;default&#8221; global_colors_info=&#8221;{}&#8221;][\/et_pb_image][\/et_pb_column][\/et_pb_row][et_pb_row column_structure=&#8221;1_2,1_2&#8243; _builder_version=&#8221;4.27.2&#8243; _module_preset=&#8221;default&#8221; global_colors_info=&#8221;{}&#8221;][et_pb_column type=&#8221;1_2&#8243; _builder_version=&#8221;4.27.2&#8243; _module_preset=&#8221;default&#8221; global_colors_info=&#8221;{}&#8221;][et_pb_image src=&#8221;https:\/\/armeemuseum.ch\/wp-content\/uploads\/2025\/04\/DSC_1740-scaled.jpg&#8221; title_text=&#8221;DSC_1740&#8243; _builder_version=&#8221;4.27.2&#8243; _module_preset=&#8221;default&#8221; global_colors_info=&#8221;{}&#8221;][\/et_pb_image][\/et_pb_column][et_pb_column type=&#8221;1_2&#8243; _builder_version=&#8221;4.27.2&#8243; _module_preset=&#8221;default&#8221; global_colors_info=&#8221;{}&#8221;][et_pb_image src=&#8221;https:\/\/armeemuseum.ch\/wp-content\/uploads\/2025\/04\/DSC_1837-scaled.jpg&#8221; title_text=&#8221;DSC_1837&#8243; _builder_version=&#8221;4.27.2&#8243; _module_preset=&#8221;default&#8221; global_colors_info=&#8221;{}&#8221;][\/et_pb_image][\/et_pb_column][\/et_pb_row][et_pb_row column_structure=&#8221;1_2,1_2&#8243; _builder_version=&#8221;4.27.2&#8243; _module_preset=&#8221;default&#8221; global_colors_info=&#8221;{}&#8221;][et_pb_column type=&#8221;1_2&#8243; _builder_version=&#8221;4.27.2&#8243; _module_preset=&#8221;default&#8221; global_colors_info=&#8221;{}&#8221;][et_pb_image src=&#8221;https:\/\/armeemuseum.ch\/wp-content\/uploads\/2025\/04\/DSC_1856-scaled.jpg&#8221; title_text=&#8221;DSC_1856&#8243; _builder_version=&#8221;4.27.2&#8243; _module_preset=&#8221;default&#8221; global_colors_info=&#8221;{}&#8221;][\/et_pb_image][\/et_pb_column][et_pb_column type=&#8221;1_2&#8243; _builder_version=&#8221;4.27.2&#8243; _module_preset=&#8221;default&#8221; global_colors_info=&#8221;{}&#8221;][et_pb_image src=&#8221;https:\/\/armeemuseum.ch\/wp-content\/uploads\/2025\/04\/DSC_1789-scaled.jpg&#8221; title_text=&#8221;DSC_1789&#8243; _builder_version=&#8221;4.27.2&#8243; _module_preset=&#8221;default&#8221; global_colors_info=&#8221;{}&#8221;][\/et_pb_image][\/et_pb_column][\/et_pb_row][et_pb_row column_structure=&#8221;1_2,1_2&#8243; _builder_version=&#8221;4.27.2&#8243; _module_preset=&#8221;default&#8221; global_colors_info=&#8221;{}&#8221;][et_pb_column type=&#8221;1_2&#8243; _builder_version=&#8221;4.27.2&#8243; _module_preset=&#8221;default&#8221; global_colors_info=&#8221;{}&#8221;][et_pb_image src=&#8221;https:\/\/armeemuseum.ch\/wp-content\/uploads\/2025\/04\/DSC_1882-scaled.jpg&#8221; title_text=&#8221;DSC_1882&#8243; _builder_version=&#8221;4.27.2&#8243; _module_preset=&#8221;default&#8221; global_colors_info=&#8221;{}&#8221;][\/et_pb_image][\/et_pb_column][et_pb_column type=&#8221;1_2&#8243; _builder_version=&#8221;4.27.2&#8243; _module_preset=&#8221;default&#8221; global_colors_info=&#8221;{}&#8221;][et_pb_image src=&#8221;https:\/\/armeemuseum.ch\/wp-content\/uploads\/2025\/04\/DSC_1884-scaled.jpg&#8221; title_text=&#8221;DSC_1884&#8243; _builder_version=&#8221;4.27.2&#8243; _module_preset=&#8221;default&#8221; global_colors_info=&#8221;{}&#8221;][\/et_pb_image][\/et_pb_column][\/et_pb_row][et_pb_row column_structure=&#8221;1_2,1_2&#8243; _builder_version=&#8221;4.27.2&#8243; _module_preset=&#8221;default&#8221; global_colors_info=&#8221;{}&#8221;][et_pb_column type=&#8221;1_2&#8243; _builder_version=&#8221;4.27.2&#8243; _module_preset=&#8221;default&#8221; global_colors_info=&#8221;{}&#8221;][et_pb_image src=&#8221;https:\/\/armeemuseum.ch\/wp-content\/uploads\/2025\/04\/DSC_1889-scaled.jpg&#8221; title_text=&#8221;DSC_1889&#8243; _builder_version=&#8221;4.27.2&#8243; _module_preset=&#8221;default&#8221; global_colors_info=&#8221;{}&#8221;][\/et_pb_image][\/et_pb_column][et_pb_column type=&#8221;1_2&#8243; _builder_version=&#8221;4.27.2&#8243; _module_preset=&#8221;default&#8221; global_colors_info=&#8221;{}&#8221;][et_pb_image src=&#8221;https:\/\/armeemuseum.ch\/wp-content\/uploads\/2025\/04\/DSC_1897-scaled.jpg&#8221; title_text=&#8221;DSC_1897&#8243; _builder_version=&#8221;4.27.2&#8243; _module_preset=&#8221;default&#8221; global_colors_info=&#8221;{}&#8221;][\/et_pb_image][\/et_pb_column][\/et_pb_row][\/et_pb_section]<\/p>\n","protected":false},"excerpt":{"rendered":"<p>Mitgliederversammlung 2025 26. April 2025, Thun &nbsp; &nbsp; &nbsp; &nbsp; &nbsp;Milit\u00e4rpostkarten, Soldatenmarken \u2013 und ein General \u00a0Der Verein Schweizer Armeemuseum (VSAM) tagte am letzten Samstag in Thun. Die Antr\u00e4ge des Vorstands fanden dabei einhellig Zustimmung. Den Anwesenden wurde aufgezeigt, wie vielf\u00e4ltig die Themen sind, die der Verein bearbeitet. \u00a0Ganz in Sinne der T\u00e4tigkeiten des Vereins [&hellip;]<\/p>\n","protected":false},"author":2,"featured_media":0,"comment_status":"closed","ping_status":"open","sticky":false,"template":"","format":"standard","meta":{"_et_pb_use_builder":"on","_et_pb_old_content":"","_et_gb_content_width":"","footnotes":""},"categories":[744],"tags":[],"class_list":["post-48768","post","type-post","status-publish","format-standard","hentry","category-news-2025"],"_links":{"self":[{"href":"https:\/\/armeemuseum.ch\/it\/wp-json\/wp\/v2\/posts\/48768","targetHints":{"allow":["GET"]}}],"collection":[{"href":"https:\/\/armeemuseum.ch\/it\/wp-json\/wp\/v2\/posts"}],"about":[{"href":"https:\/\/armeemuseum.ch\/it\/wp-json\/wp\/v2\/types\/post"}],"author":[{"embeddable":true,"href":"https:\/\/armeemuseum.ch\/it\/wp-json\/wp\/v2\/users\/2"}],"replies":[{"embeddable":true,"href":"https:\/\/armeemuseum.ch\/it\/wp-json\/wp\/v2\/comments?post=48768"}],"version-history":[{"count":11,"href":"https:\/\/armeemuseum.ch\/it\/wp-json\/wp\/v2\/posts\/48768\/revisions"}],"predecessor-version":[{"id":48851,"href":"https:\/\/armeemuseum.ch\/it\/wp-json\/wp\/v2\/posts\/48768\/revisions\/48851"}],"wp:attachment":[{"href":"https:\/\/armeemuseum.ch\/it\/wp-json\/wp\/v2\/media?parent=48768"}],"wp:term":[{"taxonomy":"category","embeddable":true,"href":"https:\/\/armeemuseum.ch\/it\/wp-json\/wp\/v2\/categories?post=48768"},{"taxonomy":"post_tag","embeddable":true,"href":"https:\/\/armeemuseum.ch\/it\/wp-json\/wp\/v2\/tags?post=48768"}],"curies":[{"name":"wp","href":"https:\/\/api.w.org\/{rel}","templated":true}]}}