{"id":48011,"date":"2024-05-12T13:17:04","date_gmt":"2024-05-12T12:17:04","guid":{"rendered":"https:\/\/www.armeemuseum.ch\/?p=48011"},"modified":"2024-05-12T20:58:35","modified_gmt":"2024-05-12T19:58:35","slug":"48011","status":"publish","type":"post","link":"https:\/\/armeemuseum.ch\/it\/48011\/","title":{"rendered":"Mitgliederversammlung 2024"},"content":{"rendered":"<p>[et_pb_section fb_built=&#8221;1&#8243; _builder_version=&#8221;4.24.3&#8243; _module_preset=&#8221;default&#8221; min_height=&#8221;268.8px&#8221; global_colors_info=&#8221;{}&#8221;][et_pb_row column_structure=&#8221;3_5,2_5&#8243; _builder_version=&#8221;4.24.3&#8243; _module_preset=&#8221;default&#8221; custom_margin=&#8221;|auto|-26px|auto||&#8221; custom_padding=&#8221;||16px|||&#8221; global_colors_info=&#8221;{}&#8221;][et_pb_column type=&#8221;3_5&#8243; _builder_version=&#8221;4.24.3&#8243; _module_preset=&#8221;default&#8221; global_colors_info=&#8221;{}&#8221;][et_pb_text _builder_version=&#8221;4.24.3&#8243; _module_preset=&#8221;default&#8221; global_colors_info=&#8221;{}&#8221;]<\/p>\n<h2><strong>Mitgliedervesammlung 2024<\/strong><\/h2>\n<h4>11. Mai 2024<\/h4>\n<p>[\/et_pb_text][\/et_pb_column][et_pb_column type=&#8221;2_5&#8243; _builder_version=&#8221;4.24.3&#8243; _module_preset=&#8221;default&#8221; global_colors_info=&#8221;{}&#8221;][et_pb_image src=&#8221;https:\/\/armeemuseum.ch\/wp-content\/uploads\/2024\/02\/Logo-VSAM-komprimiert.jpg&#8221; title_text=&#8221;Einfaches CMYK&#8221; _builder_version=&#8221;4.24.3&#8243; _module_preset=&#8221;default&#8221; global_colors_info=&#8221;{}&#8221;][\/et_pb_image][\/et_pb_column][\/et_pb_row][\/et_pb_section][et_pb_section fb_built=&#8221;1&#8243; _builder_version=&#8221;4.24.3&#8243; _module_preset=&#8221;default&#8221; min_height=&#8221;3097.7px&#8221; custom_margin=&#8221;||-189px|||&#8221; global_colors_info=&#8221;{}&#8221;][et_pb_row _builder_version=&#8221;4.24.3&#8243; _module_preset=&#8221;default&#8221; min_height=&#8221;734.6px&#8221; custom_margin=&#8221;-66px|auto|-67px|auto||&#8221; global_colors_info=&#8221;{}&#8221;][et_pb_column type=&#8221;4_4&#8243; _builder_version=&#8221;4.24.3&#8243; _module_preset=&#8221;default&#8221; global_colors_info=&#8221;{}&#8221;][et_pb_text _builder_version=&#8221;4.24.3&#8243; _module_preset=&#8221;default&#8221; min_height=&#8221;751.6px&#8221; custom_padding=&#8221;||0px|||&#8221; global_colors_info=&#8221;{}&#8221;]<\/p>\n<p><strong>Grosses Engagement f\u00fcr die Schweizer Armee<\/strong><\/p>\n<p><strong>Am Samstag, 11. Mai 2024, legte der Vorstand des Vereins Schweizer Armeemuseum (VSAM) in Thun Rechenschaft \u00fcber seine T\u00e4tigkeit ab. Der R\u00fcck- und Ausblick zeigte, wie vielf\u00e4ltig die Arbeiten sind \u2013 und wobei Unterst\u00fctzung gefragt ist.<\/strong><\/p>\n<p><strong>\u00a0<\/strong>Die aktuelle weltpolitische Lage sowie die Situation der Schweizer Armee macht auch vor dem auf den Erhalt der Geschichte verpflichteten Verein VSAM keinen Halt: Im Expo-Areal in Thun erkl\u00e4rte Oberst i Gst Stefan Holenstein den gut 100 Anwesenden, wie er als Pr\u00e4sident der Vereinigung Milit\u00e4rischer Gesellschaften VMG die Probleme der Armee sieht. Neben den Diskussionen \u00fcber die fehlenden finanziellen Mittel sowie das zu beschaffende Material d\u00fcrfe man die personelle Situation nicht ausser Acht lassen. Ein Prozent des Bruttoinlandproduktes ab 2030 sei einem Land wie der Schweiz angemessen als Investition in die Armee, warb er f\u00fcr eine entsprechende Petition. Sein Fazit: \u00abEs besteht Hoffnung, dass die Verteidigungsf\u00e4higkeit unserer Milizarmee wieder hergestellt werden kann.\u00bb<\/p>\n<p>Neue Manpower ben\u00f6tigt auch der VSAM. Er sp\u00fcrt wie viele Vereine die \u00dcberalterung und den R\u00fcckgang der Mitglieder. Aktuell bewegt sich diese um die 1500. Mit grossem Engagement werden milit\u00e4rhistorische Themen publiziert und in Vortr\u00e4gen aufgearbeitet, Informationen zu den unterschiedlichsten Objekten und deren Geschichte zusammengetragen sowie Kontakte unter Interessierten vermittelt.<\/p>\n<p>Aktuell laufende Projekte der ehrenamtlichen Mitarbeitenden:<\/p>\n<ul>\n<li>Die umfangreiche Sammlung der Soldatenmarken aus der Zeit des Ersten und Zweiten Weltkrieges werden schrittweise in einem Onlinekatalog aufgearbeitet.<\/li>\n<li>Rund die H\u00e4lfte der \u00fcber 4000 vorhandenen Milit\u00e4rpostkarten ist inventarisiert und digitalisiert und wird via Website der \u00d6ffentlichkeit zug\u00e4nglich gemacht.<\/li>\n<li>Diverse Publikationen \u2013 zum Beispiel zu 125 Motorfahrzeuge der Schweizer Armee oder der Pistolenpatrone 03 \u2013 sind in Arbeit.<\/li>\n<li>Die digitale Wissensdatenbank auf der Website wird laufend durch neue Themen erg\u00e4nzt. J\u00fcngstes Beispiel sind die ersten Kapitel \u00fcber die Geschichte der Struktur, der Ausr\u00fcstung und des Einsatzes der Schweizer Armee.<\/li>\n<\/ul>\n<p>Der Verein unterst\u00fctzt nach Bedarf die Stiftung Historisches Armeematerial (HAM), die die Sammlung Historisches Material in Thun und Burgdorf im Auftrag des VBS respektive der Zentralstelle f\u00fcr Historisches Armeematerial betreut. Der VSAM-Vorstand hofft, dass endlich die seit langem vorliegenden Zusammenarbeitsgrundlagen der beteiligten Partner aktualisiert werden k\u00f6nnen. Das Fehlen einer aktuellen hat in den letzten Jahren \u00f6fters f\u00fcr Spannungen gesorgt, erkl\u00e4rte der Pr\u00e4sident Henri Habegger unumwunden. Es gibt aber Anzeichen f\u00fcr eine L\u00f6sung dieser Konflikte im laufenden Jahr.<\/p>\n<p>\u00a0Nach 25 Jahren Einsatz f\u00fcr den Erhalt des kulturellen Erbes der Schweizer Armee wurde Alexander Hadorn aus dem Vorstand verabschiedet. Neu gew\u00e4hlt wurde Ulrich Stoller, der das Gremium verst\u00e4rken wird \u2013 weitere Interessenten k\u00f6nnen sich gern melden.<\/p>\n<p>&nbsp;<\/p>\n<p>[\/et_pb_text][\/et_pb_column][\/et_pb_row][et_pb_row column_structure=&#8221;1_2,1_2&#8243; _builder_version=&#8221;4.24.3&#8243; _module_preset=&#8221;default&#8221; global_colors_info=&#8221;{}&#8221;][et_pb_column type=&#8221;1_2&#8243; _builder_version=&#8221;4.24.3&#8243; _module_preset=&#8221;default&#8221; global_colors_info=&#8221;{}&#8221;][et_pb_image src=&#8221;https:\/\/armeemuseum.ch\/wp-content\/uploads\/2024\/05\/DSC_1197_075-scaled.jpg&#8221; title_text=&#8221;DSC_1197_075&#8243; _builder_version=&#8221;4.24.3&#8243; _module_preset=&#8221;default&#8221; global_colors_info=&#8221;{}&#8221;][\/et_pb_image][\/et_pb_column][et_pb_column type=&#8221;1_2&#8243; _builder_version=&#8221;4.24.3&#8243; _module_preset=&#8221;default&#8221; global_colors_info=&#8221;{}&#8221;][et_pb_image src=&#8221;https:\/\/armeemuseum.ch\/wp-content\/uploads\/2024\/05\/DSC_1206_071-scaled.jpg&#8221; title_text=&#8221;DSC_1206_071&#8243; _builder_version=&#8221;4.24.3&#8243; _module_preset=&#8221;default&#8221; global_colors_info=&#8221;{}&#8221;][\/et_pb_image][\/et_pb_column][\/et_pb_row][et_pb_row column_structure=&#8221;1_2,1_2&#8243; _builder_version=&#8221;4.24.3&#8243; _module_preset=&#8221;default&#8221; global_colors_info=&#8221;{}&#8221;][et_pb_column type=&#8221;1_2&#8243; _builder_version=&#8221;4.24.3&#8243; _module_preset=&#8221;default&#8221; global_colors_info=&#8221;{}&#8221;][et_pb_image src=&#8221;https:\/\/armeemuseum.ch\/wp-content\/uploads\/2024\/05\/DSC_1212_072-scaled.jpg&#8221; title_text=&#8221;DSC_1212_072&#8243; _builder_version=&#8221;4.24.3&#8243; _module_preset=&#8221;default&#8221; global_colors_info=&#8221;{}&#8221;][\/et_pb_image][\/et_pb_column][et_pb_column type=&#8221;1_2&#8243; _builder_version=&#8221;4.24.3&#8243; _module_preset=&#8221;default&#8221; global_colors_info=&#8221;{}&#8221;][et_pb_image src=&#8221;https:\/\/armeemuseum.ch\/wp-content\/uploads\/2024\/05\/DSC_1214_073-scaled.jpg&#8221; title_text=&#8221;DSC_1214_073&#8243; _builder_version=&#8221;4.24.3&#8243; _module_preset=&#8221;default&#8221; global_colors_info=&#8221;{}&#8221;][\/et_pb_image][\/et_pb_column][\/et_pb_row][et_pb_row column_structure=&#8221;1_2,1_2&#8243; _builder_version=&#8221;4.24.3&#8243; _module_preset=&#8221;default&#8221; global_colors_info=&#8221;{}&#8221;][et_pb_column type=&#8221;1_2&#8243; _builder_version=&#8221;4.24.3&#8243; _module_preset=&#8221;default&#8221; global_colors_info=&#8221;{}&#8221;][et_pb_image src=&#8221;https:\/\/armeemuseum.ch\/wp-content\/uploads\/2024\/05\/DSC_1217_074-scaled.jpg&#8221; title_text=&#8221;DSC_1217_074&#8243; _builder_version=&#8221;4.24.3&#8243; _module_preset=&#8221;default&#8221; global_colors_info=&#8221;{}&#8221;][\/et_pb_image][\/et_pb_column][et_pb_column type=&#8221;1_2&#8243; _builder_version=&#8221;4.24.3&#8243; _module_preset=&#8221;default&#8221; global_colors_info=&#8221;{}&#8221;][et_pb_image src=&#8221;https:\/\/armeemuseum.ch\/wp-content\/uploads\/2024\/05\/DSC_1224_067-scaled.jpg&#8221; title_text=&#8221;DSC_1224_067&#8243; _builder_version=&#8221;4.24.3&#8243; _module_preset=&#8221;default&#8221; global_colors_info=&#8221;{}&#8221;][\/et_pb_image][\/et_pb_column][\/et_pb_row][et_pb_row column_structure=&#8221;1_2,1_2&#8243; _builder_version=&#8221;4.24.3&#8243; _module_preset=&#8221;default&#8221; global_colors_info=&#8221;{}&#8221;][et_pb_column type=&#8221;1_2&#8243; _builder_version=&#8221;4.24.3&#8243; _module_preset=&#8221;default&#8221; global_colors_info=&#8221;{}&#8221;][et_pb_image src=&#8221;https:\/\/armeemuseum.ch\/wp-content\/uploads\/2024\/05\/DSC_1244_090-scaled.jpg&#8221; title_text=&#8221;DSC_1244_090&#8243; _builder_version=&#8221;4.24.3&#8243; _module_preset=&#8221;default&#8221; global_colors_info=&#8221;{}&#8221;][\/et_pb_image][\/et_pb_column][et_pb_column type=&#8221;1_2&#8243; _builder_version=&#8221;4.24.3&#8243; _module_preset=&#8221;default&#8221; global_colors_info=&#8221;{}&#8221;][et_pb_image src=&#8221;https:\/\/armeemuseum.ch\/wp-content\/uploads\/2024\/05\/DSC_1232_078-scaled.jpg&#8221; title_text=&#8221;DSC_1232_078&#8243; _builder_version=&#8221;4.24.3&#8243; _module_preset=&#8221;default&#8221; global_colors_info=&#8221;{}&#8221;][\/et_pb_image][\/et_pb_column][\/et_pb_row][et_pb_row column_structure=&#8221;1_2,1_2&#8243; _builder_version=&#8221;4.24.3&#8243; _module_preset=&#8221;default&#8221; global_colors_info=&#8221;{}&#8221;][et_pb_column type=&#8221;1_2&#8243; _builder_version=&#8221;4.24.3&#8243; _module_preset=&#8221;default&#8221; global_colors_info=&#8221;{}&#8221;][et_pb_image src=&#8221;https:\/\/armeemuseum.ch\/wp-content\/uploads\/2024\/05\/DSC_1238_081-scaled.jpg&#8221; title_text=&#8221;DSC_1238_081&#8243; _builder_version=&#8221;4.24.3&#8243; _module_preset=&#8221;default&#8221; global_colors_info=&#8221;{}&#8221;][\/et_pb_image][\/et_pb_column][et_pb_column type=&#8221;1_2&#8243; _builder_version=&#8221;4.24.3&#8243; _module_preset=&#8221;default&#8221; global_colors_info=&#8221;{}&#8221;][et_pb_image src=&#8221;https:\/\/armeemuseum.ch\/wp-content\/uploads\/2024\/05\/DSC_1253_088-scaled.jpg&#8221; title_text=&#8221;DSC_1253_088&#8243; _builder_version=&#8221;4.24.3&#8243; _module_preset=&#8221;default&#8221; global_colors_info=&#8221;{}&#8221;][\/et_pb_image][\/et_pb_column][\/et_pb_row][et_pb_row _builder_version=&#8221;4.24.3&#8243; _module_preset=&#8221;default&#8221; column_structure=&#8221;1_2,1_2&#8243;][et_pb_column _builder_version=&#8221;4.24.3&#8243; _module_preset=&#8221;default&#8221; type=&#8221;1_2&#8243;][et_pb_image src=&#8221;https:\/\/armeemuseum.ch\/wp-content\/uploads\/2024\/05\/2024-05-11-09.58.12_096-scaled.jpg&#8221; _builder_version=&#8221;4.24.3&#8243; _module_preset=&#8221;default&#8221; title_text=&#8221;2024-05-11 09.58.12_096&#8243; hover_enabled=&#8221;0&#8243; sticky_enabled=&#8221;0&#8243;][\/et_pb_image][\/et_pb_column][et_pb_column _builder_version=&#8221;4.24.3&#8243; _module_preset=&#8221;default&#8221; type=&#8221;1_2&#8243;][et_pb_image src=&#8221;https:\/\/armeemuseum.ch\/wp-content\/uploads\/2024\/05\/2024-05-11-10.32.25_097-scaled.jpg&#8221; _builder_version=&#8221;4.24.3&#8243; _module_preset=&#8221;default&#8221; title_text=&#8221;2024-05-11 10.32.25_097&#8243; hover_enabled=&#8221;0&#8243; sticky_enabled=&#8221;0&#8243;][\/et_pb_image][\/et_pb_column][\/et_pb_row][et_pb_row _builder_version=&#8221;4.24.3&#8243; _module_preset=&#8221;default&#8221; column_structure=&#8221;1_2,1_2&#8243;][et_pb_column _builder_version=&#8221;4.24.3&#8243; _module_preset=&#8221;default&#8221; type=&#8221;1_2&#8243;][et_pb_image src=&#8221;https:\/\/armeemuseum.ch\/wp-content\/uploads\/2024\/05\/2024-05-11-11.33.37_098.jpg&#8221; _builder_version=&#8221;4.24.3&#8243; _module_preset=&#8221;default&#8221; title_text=&#8221;2024-05-11 11.33.37_098&#8243; hover_enabled=&#8221;0&#8243; sticky_enabled=&#8221;0&#8243;][\/et_pb_image][\/et_pb_column][et_pb_column _builder_version=&#8221;4.24.3&#8243; _module_preset=&#8221;default&#8221; type=&#8221;1_2&#8243;][et_pb_image src=&#8221;https:\/\/armeemuseum.ch\/wp-content\/uploads\/2024\/05\/2024-05-11-11.42.43_100-scaled.jpg&#8221; _builder_version=&#8221;4.24.3&#8243; _module_preset=&#8221;default&#8221; title_text=&#8221;2024-05-11 11.42.43_100&#8243; hover_enabled=&#8221;0&#8243; sticky_enabled=&#8221;0&#8243;][\/et_pb_image][\/et_pb_column][\/et_pb_row][et_pb_row _builder_version=&#8221;4.24.3&#8243; _module_preset=&#8221;default&#8221; column_structure=&#8221;1_2,1_2&#8243;][et_pb_column _builder_version=&#8221;4.24.3&#8243; _module_preset=&#8221;default&#8221; type=&#8221;1_2&#8243;][et_pb_image src=&#8221;https:\/\/armeemuseum.ch\/wp-content\/uploads\/2024\/05\/2024-05-11-09.26.39_095-scaled.jpg&#8221; _builder_version=&#8221;4.24.3&#8243; _module_preset=&#8221;default&#8221; title_text=&#8221;2024-05-11 09.26.39_095&#8243; hover_enabled=&#8221;0&#8243; sticky_enabled=&#8221;0&#8243;][\/et_pb_image][\/et_pb_column][et_pb_column _builder_version=&#8221;4.24.3&#8243; _module_preset=&#8221;default&#8221; type=&#8221;1_2&#8243;][et_pb_image src=&#8221;https:\/\/armeemuseum.ch\/wp-content\/uploads\/2024\/05\/2024-05-11-09.26.27_094-scaled.jpg&#8221; _builder_version=&#8221;4.24.3&#8243; _module_preset=&#8221;default&#8221; title_text=&#8221;2024-05-11 09.26.27_094&#8243; hover_enabled=&#8221;0&#8243; sticky_enabled=&#8221;0&#8243;][\/et_pb_image][\/et_pb_column][\/et_pb_row][et_pb_row _builder_version=&#8221;4.24.3&#8243; _module_preset=&#8221;default&#8221; column_structure=&#8221;1_2,1_2&#8243; custom_margin=&#8221;|auto|-40px|auto||&#8221;][et_pb_column _builder_version=&#8221;4.24.3&#8243; _module_preset=&#8221;default&#8221; type=&#8221;1_2&#8243;][et_pb_image src=&#8221;https:\/\/armeemuseum.ch\/wp-content\/uploads\/2024\/05\/2024-05-11-09.26.15_092-scaled.jpg&#8221; _builder_version=&#8221;4.24.3&#8243; _module_preset=&#8221;default&#8221; title_text=&#8221;2024-05-11 09.26.15_092&#8243; hover_enabled=&#8221;0&#8243; sticky_enabled=&#8221;0&#8243;][\/et_pb_image][\/et_pb_column][et_pb_column _builder_version=&#8221;4.24.3&#8243; _module_preset=&#8221;default&#8221; type=&#8221;1_2&#8243;][et_pb_image src=&#8221;https:\/\/armeemuseum.ch\/wp-content\/uploads\/2024\/05\/2024-05-11-09.26.21_093-scaled.jpg&#8221; _builder_version=&#8221;4.24.3&#8243; _module_preset=&#8221;default&#8221; title_text=&#8221;2024-05-11 09.26.21_093&#8243; hover_enabled=&#8221;0&#8243; sticky_enabled=&#8221;0&#8243;][\/et_pb_image][\/et_pb_column][\/et_pb_row][et_pb_row _builder_version=&#8221;4.24.3&#8243; _module_preset=&#8221;default&#8221; global_colors_info=&#8221;{}&#8221;][et_pb_column type=&#8221;4_4&#8243; _builder_version=&#8221;4.24.3&#8243; _module_preset=&#8221;default&#8221; global_colors_info=&#8221;{}&#8221;][et_pb_text _builder_version=&#8221;4.24.3&#8243; _module_preset=&#8221;default&#8221; hover_enabled=&#8221;0&#8243; global_colors_info=&#8221;{}&#8221; sticky_enabled=&#8221;0&#8243;]<\/p>\n<p style=\"text-align: right;\">Fotos: <br \/>Thomas Wermelinger<br \/>Marc-Philippe M\u00fcller<\/p>\n<p>[\/et_pb_text][\/et_pb_column][\/et_pb_row][\/et_pb_section]<\/p>\n","protected":false},"excerpt":{"rendered":"<p>Mitgliedervesammlung 2024 11. Mai 2024Grosses Engagement f\u00fcr die Schweizer Armee Am Samstag, 11. Mai 2024, legte der Vorstand des Vereins Schweizer Armeemuseum (VSAM) in Thun Rechenschaft \u00fcber seine T\u00e4tigkeit ab. Der R\u00fcck- und Ausblick zeigte, wie vielf\u00e4ltig die Arbeiten sind \u2013 und wobei Unterst\u00fctzung gefragt ist. \u00a0Die aktuelle weltpolitische Lage sowie die Situation der Schweizer [&hellip;]<\/p>\n","protected":false},"author":2,"featured_media":0,"comment_status":"closed","ping_status":"open","sticky":false,"template":"","format":"standard","meta":{"_et_pb_use_builder":"on","_et_pb_old_content":"","_et_gb_content_width":"","footnotes":""},"categories":[739],"tags":[],"class_list":["post-48011","post","type-post","status-publish","format-standard","hentry","category-news-2024"],"_links":{"self":[{"href":"https:\/\/armeemuseum.ch\/it\/wp-json\/wp\/v2\/posts\/48011","targetHints":{"allow":["GET"]}}],"collection":[{"href":"https:\/\/armeemuseum.ch\/it\/wp-json\/wp\/v2\/posts"}],"about":[{"href":"https:\/\/armeemuseum.ch\/it\/wp-json\/wp\/v2\/types\/post"}],"author":[{"embeddable":true,"href":"https:\/\/armeemuseum.ch\/it\/wp-json\/wp\/v2\/users\/2"}],"replies":[{"embeddable":true,"href":"https:\/\/armeemuseum.ch\/it\/wp-json\/wp\/v2\/comments?post=48011"}],"version-history":[{"count":8,"href":"https:\/\/armeemuseum.ch\/it\/wp-json\/wp\/v2\/posts\/48011\/revisions"}],"predecessor-version":[{"id":48114,"href":"https:\/\/armeemuseum.ch\/it\/wp-json\/wp\/v2\/posts\/48011\/revisions\/48114"}],"wp:attachment":[{"href":"https:\/\/armeemuseum.ch\/it\/wp-json\/wp\/v2\/media?parent=48011"}],"wp:term":[{"taxonomy":"category","embeddable":true,"href":"https:\/\/armeemuseum.ch\/it\/wp-json\/wp\/v2\/categories?post=48011"},{"taxonomy":"post_tag","embeddable":true,"href":"https:\/\/armeemuseum.ch\/it\/wp-json\/wp\/v2\/tags?post=48011"}],"curies":[{"name":"wp","href":"https:\/\/api.w.org\/{rel}","templated":true}]}}