{"id":47083,"date":"2024-01-21T19:38:27","date_gmt":"2024-01-21T18:38:27","guid":{"rendered":"https:\/\/www.armeemuseum.ch\/?p=47083"},"modified":"2024-02-01T16:34:57","modified_gmt":"2024-02-01T15:34:57","slug":"47083","status":"publish","type":"post","link":"https:\/\/armeemuseum.ch\/it\/47083\/","title":{"rendered":"Das Labor Spiez &#8211; Vorschau"},"content":{"rendered":"<p>[et_pb_section fb_built=&#8221;1&#8243; _builder_version=&#8221;4.23.4&#8243; _module_preset=&#8221;default&#8221; global_colors_info=&#8221;{}&#8221;][et_pb_row column_structure=&#8221;3_5,2_5&#8243; _builder_version=&#8221;4.23.4&#8243; _module_preset=&#8221;default&#8221; custom_margin=&#8221;|auto|-93px|auto||&#8221; global_colors_info=&#8221;{}&#8221;][et_pb_column type=&#8221;3_5&#8243; _builder_version=&#8221;4.23.4&#8243; _module_preset=&#8221;default&#8221; global_colors_info=&#8221;{}&#8221;][et_pb_text _builder_version=&#8221;4.23.4&#8243; _module_preset=&#8221;default&#8221; global_colors_info=&#8221;{}&#8221;]<\/p>\n<p><strong>Das Labor Spiez: Aufgaben und T\u00e4tigkeiten<\/strong><\/p>\n<p>Vorschau auf den Vortrag vom 31. Januar 2024<\/p>\n<p>[\/et_pb_text][\/et_pb_column][et_pb_column type=&#8221;2_5&#8243; _builder_version=&#8221;4.23.4&#8243; _module_preset=&#8221;default&#8221; global_colors_info=&#8221;{}&#8221;][et_pb_image src=&#8221;https:\/\/armeemuseum.ch\/wp-content\/uploads\/2020\/06\/Logo-VSAM-komprimiert-5.jpg&#8221; title_text=&#8221;Einfaches CMYK&#8221; _builder_version=&#8221;4.23.4&#8243; _module_preset=&#8221;default&#8221; global_colors_info=&#8221;{}&#8221;][\/et_pb_image][\/et_pb_column][\/et_pb_row][\/et_pb_section][et_pb_section fb_built=&#8221;1&#8243; _builder_version=&#8221;4.23.4&#8243; _module_preset=&#8221;default&#8221; min_height=&#8221;545.8px&#8221; global_colors_info=&#8221;{}&#8221;][et_pb_row _builder_version=&#8221;4.23.4&#8243; _module_preset=&#8221;default&#8221; custom_margin=&#8221;|auto|-92px|auto||&#8221; global_colors_info=&#8221;{}&#8221;][et_pb_column type=&#8221;4_4&#8243; _builder_version=&#8221;4.23.4&#8243; _module_preset=&#8221;default&#8221; global_colors_info=&#8221;{}&#8221;][et_pb_text _builder_version=&#8221;4.23.4&#8243; _module_preset=&#8221;default&#8221; hover_enabled=&#8221;0&#8243; global_colors_info=&#8221;{}&#8221; sticky_enabled=&#8221;0&#8243;]<\/p>\n<h2><strong>Ein Blick in das Labor Spiez<\/strong><\/h2>\n<h4><strong>Vorschau auf den Vortrag vom 31. Januar 2024<\/strong><\/h4>\n<p><strong>Der Verein Schweizer Armeemuseum (VSAM) startet seine Vortragsserie 2024 mit einem Referat \u00fcber eine im Berner Oberland beheimatete Organisation des Bundes, die nicht nur im Inland aktiv ist, sondern sich weltweit f\u00fcr die Abr\u00fcstung von Massenvernichtungswaffen einsetzt.<\/strong><\/p>\n<p>Als Eidgen\u00f6ssisches Institut f\u00fcr ABC-Schutz unterst\u00fctzt das Labor Spiez seine Schweizer Partner beim Schutz der Bev\u00f6lkerung sowie internationale Organisationen bei der Abr\u00fcstung von Massenvernichtungswaffen. Der physische Zugang ist aus verst\u00e4ndlichen Gr\u00fcnden strikt geregelt, da dort unter anderem mit hochtoxischen Gefahrenstoffen gearbeitet und geforscht wird.<\/p>\n<p>Am 31. Januar wird deshalb Dr. Kurt M\u00fcnger, Chef Leitungsaufgaben Labor Spiez, die Aufgaben und T\u00e4tigkeiten des Labors im Wandel der Zeit in einem Vortrag aufzeigen. Zentrale Aufgaben sind beispielsweise die Erarbeitung und Sicherung von wissenschaftlich-technischer Expertise f\u00fcr den ABC-Schutz und Bereitstellung von Laborleistungen und Pr\u00fcfmittel f\u00fcr den ABC-Schutz. Das Labor unterst\u00fctzt die Partnerorganisationen des Bev\u00f6lkerungsschutzes bei der Vorsorge und Bew\u00e4ltigung von ABC-Ereignissen und stellt in Zusammenarbeit mit dem Kompetenzzentrum ABC-KAMIR der Armee die Einsatzbereitschaft von Messmitteln des ABC-Zentrums Spiez sicher.<\/p>\n<p>Unterst\u00fctzt werden sowohl die nationalen Beh\u00f6rden als auch internationale Organisationen bei der Umsetzung und Weiterentwicklung von R\u00fcstungskontroll- und Nonproliferationsabkommen im Bereich ABC-Waffen. Alle diese T\u00e4tigkeiten stehen im Dienst der Vision des Labor Spiez: Eine Welt ohne Massenvernichtungswaffen.<\/p>\n<p><u>Treffpunkt:<\/u> Mittwoch, 31. Januar 2024, 18.45 Uhr, auf dem Parkplatz der ehemaligen Soldatenstube 3 Tannen an der Allmendstrasse in Thun (Einweisung). Anreise mit dem \u00f6ffentlichen Verkehr ab Bahnhof Thun mit Buslinie 4 bis Haltestelle Kleine Allmend. Beginn 19 Uhr.<\/p>\n<p>[\/et_pb_text][\/et_pb_column][\/et_pb_row][\/et_pb_section][et_pb_section fb_built=&#8221;1&#8243; _builder_version=&#8221;4.23.4&#8243; _module_preset=&#8221;default&#8221; global_colors_info=&#8221;{}&#8221;][et_pb_row _builder_version=&#8221;4.23.4&#8243; _module_preset=&#8221;default&#8221; custom_margin=&#8221;|auto|-67px|auto||&#8221; global_colors_info=&#8221;{}&#8221;][et_pb_column type=&#8221;4_4&#8243; _builder_version=&#8221;4.23.4&#8243; _module_preset=&#8221;default&#8221; global_colors_info=&#8221;{}&#8221;][et_pb_image src=&#8221;https:\/\/armeemuseum.ch\/wp-content\/uploads\/2024\/01\/Bild1-Labor-Spiez-1.jpg&#8221; title_text=&#8221;Bild1-Labor Spiez 1&#8243; _builder_version=&#8221;4.23.4&#8243; _module_preset=&#8221;default&#8221; global_colors_info=&#8221;{}&#8221;][\/et_pb_image][\/et_pb_column][\/et_pb_row][et_pb_row _builder_version=&#8221;4.23.4&#8243; _module_preset=&#8221;default&#8221; global_colors_info=&#8221;{}&#8221;][et_pb_column type=&#8221;4_4&#8243; _builder_version=&#8221;4.23.4&#8243; _module_preset=&#8221;default&#8221; global_colors_info=&#8221;{}&#8221;][et_pb_text _builder_version=&#8221;4.23.4&#8243; _module_preset=&#8221;default&#8221; global_colors_info=&#8221;{}&#8221;]<\/p>\n<p>Das Labor Spiez, ein geheimnisvoller Ort. \u00a9 zvg<\/p>\n<p>[\/et_pb_text][\/et_pb_column][\/et_pb_row][et_pb_row _builder_version=&#8221;4.23.4&#8243; _module_preset=&#8221;default&#8221; custom_margin=&#8221;|auto|-104px|auto||&#8221; global_colors_info=&#8221;{}&#8221;][et_pb_column type=&#8221;4_4&#8243; _builder_version=&#8221;4.23.4&#8243; _module_preset=&#8221;default&#8221; global_colors_info=&#8221;{}&#8221;][et_pb_image src=&#8221;https:\/\/armeemuseum.ch\/wp-content\/uploads\/2024\/01\/Bild2-Labor-Spiez-2.jpg&#8221; title_text=&#8221;Bild2-Labor Spiez 2&#8243; _builder_version=&#8221;4.23.4&#8243; _module_preset=&#8221;default&#8221; global_colors_info=&#8221;{}&#8221;][\/et_pb_image][\/et_pb_column][\/et_pb_row][et_pb_row _builder_version=&#8221;4.23.4&#8243; _module_preset=&#8221;default&#8221; global_colors_info=&#8221;{}&#8221;][et_pb_column type=&#8221;4_4&#8243; _builder_version=&#8221;4.23.4&#8243; _module_preset=&#8221;default&#8221; global_colors_info=&#8221;{}&#8221;][et_pb_text _builder_version=&#8221;4.23.4&#8243; _module_preset=&#8221;default&#8221; global_colors_info=&#8221;{}&#8221;]<\/p>\n<p>Forschung ist ein wichtiger Teil der Arbeiten des Labors. \u00a9 ZV<\/p>\n<p>[\/et_pb_text][\/et_pb_column][\/et_pb_row][\/et_pb_section]<\/p>\n","protected":false},"excerpt":{"rendered":"<p>Das Labor Spiez: Aufgaben und T\u00e4tigkeiten Vorschau auf den Vortrag vom 31. Januar 2024Ein Blick in das Labor Spiez Vorschau auf den Vortrag vom 31. Januar 2024 Der Verein Schweizer Armeemuseum (VSAM) startet seine Vortragsserie 2024 mit einem Referat \u00fcber eine im Berner Oberland beheimatete Organisation des Bundes, die nicht nur im Inland aktiv ist, [&hellip;]<\/p>\n","protected":false},"author":2,"featured_media":0,"comment_status":"closed","ping_status":"open","sticky":false,"template":"","format":"standard","meta":{"_et_pb_use_builder":"on","_et_pb_old_content":"","_et_gb_content_width":"","footnotes":""},"categories":[739],"tags":[],"class_list":["post-47083","post","type-post","status-publish","format-standard","hentry","category-news-2024"],"_links":{"self":[{"href":"https:\/\/armeemuseum.ch\/it\/wp-json\/wp\/v2\/posts\/47083","targetHints":{"allow":["GET"]}}],"collection":[{"href":"https:\/\/armeemuseum.ch\/it\/wp-json\/wp\/v2\/posts"}],"about":[{"href":"https:\/\/armeemuseum.ch\/it\/wp-json\/wp\/v2\/types\/post"}],"author":[{"embeddable":true,"href":"https:\/\/armeemuseum.ch\/it\/wp-json\/wp\/v2\/users\/2"}],"replies":[{"embeddable":true,"href":"https:\/\/armeemuseum.ch\/it\/wp-json\/wp\/v2\/comments?post=47083"}],"version-history":[{"count":7,"href":"https:\/\/armeemuseum.ch\/it\/wp-json\/wp\/v2\/posts\/47083\/revisions"}],"predecessor-version":[{"id":47172,"href":"https:\/\/armeemuseum.ch\/it\/wp-json\/wp\/v2\/posts\/47083\/revisions\/47172"}],"wp:attachment":[{"href":"https:\/\/armeemuseum.ch\/it\/wp-json\/wp\/v2\/media?parent=47083"}],"wp:term":[{"taxonomy":"category","embeddable":true,"href":"https:\/\/armeemuseum.ch\/it\/wp-json\/wp\/v2\/categories?post=47083"},{"taxonomy":"post_tag","embeddable":true,"href":"https:\/\/armeemuseum.ch\/it\/wp-json\/wp\/v2\/tags?post=47083"}],"curies":[{"name":"wp","href":"https:\/\/api.w.org\/{rel}","templated":true}]}}