{"id":32608,"date":"2019-06-26T08:54:43","date_gmt":"2019-06-26T07:54:43","guid":{"rendered":"https:\/\/www.armeemuseum.ch\/?p=32608"},"modified":"2019-07-11T17:54:48","modified_gmt":"2019-07-11T16:54:48","slug":"autobusse-der-schweizer-armee","status":"publish","type":"post","link":"https:\/\/armeemuseum.ch\/it\/autobusse-der-schweizer-armee\/","title":{"rendered":"Autobusse der Schweizer Armee Vorschau"},"content":{"rendered":"<p>[et_pb_section bb_built=&#8221;1&#8243; admin_label=&#8221;section&#8221;][et_pb_row admin_label=&#8221;row&#8221;][et_pb_column type=&#8221;2_3&#8243;][et_pb_text admin_label=&#8221;Text&#8221; background_layout=&#8221;light&#8221; text_orientation=&#8221;left&#8221; use_border_color=&#8221;off&#8221; border_color=&#8221;#ffffff&#8221; border_style=&#8221;solid&#8221;]<\/p>\n<h2><strong>Autobusse der Schweizer Armee<\/strong><\/h2>\n<h4>Vorschau auf den Vortrag vom 10. Juli 2019 in Burgdorf<\/h4>\n<p>[\/et_pb_text][\/et_pb_column][et_pb_column type=&#8221;1_3&#8243;][et_pb_image admin_label=&#8221;Bild&#8221; src=&#8221;https:\/\/armeemuseum.ch\/wp-content\/uploads\/2019\/04\/Logo-VSAM-komprimiert-1.jpg&#8221; show_in_lightbox=&#8221;off&#8221; url_new_window=&#8221;off&#8221; use_overlay=&#8221;off&#8221; animation=&#8221;left&#8221; sticky=&#8221;off&#8221; align=&#8221;left&#8221; force_fullwidth=&#8221;off&#8221; always_center_on_mobile=&#8221;on&#8221; use_border_color=&#8221;off&#8221; border_color=&#8221;#ffffff&#8221; border_style=&#8221;solid&#8221; \/][\/et_pb_column][\/et_pb_row][et_pb_row admin_label=&#8221;Zeile&#8221;][et_pb_column type=&#8221;4_4&#8243;][et_pb_text admin_label=&#8221;Text&#8221; background_layout=&#8221;light&#8221; text_orientation=&#8221;left&#8221; use_border_color=&#8221;off&#8221; border_color=&#8221;#ffffff&#8221; border_style=&#8221;solid&#8221;]<\/p>\n<h3><strong>Autobusse &#8211; mit und ohne Tarnfarben<\/strong><\/h3>\n<p>Die Geschichte der Autobusse der Armee l\u00e4sst sich in drei Epochen einteilen. Nach dem ersten Weltkrieg bis hinein in die 70er Jahre wurden in kleinen St\u00fcckzahlen bei den Schweizer Herstellern Saurer, Berna und FBW auf die Bed\u00fcrfnisse der Armee zugeschnittene Busse bestellt, in der gleichen Lackierung wie auch die Milit\u00e4rlastwagen der damaligen Zeit.\u00a0 Ab den 70er-Jahren wurden dann gut erhaltene Gebrauchtbusse von Privatunternehmen \u00fcbernommen und mit kleinen \u00c4nderungen in der Armee eingesetzt, haupts\u00e4chlich beim Armeespiel oder f\u00fcr spezielle Anl\u00e4sse der Truppe.<\/p>\n<p>Ab dem Jahr 2000 nun werden periodisch im Rahmen des R\u00fcstungsprogramms neue Busse beschafft, Sicherheit, wirtschaftliche Kriterien und Umweltargumente spielen dabei eine wichtige Rolle.<\/p>\n<p>Der Vortrag vom 10. Juli gibt einen Ueberblick \u00fcber die ehemaligen und aktuellen Busse der Eidgenossenschaft.<\/p>\n<p><strong>Referenten<\/strong>: Markus Hofmann und Max Martin<\/p>\n<p><strong>Durchf\u00fchrung<\/strong>: Mittwoch 10. Juli 2019, AMP Burgdorf, Treffpunkt 18.50 Uhr vor dem Eingangstor (Milit\u00e4rstrasse)<\/p>\n<p>[\/et_pb_text][et_pb_blurb admin_label=&#8221;Informationstext&#8221; title=&#8221;Berna L4U, 5 Fahrzeuge 1951 beschafft.&#8221; url_new_window=&#8221;off&#8221; use_icon=&#8221;off&#8221; icon_color=&#8221;#7EBEC5&#8243; use_circle=&#8221;off&#8221; circle_color=&#8221;#7EBEC5&#8243; use_circle_border=&#8221;off&#8221; circle_border_color=&#8221;#7EBEC5&#8243; image=&#8221;https:\/\/armeemuseum.ch\/wp-content\/uploads\/2019\/06\/Berna-L4U.jpg&#8221; icon_placement=&#8221;top&#8221; animation=&#8221;top&#8221; background_layout=&#8221;light&#8221; text_orientation=&#8221;left&#8221; use_icon_font_size=&#8221;off&#8221; use_border_color=&#8221;off&#8221; border_color=&#8221;#ffffff&#8221; border_style=&#8221;solid&#8221; \/][et_pb_blurb admin_label=&#8221;Informationstext&#8221; title=&#8221;Van Hool Astromega, das Flaggschiff der Busse der Eidgenossenschaft, 2 Fahrzeuge beschafft 2016.&#8221; url_new_window=&#8221;off&#8221; use_icon=&#8221;off&#8221; icon_color=&#8221;#7EBEC5&#8243; use_circle=&#8221;off&#8221; circle_color=&#8221;#7EBEC5&#8243; use_circle_border=&#8221;off&#8221; circle_border_color=&#8221;#7EBEC5&#8243; image=&#8221;https:\/\/armeemuseum.ch\/wp-content\/uploads\/2019\/06\/VanHool-3achser-vor-Bundeshaus-Copyright-Hersteller-2.jpg&#8221; icon_placement=&#8221;top&#8221; animation=&#8221;top&#8221; background_layout=&#8221;light&#8221; text_orientation=&#8221;left&#8221; use_icon_font_size=&#8221;off&#8221; use_border_color=&#8221;off&#8221; border_color=&#8221;#ffffff&#8221; border_style=&#8221;solid&#8221; \/][\/et_pb_column][\/et_pb_row][\/et_pb_section]<\/p>\n","protected":false},"excerpt":{"rendered":"<p>Autobusse der Schweizer Armee Vorschau auf den Vortrag vom 10. Juli 2019 in Burgdorf Autobusse &#8211; mit und ohne Tarnfarben Die Geschichte der Autobusse der Armee l\u00e4sst sich in drei Epochen einteilen. Nach dem ersten Weltkrieg bis hinein in die 70er Jahre wurden in kleinen St\u00fcckzahlen bei den Schweizer Herstellern Saurer, Berna und FBW auf [&hellip;]<\/p>\n","protected":false},"author":2,"featured_media":0,"comment_status":"closed","ping_status":"open","sticky":false,"template":"","format":"standard","meta":{"_et_pb_use_builder":"on","_et_pb_old_content":"","_et_gb_content_width":"","footnotes":""},"categories":[692],"tags":[],"class_list":["post-32608","post","type-post","status-publish","format-standard","hentry","category-news-2019"],"_links":{"self":[{"href":"https:\/\/armeemuseum.ch\/it\/wp-json\/wp\/v2\/posts\/32608","targetHints":{"allow":["GET"]}}],"collection":[{"href":"https:\/\/armeemuseum.ch\/it\/wp-json\/wp\/v2\/posts"}],"about":[{"href":"https:\/\/armeemuseum.ch\/it\/wp-json\/wp\/v2\/types\/post"}],"author":[{"embeddable":true,"href":"https:\/\/armeemuseum.ch\/it\/wp-json\/wp\/v2\/users\/2"}],"replies":[{"embeddable":true,"href":"https:\/\/armeemuseum.ch\/it\/wp-json\/wp\/v2\/comments?post=32608"}],"version-history":[{"count":6,"href":"https:\/\/armeemuseum.ch\/it\/wp-json\/wp\/v2\/posts\/32608\/revisions"}],"predecessor-version":[{"id":32684,"href":"https:\/\/armeemuseum.ch\/it\/wp-json\/wp\/v2\/posts\/32608\/revisions\/32684"}],"wp:attachment":[{"href":"https:\/\/armeemuseum.ch\/it\/wp-json\/wp\/v2\/media?parent=32608"}],"wp:term":[{"taxonomy":"category","embeddable":true,"href":"https:\/\/armeemuseum.ch\/it\/wp-json\/wp\/v2\/categories?post=32608"},{"taxonomy":"post_tag","embeddable":true,"href":"https:\/\/armeemuseum.ch\/it\/wp-json\/wp\/v2\/tags?post=32608"}],"curies":[{"name":"wp","href":"https:\/\/api.w.org\/{rel}","templated":true}]}}