{"id":2422,"date":"2009-05-16T12:43:55","date_gmt":"2009-05-16T11:43:55","guid":{"rendered":"http:\/\/test.armeemuseum.ch\/?page_id=2422"},"modified":"2017-02-02T19:28:50","modified_gmt":"2017-02-02T18:28:50","slug":"das-sackmesser-ein-werkzug-wird-kult","status":"publish","type":"post","link":"https:\/\/armeemuseum.ch\/it\/das-sackmesser-ein-werkzug-wird-kult\/","title":{"rendered":"DAS SACKMESSER \u2013 Ein Werkzug wird Kult"},"content":{"rendered":"<p>[et_pb_section admin_label=&#8221;section&#8221;][et_pb_row admin_label=&#8221;row&#8221;][et_pb_column type=&#8221;2_3&#8243;][et_pb_text admin_label=&#8221;Text&#8221; background_layout=&#8221;light&#8221; text_orientation=&#8221;left&#8221; use_border_color=&#8221;off&#8221; border_color=&#8221;#ffffff&#8221; border_style=&#8221;solid&#8221;]<\/p>\n<h2><strong>DAS SACKMESSER \u2013 Ein Werkzug wird Kult<\/strong><\/h2>\n<h4>Sonderausstellung im Forum der Schweizer Geschichte, Schwyz<\/h4>\n<p>[\/et_pb_text][\/et_pb_column][et_pb_column type=&#8221;1_3&#8243;][et_pb_image admin_label=&#8221;Bild&#8221; src=&#8221;https:\/\/armeemuseum.ch\/wp-content\/uploads\/2016\/06\/Logo-VSAM-komprimiert-1.jpg&#8221; show_in_lightbox=&#8221;off&#8221; url_new_window=&#8221;off&#8221; use_overlay=&#8221;off&#8221; animation=&#8221;left&#8221; sticky=&#8221;off&#8221; align=&#8221;left&#8221; force_fullwidth=&#8221;off&#8221; always_center_on_mobile=&#8221;on&#8221; use_border_color=&#8221;off&#8221; border_color=&#8221;#ffffff&#8221; border_style=&#8221;solid&#8221; \/][\/et_pb_column][\/et_pb_row][et_pb_row admin_label=&#8221;Zeile&#8221;][et_pb_column type=&#8221;4_4&#8243;][et_pb_text admin_label=&#8221;Text&#8221; background_layout=&#8221;light&#8221; text_orientation=&#8221;left&#8221; use_border_color=&#8221;off&#8221; border_color=&#8221;#ffffff&#8221; border_style=&#8221;solid&#8221;]<\/p>\n<p class=\"bodytext\">Zum 125. Jubil\u00e4um des Traditionsunternehmens Victorinox zeigt das Forum der Schweizer Geschichte in Schwyz vom 16. Mai bis 18. Oktober 2009 die Sonderausstellung \u00abDAS SACKMESSER \u2013 Ein Werkzug wird Kult\u00bb. Weltweit als \u201eSwiss Army Knife\u201c bekannt, ist das rote Sackmesser mit dem Schweizerkreuz vom unersetzbaren Werkzeug zum Kultobjekt der mobilen Freizeitgesellschaft geworden. Die Ausstellung pr\u00e4sentiert die Vielfalt an historischen Klappmessern und geht auf die Gr\u00fcndung und Entwicklung der Messerfabrik Karl Elsener in Ibach bei Schwyz ein.<\/p>\n<p class=\"bodytext\">Angelegt als themenzentrierter Parcours, widmet sich die Ausstellung der kulturgeschichtlichen Herkunft des Klappmessers. Neben den fr\u00fchen Messern aus der Jungsteinzeit und der Bronzezeit finden Besucherinnen und Besucher in der Ausstellung eine Vielzahl an Vorg\u00e4ngern des heutigen Klappmessers: R\u00f6mische Einschlagmesser, sp\u00e4tgotische Klappmesser, Bajonette, Schweizerdolche, Bauermesser, Drudenmesser, Federmesser, Feuerschlagmesser, spanische \u00abNavajas\u00bb, Prunkhippen oder Reitermesser. Die vertiefte Besch\u00e4ftigung mit dem Klappmesser er\u00f6ffnet ein weites Feld unserer Kulturgeschichte. In der Ausstellung entdecken Besucherinnen und Besucher, was ein Drudenmesser ist, wozu ein Fuhrmannsbesteck dient, wer einst ein Federmesser ben\u00fctzte oder ein \u00abColtello d\u2019Amore\u00bb besass.<\/p>\n<p class=\"bodytext\">Ein weiteres zentrales Thema des Parcours ist die Gr\u00fcndung der Messerfabrik Karl Elsener (heute Victorinox) in Ibach-Schwyz. Die Ausstellung zeigt die Erfolgsgeschichte der Firma Victorinox auf und beleuchtet innovative Aspekte der Messerproduktion. Schliesslich veranschaulicht sie, wie fremde Firmen f\u00fcr ihre Werbung vom Image des roten Sackmessers profitieren und welche Rolle es in Kunst und Design spielt.<\/p>\n<p class=\"bodytext\">Soldatenmesser<br \/>\nEin gutes Messer oder ein Dolch war stets treuer Begleiter des Soldaten, ob als Waffe, Werkzeug oder als Essbesteck. Als Vorl\u00e4ufer des modernen Soldatenmessers kann der Schweizerdolch mit kunstvoll verzierter Scheide und darin eingestecktem Besteck \u2013 Messerchen und Pfriem \u2013 aus dem 16. Jahrhundert gelten.<br \/>\n1889 f\u00fchrt die Armee ein neues Gewehr ein, f\u00fcr dessen Wartung man einen Schraubenzieher ben\u00f6tigt. Gleichzeitig gewinnt die Verpflegung mit B\u00fcchsenkonserven an Bedeutung, und so dr\u00e4ngt sich die Anschaffung eines kombinierten Werkzeuges auf. Das Jahr 1890 gilt als Geburtsjahr des modernen Soldatenmessers. Zwischen zwei Eichenholzschalen sind Messer, Schraubenzieher, Konservendosen\u00f6ffner und Ahle eingeklappt. Im Verlauf der Jahre erf\u00e4hrt das urspr\u00fcngliche Modell verschiedene \u00c4nderungen wie die Reduktion der anf\u00e4nglich etwas unf\u00f6rmigen Dimensionen, der Wechsel von Eichenholzschalen auf Fiber oder Metall sowie die Verwendung von rostfreiem Stahl. Der grosse Erfolg und die \u00fcberzeugende Qualit\u00e4t des Soldatenmessers veranlassen auch andere Staaten, f\u00fcr ihre Soldaten Messer aus Ibach zu beziehen. Seit diesem Jahr wird ein neues Modell an die Rekruten abgegeben.<\/p>\n<p>[\/et_pb_text][\/et_pb_column][\/et_pb_row][et_pb_row admin_label=&#8221;Zeile&#8221;][et_pb_column type=&#8221;1_2&#8243;][et_pb_team_member admin_label=&#8221;Person&#8221; name=&#8221;Soldatenmesser 1891&#8243; image_url=&#8221;https:\/\/armeemuseum.ch\/wp-content\/uploads\/2016\/06\/Soldatenmesser_1891.jpg&#8221; animation=&#8221;off&#8221; background_layout=&#8221;light&#8221; use_border_color=&#8221;off&#8221; border_color=&#8221;#ffffff&#8221; border_style=&#8221;solid&#8221;] [\/et_pb_team_member][et_pb_team_member admin_label=&#8221;Person&#8221; name=&#8221;Schweizerdolch&#8221; image_url=&#8221;https:\/\/armeemuseum.ch\/wp-content\/uploads\/2016\/06\/Schweizerdolch.jpg&#8221; animation=&#8221;off&#8221; background_layout=&#8221;light&#8221; use_border_color=&#8221;off&#8221; border_color=&#8221;#ffffff&#8221; border_style=&#8221;solid&#8221;] [\/et_pb_team_member][\/et_pb_column][et_pb_column type=&#8221;1_2&#8243;][et_pb_team_member admin_label=&#8221;Person&#8221; name=&#8221;SwissChamp 2009&#8243; image_url=&#8221;https:\/\/armeemuseum.ch\/wp-content\/uploads\/2016\/06\/SwissChamp.jpg&#8221; animation=&#8221;off&#8221; background_layout=&#8221;light&#8221; use_border_color=&#8221;off&#8221; border_color=&#8221;#ffffff&#8221; border_style=&#8221;solid&#8221;] [\/et_pb_team_member][et_pb_team_member admin_label=&#8221;Person&#8221; name=&#8221;Revolvermesser&#8221; image_url=&#8221;https:\/\/armeemuseum.ch\/wp-content\/uploads\/2016\/06\/Revolvermesser.jpg&#8221; animation=&#8221;off&#8221; background_layout=&#8221;light&#8221; use_border_color=&#8221;off&#8221; border_color=&#8221;#ffffff&#8221; border_style=&#8221;solid&#8221;] [\/et_pb_team_member][\/et_pb_column][\/et_pb_row][\/et_pb_section]<\/p>\n","protected":false},"excerpt":{"rendered":"<p>DAS SACKMESSER \u2013 Ein Werkzug wird Kult Sonderausstellung im Forum der Schweizer Geschichte, Schwyz Zum 125. Jubil\u00e4um des Traditionsunternehmens Victorinox zeigt das Forum der Schweizer Geschichte in Schwyz vom 16. Mai bis 18. Oktober 2009 die Sonderausstellung \u00abDAS SACKMESSER \u2013 Ein Werkzug wird Kult\u00bb. Weltweit als \u201eSwiss Army Knife\u201c bekannt, ist das rote Sackmesser mit [&hellip;]<\/p>\n","protected":false},"author":2,"featured_media":0,"comment_status":"closed","ping_status":"closed","sticky":false,"template":"","format":"standard","meta":{"_et_pb_use_builder":"on","_et_pb_old_content":"","_et_gb_content_width":"","footnotes":""},"categories":[73],"tags":[],"class_list":["post-2422","post","type-post","status-publish","format-standard","hentry","category-news-2009"],"_links":{"self":[{"href":"https:\/\/armeemuseum.ch\/it\/wp-json\/wp\/v2\/posts\/2422","targetHints":{"allow":["GET"]}}],"collection":[{"href":"https:\/\/armeemuseum.ch\/it\/wp-json\/wp\/v2\/posts"}],"about":[{"href":"https:\/\/armeemuseum.ch\/it\/wp-json\/wp\/v2\/types\/post"}],"author":[{"embeddable":true,"href":"https:\/\/armeemuseum.ch\/it\/wp-json\/wp\/v2\/users\/2"}],"replies":[{"embeddable":true,"href":"https:\/\/armeemuseum.ch\/it\/wp-json\/wp\/v2\/comments?post=2422"}],"version-history":[{"count":2,"href":"https:\/\/armeemuseum.ch\/it\/wp-json\/wp\/v2\/posts\/2422\/revisions"}],"predecessor-version":[{"id":2428,"href":"https:\/\/armeemuseum.ch\/it\/wp-json\/wp\/v2\/posts\/2422\/revisions\/2428"}],"wp:attachment":[{"href":"https:\/\/armeemuseum.ch\/it\/wp-json\/wp\/v2\/media?parent=2422"}],"wp:term":[{"taxonomy":"category","embeddable":true,"href":"https:\/\/armeemuseum.ch\/it\/wp-json\/wp\/v2\/categories?post=2422"},{"taxonomy":"post_tag","embeddable":true,"href":"https:\/\/armeemuseum.ch\/it\/wp-json\/wp\/v2\/tags?post=2422"}],"curies":[{"name":"wp","href":"https:\/\/api.w.org\/{rel}","templated":true}]}}