{"id":2405,"date":"2009-12-22T12:27:29","date_gmt":"2009-12-22T11:27:29","guid":{"rendered":"http:\/\/test.armeemuseum.ch\/?page_id=2405"},"modified":"2018-01-29T21:28:54","modified_gmt":"2018-01-29T20:28:54","slug":"neuer-geschaeftsleiter-ham","status":"publish","type":"post","link":"https:\/\/armeemuseum.ch\/it\/neuer-geschaeftsleiter-ham\/","title":{"rendered":"Neuer Gesch\u00e4ftsleiter HAM"},"content":{"rendered":"<p>[et_pb_section admin_label=&#8221;section&#8221;][et_pb_row admin_label=&#8221;row&#8221;][et_pb_column type=&#8221;2_3&#8243;][et_pb_text admin_label=&#8221;Text&#8221; background_layout=&#8221;light&#8221; text_orientation=&#8221;left&#8221; use_border_color=&#8221;off&#8221; border_color=&#8221;#ffffff&#8221; border_style=&#8221;solid&#8221;]<\/p>\n<h2 class=\"csc-firstHeader\"><strong>Martin Dudle wird neuer Gesch\u00e4ftsleiter Stiftung HAM<\/strong><\/h2>\n<p>[\/et_pb_text][\/et_pb_column][et_pb_column type=&#8221;1_3&#8243;][et_pb_image admin_label=&#8221;Bild&#8221; src=&#8221;https:\/\/armeemuseum.ch\/wp-content\/uploads\/2016\/06\/Logo-VSAM-komprimiert-1.jpg&#8221; show_in_lightbox=&#8221;off&#8221; url_new_window=&#8221;off&#8221; use_overlay=&#8221;off&#8221; animation=&#8221;left&#8221; sticky=&#8221;off&#8221; align=&#8221;left&#8221; force_fullwidth=&#8221;off&#8221; always_center_on_mobile=&#8221;on&#8221; use_border_color=&#8221;off&#8221; border_color=&#8221;#ffffff&#8221; border_style=&#8221;solid&#8221; \/][\/et_pb_column][\/et_pb_row][et_pb_row admin_label=&#8221;Zeile&#8221;][et_pb_column type=&#8221;4_4&#8243;][et_pb_text admin_label=&#8221;Text&#8221; background_layout=&#8221;light&#8221; text_orientation=&#8221;left&#8221; use_border_color=&#8221;off&#8221; border_color=&#8221;#ffffff&#8221; border_style=&#8221;solid&#8221;]<\/p>\n<p class=\"bodytext\">Der Stiftungsrat hat an seiner Sitzung vom 14. Dezember 2009 Martin Dudle zum neuen Gesch\u00e4ftsleiter der Stiftung Historisches Material der Schweizer Armee (Stiftung HAM) gew\u00e4hlt. Dudle tritt die Nachfolge des bisherigen ehrenamtlichen Gesch\u00e4ftsleiters Henri Habegger an, der auf Mitte 2010 in den Ruhestand tritt und der hervorragende Aufbauarbeit in der am 23. Juli 2008 gegr\u00fcndeten Stiftung geleistet hat. Henri Habegger wird der Stiftung auch weiterhin zur Verf\u00fcgung stehen.<\/p>\n<p class=\"bodytext\">Martin Dudle, 42, stammt aus Luzern, ist verheiratet und wohnhaft in Hergiswil NW. Der gelernte Konditor-Confiseur leitete den elterlichen Konditorei-Betrieb, erwarb das Diplom f\u00fcr Unternehmensf\u00fchrung SIU und das Wirtepatent. Nach Handelsdiplom und Berufsmatura folgte die Weiterausbildung an der Hochschule f\u00fcr Wirtschaft in Luzern, welche er mit dem Diplom in Verwaltungsmanagement abschloss. Martin Dudle war w\u00e4hrend dreier Jahre Fachlehrer f\u00fcr Taktik (F\u00fchrungssimulator) an der H\u00f6heren Kaderausbildung HKA in Luzern, anschliessend sieben Jahre Dienstchef im Kommando der Felddivision\/Infanteriebrigade 5 in Aarau und die letzen 3 Jahre Gemeindeschreiber in Buochs NW. Im Milit\u00e4r ist er aktiver Oberst und ab 2010 als Chef Personelles im Stab der Territorialregion 2 eingesetzt. Martin Dudle ist langj\u00e4hriges Mitglied des Vereins Schweizer Armeemuseum und hatte in fr\u00fcheren Jahren eine private Sammlung historischer Milit\u00e4rfahrzeuge aufgebaut. Als begeisterter Hobbyhistoriker stehen zudem regelm\u00e4ssig verschiedene milit\u00e4rhistorische Reisen auf seinem Programm.<\/p>\n<p class=\"bodytext\">F\u00fcr die herausfordernde Aufgabe zur Betreuung des milit\u00e4rischen Kulturgutes und f\u00fcr die F\u00fchrung des neuen, dynamischen Teams hat der Stiftungsrat HAM Mitte Jahr die Stelle eines vollamtlichen Gesch\u00e4ftsleiters ausgeschrieben. Der Stiftungsrat hat in den vergangenen Wochen die Evaluation von insgesamt 22 Interessenten \u2013 darunter einiger sehr guter Kandidaten \u2013 vorgenommen. Martin Dudle wird sein Amt am 1. Juli 2010 antreten, aber bereits am 1. Mai zur Einf\u00fchrung seine Arbeit aufnehmen.<\/p>\n<p>[\/et_pb_text][et_pb_team_member admin_label=&#8221;Person&#8221; name=&#8221;Martin Dudle&#8221; position=&#8221;Gesch\u00e4ftsleiter Stiftung HAM&#8221; image_url=&#8221;https:\/\/armeemuseum.ch\/wp-content\/uploads\/2016\/06\/Martin_Dudle.jpg&#8221; animation=&#8221;off&#8221; background_layout=&#8221;light&#8221; use_border_color=&#8221;off&#8221; border_color=&#8221;#ffffff&#8221; border_style=&#8221;solid&#8221;] [\/et_pb_team_member][\/et_pb_column][\/et_pb_row][\/et_pb_section]<\/p>\n","protected":false},"excerpt":{"rendered":"<p>Martin Dudle wird neuer Gesch\u00e4ftsleiter Stiftung HAM Der Stiftungsrat hat an seiner Sitzung vom 14. Dezember 2009 Martin Dudle zum neuen Gesch\u00e4ftsleiter der Stiftung Historisches Material der Schweizer Armee (Stiftung HAM) gew\u00e4hlt. Dudle tritt die Nachfolge des bisherigen ehrenamtlichen Gesch\u00e4ftsleiters Henri Habegger an, der auf Mitte 2010 in den Ruhestand tritt und der hervorragende Aufbauarbeit [&hellip;]<\/p>\n","protected":false},"author":2,"featured_media":0,"comment_status":"closed","ping_status":"closed","sticky":false,"template":"","format":"standard","meta":{"_et_pb_use_builder":"on","_et_pb_old_content":"","_et_gb_content_width":"","footnotes":""},"categories":[73,56],"tags":[],"class_list":["post-2405","post","type-post","status-publish","format-standard","hentry","category-news-2009","category-non-classifiee"],"_links":{"self":[{"href":"https:\/\/armeemuseum.ch\/it\/wp-json\/wp\/v2\/posts\/2405","targetHints":{"allow":["GET"]}}],"collection":[{"href":"https:\/\/armeemuseum.ch\/it\/wp-json\/wp\/v2\/posts"}],"about":[{"href":"https:\/\/armeemuseum.ch\/it\/wp-json\/wp\/v2\/types\/post"}],"author":[{"embeddable":true,"href":"https:\/\/armeemuseum.ch\/it\/wp-json\/wp\/v2\/users\/2"}],"replies":[{"embeddable":true,"href":"https:\/\/armeemuseum.ch\/it\/wp-json\/wp\/v2\/comments?post=2405"}],"version-history":[{"count":1,"href":"https:\/\/armeemuseum.ch\/it\/wp-json\/wp\/v2\/posts\/2405\/revisions"}],"predecessor-version":[{"id":2407,"href":"https:\/\/armeemuseum.ch\/it\/wp-json\/wp\/v2\/posts\/2405\/revisions\/2407"}],"wp:attachment":[{"href":"https:\/\/armeemuseum.ch\/it\/wp-json\/wp\/v2\/media?parent=2405"}],"wp:term":[{"taxonomy":"category","embeddable":true,"href":"https:\/\/armeemuseum.ch\/it\/wp-json\/wp\/v2\/categories?post=2405"},{"taxonomy":"post_tag","embeddable":true,"href":"https:\/\/armeemuseum.ch\/it\/wp-json\/wp\/v2\/tags?post=2405"}],"curies":[{"name":"wp","href":"https:\/\/api.w.org\/{rel}","templated":true}]}}