{"id":1893,"date":"2013-12-13T10:50:58","date_gmt":"2013-12-13T09:50:58","guid":{"rendered":"http:\/\/test.armeemuseum.ch\/?page_id=1893"},"modified":"2017-02-02T18:36:09","modified_gmt":"2017-02-02T17:36:09","slug":"general-bachmann-rueckschau","status":"publish","type":"post","link":"https:\/\/armeemuseum.ch\/it\/general-bachmann-rueckschau\/","title":{"rendered":"General Bachmann &#8211; R\u00fcckschau"},"content":{"rendered":"<p>[et_pb_section admin_label=&#8221;section&#8221;][et_pb_row admin_label=&#8221;row&#8221;][et_pb_column type=&#8221;2_3&#8243;][et_pb_text admin_label=&#8221;Text&#8221; background_layout=&#8221;light&#8221; text_orientation=&#8221;left&#8221; use_border_color=&#8221;off&#8221; border_color=&#8221;#ffffff&#8221; border_style=&#8221;solid&#8221;]<\/p>\n<h2 class=\"csc-firstHeader\"><strong>Der unterschlagene General: Niklaus Leodegar Franz Ignaz von Bachmann (1740-1831)<\/strong><\/h2>\n<h4 class=\"csc-firstHeader\">Vortrag vom 11. Dezember 2013<\/h4>\n<p>[\/et_pb_text][\/et_pb_column][et_pb_column type=&#8221;1_3&#8243;][et_pb_image admin_label=&#8221;Bild&#8221; src=&#8221;https:\/\/armeemuseum.ch\/wp-content\/uploads\/2016\/06\/Logo-VSAM-komprimiert.jpg&#8221; show_in_lightbox=&#8221;off&#8221; url_new_window=&#8221;off&#8221; use_overlay=&#8221;off&#8221; animation=&#8221;left&#8221; sticky=&#8221;off&#8221; align=&#8221;left&#8221; force_fullwidth=&#8221;off&#8221; always_center_on_mobile=&#8221;on&#8221; use_border_color=&#8221;off&#8221; border_color=&#8221;#ffffff&#8221; border_style=&#8221;solid&#8221; \/][\/et_pb_column][\/et_pb_row][et_pb_row admin_label=&#8221;Zeile&#8221;][et_pb_column type=&#8221;4_4&#8243;][et_pb_text admin_label=&#8221;Text&#8221; background_layout=&#8221;light&#8221; text_orientation=&#8221;left&#8221; use_border_color=&#8221;off&#8221; border_color=&#8221;#ffffff&#8221; border_style=&#8221;solid&#8221;]<\/p>\n<p class=\"bodytext\">Im letzten Vortrag des Vereins Schweizer Armeemuseum in diesem Jahr brachte der Referent Fred Heer den Besuchern das Leben und Wirken des oft vergessenen Generals Niklaus Franz von Bachmann aus N\u00e4fels n\u00e4her. Als Napoleon im M\u00e4rz 1815 unvermutet aus der Gefangenschaft von Elba zur\u00fcckkehrte, bot die Tagsatzung Truppen f\u00fcr den Grenzschutz auf und ernannte Bachmann am 26. M\u00e4rz 1815 zum Obergeneral \u2013 zum ersten Schweizer General, wie Heer betonte.<\/p>\n<p class=\"bodytext\">\u00a0Fred Heer ist Pr\u00e4sident der General-Bachmann-Gesellschaft und konnte so auf fundiertes Wissen zur\u00fcckgreifen. Beeindruckend war seine Detailkenntnis und seine Erkl\u00e4rungen, was in der Zeit um 1800 in und um die Schweiz herum passierte. Er verglich die damals herrschenden b\u00fcrgerkriegs\u00e4hnlichen Umst\u00e4nde mit der aktuellen Situation in Teilen Afrikas und dem Nahen Osten.<\/p>\n<p class=\"bodytext\">\u00a0Heer liess keinen Zweifel daran, das Bachmann als erster Schweizer General in die Reihe der viel bekannteren Guillaume-Henri Dufour, Hans Herzig, Ulrich Wille und Henri Guisan geh\u00f6rt. Der Referent liess Bachmanns beachtliche Leistungen als F\u00fchrer in Fremden Heeren und schliesslich im Auftrag der Tagsatzung Revue passieren. Fazit: Eine wohl zu Unrecht kaum bekannte Person.<\/p>\n<p class=\"bodytext\">\u00a0Insgesamt haben 2013 gegen 500 Besucher die sechs Vortr\u00e4ge in Thun respektive Burgdorf besucht, wie VSAM-Vizepr\u00e4sident Henri Habegger Bilanz zieht. Bereits steht auch das Programm 2014. Der n\u00e4chste Vortrag ist am 22. Januar: Die Armee im Raume Interlaken vom Zweiten Weltkrieg bis heute. Referent: Silvio Keller, ehemaliger Leiter der Arbeitsgruppe milit\u00e4rische Denkm\u00e4ler des VBS (ADAB).<\/p>\n<p>[\/et_pb_text][et_pb_image admin_label=&#8221;Bild&#8221; src=&#8221;https:\/\/armeemuseum.ch\/wp-content\/uploads\/2016\/06\/Vortrag_Heer002.jpg&#8221; show_in_lightbox=&#8221;off&#8221; url_new_window=&#8221;off&#8221; use_overlay=&#8221;off&#8221; animation=&#8221;left&#8221; sticky=&#8221;off&#8221; align=&#8221;left&#8221; force_fullwidth=&#8221;off&#8221; always_center_on_mobile=&#8221;on&#8221; use_border_color=&#8221;off&#8221; border_color=&#8221;#ffffff&#8221; border_style=&#8221;solid&#8221; \/][\/et_pb_column][\/et_pb_row][et_pb_row admin_label=&#8221;Zeile&#8221;][et_pb_column type=&#8221;1_4&#8243;][et_pb_image admin_label=&#8221;Bild&#8221; src=&#8221;https:\/\/armeemuseum.ch\/wp-content\/uploads\/2016\/06\/Vortrag_Heer004.jpg&#8221; show_in_lightbox=&#8221;on&#8221; url_new_window=&#8221;off&#8221; use_overlay=&#8221;on&#8221; animation=&#8221;left&#8221; sticky=&#8221;off&#8221; align=&#8221;left&#8221; force_fullwidth=&#8221;off&#8221; always_center_on_mobile=&#8221;on&#8221; use_border_color=&#8221;off&#8221; border_color=&#8221;#ffffff&#8221; border_style=&#8221;solid&#8221; \/][\/et_pb_column][et_pb_column type=&#8221;1_4&#8243;][et_pb_image admin_label=&#8221;Bild&#8221; src=&#8221;https:\/\/armeemuseum.ch\/wp-content\/uploads\/2016\/06\/Vortrag_Heer003.jpg&#8221; show_in_lightbox=&#8221;on&#8221; url_new_window=&#8221;off&#8221; use_overlay=&#8221;on&#8221; animation=&#8221;left&#8221; sticky=&#8221;off&#8221; align=&#8221;left&#8221; force_fullwidth=&#8221;off&#8221; always_center_on_mobile=&#8221;on&#8221; use_border_color=&#8221;off&#8221; border_color=&#8221;#ffffff&#8221; border_style=&#8221;solid&#8221; \/][\/et_pb_column][et_pb_column type=&#8221;1_4&#8243;][et_pb_image admin_label=&#8221;Bild&#8221; src=&#8221;https:\/\/armeemuseum.ch\/wp-content\/uploads\/2016\/06\/Vortrag_Heer007.jpg&#8221; show_in_lightbox=&#8221;on&#8221; url_new_window=&#8221;off&#8221; use_overlay=&#8221;on&#8221; animation=&#8221;left&#8221; sticky=&#8221;off&#8221; align=&#8221;left&#8221; force_fullwidth=&#8221;off&#8221; always_center_on_mobile=&#8221;on&#8221; use_border_color=&#8221;off&#8221; border_color=&#8221;#ffffff&#8221; border_style=&#8221;solid&#8221; \/][\/et_pb_column][et_pb_column type=&#8221;1_4&#8243;][et_pb_image admin_label=&#8221;Bild&#8221; src=&#8221;https:\/\/armeemuseum.ch\/wp-content\/uploads\/2016\/06\/Vortrag_Heer008.jpg&#8221; show_in_lightbox=&#8221;on&#8221; url_new_window=&#8221;off&#8221; use_overlay=&#8221;on&#8221; animation=&#8221;left&#8221; sticky=&#8221;off&#8221; align=&#8221;left&#8221; force_fullwidth=&#8221;off&#8221; always_center_on_mobile=&#8221;on&#8221; use_border_color=&#8221;off&#8221; border_color=&#8221;#ffffff&#8221; border_style=&#8221;solid&#8221; \/][\/et_pb_column][\/et_pb_row][et_pb_row admin_label=&#8221;Zeile&#8221;][et_pb_column type=&#8221;4_4&#8243;][et_pb_text admin_label=&#8221;Text&#8221; background_layout=&#8221;light&#8221; text_orientation=&#8221;left&#8221; use_border_color=&#8221;off&#8221; border_color=&#8221;#ffffff&#8221; border_style=&#8221;solid&#8221;]<\/p>\n<p><strong>Fotos: \u00a9 Markus Hubacher, Spiez<\/strong><\/p>\n<p>[\/et_pb_text][\/et_pb_column][\/et_pb_row][\/et_pb_section]<\/p>\n","protected":false},"excerpt":{"rendered":"<p>Der unterschlagene General: Niklaus Leodegar Franz Ignaz von Bachmann (1740-1831) Vortrag vom 11. Dezember 2013 Im letzten Vortrag des Vereins Schweizer Armeemuseum in diesem Jahr brachte der Referent Fred Heer den Besuchern das Leben und Wirken des oft vergessenen Generals Niklaus Franz von Bachmann aus N\u00e4fels n\u00e4her. Als Napoleon im M\u00e4rz 1815 unvermutet aus der [&hellip;]<\/p>\n","protected":false},"author":2,"featured_media":0,"comment_status":"closed","ping_status":"closed","sticky":false,"template":"","format":"standard","meta":{"_et_pb_use_builder":"on","_et_pb_old_content":"","_et_gb_content_width":"","footnotes":""},"categories":[78],"tags":[],"class_list":["post-1893","post","type-post","status-publish","format-standard","hentry","category-news-2013"],"_links":{"self":[{"href":"https:\/\/armeemuseum.ch\/it\/wp-json\/wp\/v2\/posts\/1893","targetHints":{"allow":["GET"]}}],"collection":[{"href":"https:\/\/armeemuseum.ch\/it\/wp-json\/wp\/v2\/posts"}],"about":[{"href":"https:\/\/armeemuseum.ch\/it\/wp-json\/wp\/v2\/types\/post"}],"author":[{"embeddable":true,"href":"https:\/\/armeemuseum.ch\/it\/wp-json\/wp\/v2\/users\/2"}],"replies":[{"embeddable":true,"href":"https:\/\/armeemuseum.ch\/it\/wp-json\/wp\/v2\/comments?post=1893"}],"version-history":[{"count":1,"href":"https:\/\/armeemuseum.ch\/it\/wp-json\/wp\/v2\/posts\/1893\/revisions"}],"predecessor-version":[{"id":1899,"href":"https:\/\/armeemuseum.ch\/it\/wp-json\/wp\/v2\/posts\/1893\/revisions\/1899"}],"wp:attachment":[{"href":"https:\/\/armeemuseum.ch\/it\/wp-json\/wp\/v2\/media?parent=1893"}],"wp:term":[{"taxonomy":"category","embeddable":true,"href":"https:\/\/armeemuseum.ch\/it\/wp-json\/wp\/v2\/categories?post=1893"},{"taxonomy":"post_tag","embeddable":true,"href":"https:\/\/armeemuseum.ch\/it\/wp-json\/wp\/v2\/tags?post=1893"}],"curies":[{"name":"wp","href":"https:\/\/api.w.org\/{rel}","templated":true}]}}