{"id":1465,"date":"2016-04-21T17:26:44","date_gmt":"2016-04-21T16:26:44","guid":{"rendered":"http:\/\/test.armeemuseum.ch\/?page_id=1465"},"modified":"2017-02-01T21:11:41","modified_gmt":"2017-02-01T20:11:41","slug":"der-lange-weg-zur-schweizerfahne","status":"publish","type":"post","link":"https:\/\/armeemuseum.ch\/it\/der-lange-weg-zur-schweizerfahne\/","title":{"rendered":"Der lange Weg zur Schweizerfahne"},"content":{"rendered":"<p>[et_pb_section admin_label=&#8221;section&#8221;][et_pb_row admin_label=&#8221;row&#8221;][et_pb_column type=&#8221;2_3&#8243;][et_pb_text admin_label=&#8221;Text&#8221; background_layout=&#8221;light&#8221; text_orientation=&#8221;left&#8221; use_border_color=&#8221;off&#8221; border_color=&#8221;#ffffff&#8221; border_style=&#8221;solid&#8221;]<\/p>\n<h2><strong>Der lange Weg zur Schweizerfahne<\/strong><\/h2>\n<h4>Neue Publikation im Verlag VSAM<\/h4>\n<p>[\/et_pb_text][\/et_pb_column][et_pb_column type=&#8221;1_3&#8243;][et_pb_image admin_label=&#8221;Bild&#8221; src=&#8221;https:\/\/armeemuseum.ch\/wp-content\/uploads\/2016\/05\/Logo-VSAM-komprimiert-1.jpg&#8221; show_in_lightbox=&#8221;off&#8221; url_new_window=&#8221;off&#8221; use_overlay=&#8221;off&#8221; animation=&#8221;left&#8221; sticky=&#8221;off&#8221; align=&#8221;left&#8221; force_fullwidth=&#8221;off&#8221; always_center_on_mobile=&#8221;on&#8221; use_border_color=&#8221;off&#8221; border_color=&#8221;#ffffff&#8221; border_style=&#8221;solid&#8221;] [\/et_pb_image][\/et_pb_column][\/et_pb_row][et_pb_row admin_label=&#8221;Zeile&#8221;][et_pb_column type=&#8221;1_2&#8243;][et_pb_text admin_label=&#8221;Text&#8221; background_layout=&#8221;light&#8221; text_orientation=&#8221;left&#8221; use_border_color=&#8221;off&#8221; border_color=&#8221;#ffffff&#8221; border_style=&#8221;solid&#8221;]<\/p>\n<p class=\"bodytext\">Der Verein Schweizer Armeemuseum hat sich zur Pflicht gemacht, Ausr\u00fcstungsgegenst\u00e4nde, Fahrzeuge und Waffen der Armee zu sammeln, ihre Entwicklung zu dokumentieren und der \u00d6ffentlichkeit zug\u00e4nglich zu machen. Feldzeichen aber fehlten bis heute. Diese L\u00fccke will diese Schrift schliessen.<\/p>\n<p class=\"bodytext\">Die Schweizerfahne ist eine der \u00e4ltesten und eine der j\u00fcngsten zugleich. Sehr alt ist das Kreuz, welches als Erkennungszeichen und Identit\u00e4tszeichen schon im fr\u00fchen 14. Jahrhundert verwendet wurde. Alt ist aber auch das Rot in der Fahne.<\/p>\n<p class=\"bodytext\">Von dieser Zeit an, bis unser Wappen und unsere Fahne im Jahre 2013 exakt definiert wurden, war ein langer, teilweise steiniger und manchmal sogar blutiger Weg zur\u00fcckzulegen. In der vorliegenden Schrift wird dieser Weg nachgezeichnet. Da die Entstehung unserer Fahne eng mit unserer Landesgeschichte zusammenh\u00e4ngt, wird der Weg zwangsl\u00e4ufig in diese eingebettet.<\/p>\n<p class=\"bodytext\">Die Schweiz ist ein mehrsprachiges Land und oft werden den vier Armen des Kreuzes auch unsere vier Landessprachen zugeordnet. Daher wurde der Text in deutscher und franz\u00f6sischer Sprache verfasst.<\/p>\n<p class=\"bodytext\">Das Buch beleuchtet in drei Kapiteln die Entwicklung der Schweizerfahne von den Anf\u00e4ngen zu Beginn des 14. Jahrhunderts bis zum Bundesstaat 1848. Daran anschliessend wird in zwei weiteren Kapiteln die Weiterentwicklung, getrennt nach Landes- und Milit\u00e4rfahnen, bis heute aufgezeigt.<\/p>\n<p class=\"bodytext\">Fahnen repr\u00e4sentieren Gemeinschaften, vom Land bis zur Gemeinde, teilweise sogar bis zur Familie. In unserer Kultur haben sich \u00fcber Jahrhunderte Regeln zum respektvollen Umgang mit Fahnen ent-wickelt. Daher schliesst die Schrift mit Beispielen zum korrekten Umgang mit Fahnen.<\/p>\n<p class=\"bodytext\">Format 21&#215;30 cm<br \/>\ngebunden, Pappeinband<br \/>\n152 Seiten<br \/>\nvierfarbig mit vielen Zeichnungen, Skizzen und Fotos<br \/>\nPreis 42.\u2013 Franken (exkl. Versand Inland + 8.\u2013 Franken)<br \/>\nISBN 978-3-033-05537-7<\/p>\n<p>[\/et_pb_text][\/et_pb_column][et_pb_column type=&#8221;1_2&#8243;][et_pb_image admin_label=&#8221;Bild&#8221; src=&#8221;https:\/\/armeemuseum.ch\/wp-content\/uploads\/2016\/05\/Titelblatt_Buch_Keller_Schweizerfahne.jpg&#8221; show_in_lightbox=&#8221;off&#8221; url_new_window=&#8221;off&#8221; use_overlay=&#8221;off&#8221; animation=&#8221;left&#8221; sticky=&#8221;off&#8221; align=&#8221;left&#8221; force_fullwidth=&#8221;off&#8221; always_center_on_mobile=&#8221;on&#8221; use_border_color=&#8221;off&#8221; border_color=&#8221;#ffffff&#8221; border_style=&#8221;solid&#8221;] [\/et_pb_image][\/et_pb_column][\/et_pb_row][et_pb_row admin_label=&#8221;Zeile&#8221;][et_pb_column type=&#8221;4_4&#8243;][et_pb_image admin_label=&#8221;Bild&#8221; src=&#8221;https:\/\/armeemuseum.ch\/wp-content\/uploads\/2016\/05\/Schweizerfahnenbuch.jpeg&#8221; show_in_lightbox=&#8221;off&#8221; url_new_window=&#8221;off&#8221; use_overlay=&#8221;off&#8221; animation=&#8221;left&#8221; sticky=&#8221;off&#8221; align=&#8221;left&#8221; force_fullwidth=&#8221;off&#8221; always_center_on_mobile=&#8221;on&#8221; use_border_color=&#8221;off&#8221; border_color=&#8221;#ffffff&#8221; border_style=&#8221;solid&#8221;] [\/et_pb_image][\/et_pb_column][\/et_pb_row][\/et_pb_section]<\/p>\n","protected":false},"excerpt":{"rendered":"<p>Der lange Weg zur Schweizerfahne Neue Publikation im Verlag VSAM Der Verein Schweizer Armeemuseum hat sich zur Pflicht gemacht, Ausr\u00fcstungsgegenst\u00e4nde, Fahrzeuge und Waffen der Armee zu sammeln, ihre Entwicklung zu dokumentieren und der \u00d6ffentlichkeit zug\u00e4nglich zu machen. Feldzeichen aber fehlten bis heute. Diese L\u00fccke will diese Schrift schliessen. Die Schweizerfahne ist eine der \u00e4ltesten und [&hellip;]<\/p>\n","protected":false},"author":2,"featured_media":0,"comment_status":"closed","ping_status":"closed","sticky":false,"template":"","format":"standard","meta":{"_et_pb_use_builder":"on","_et_pb_old_content":"","_et_gb_content_width":"","footnotes":""},"categories":[81],"tags":[],"class_list":["post-1465","post","type-post","status-publish","format-standard","hentry","category-news-2016"],"_links":{"self":[{"href":"https:\/\/armeemuseum.ch\/it\/wp-json\/wp\/v2\/posts\/1465","targetHints":{"allow":["GET"]}}],"collection":[{"href":"https:\/\/armeemuseum.ch\/it\/wp-json\/wp\/v2\/posts"}],"about":[{"href":"https:\/\/armeemuseum.ch\/it\/wp-json\/wp\/v2\/types\/post"}],"author":[{"embeddable":true,"href":"https:\/\/armeemuseum.ch\/it\/wp-json\/wp\/v2\/users\/2"}],"replies":[{"embeddable":true,"href":"https:\/\/armeemuseum.ch\/it\/wp-json\/wp\/v2\/comments?post=1465"}],"version-history":[{"count":3,"href":"https:\/\/armeemuseum.ch\/it\/wp-json\/wp\/v2\/posts\/1465\/revisions"}],"predecessor-version":[{"id":1471,"href":"https:\/\/armeemuseum.ch\/it\/wp-json\/wp\/v2\/posts\/1465\/revisions\/1471"}],"wp:attachment":[{"href":"https:\/\/armeemuseum.ch\/it\/wp-json\/wp\/v2\/media?parent=1465"}],"wp:term":[{"taxonomy":"category","embeddable":true,"href":"https:\/\/armeemuseum.ch\/it\/wp-json\/wp\/v2\/categories?post=1465"},{"taxonomy":"post_tag","embeddable":true,"href":"https:\/\/armeemuseum.ch\/it\/wp-json\/wp\/v2\/tags?post=1465"}],"curies":[{"name":"wp","href":"https:\/\/api.w.org\/{rel}","templated":true}]}}