{"id":8798,"date":"2017-03-01T13:49:02","date_gmt":"2017-03-01T12:49:02","guid":{"rendered":"http:\/\/test.armeemuseum.ch?p=8798"},"modified":"2017-03-01T14:10:52","modified_gmt":"2017-03-01T13:10:52","slug":"schweizerische-infanterie","status":"publish","type":"post","link":"https:\/\/armeemuseum.ch\/fr\/schweizerische-infanterie\/","title":{"rendered":"Schweizerische Infanterie &#8211; Vorschau"},"content":{"rendered":"<p>[et_pb_section admin_label=\u00a0\u00bbsection\u00a0\u00bb][et_pb_row admin_label=\u00a0\u00bbrow\u00a0\u00bb][et_pb_column type=\u00a0\u00bb2_3&Prime;][et_pb_text admin_label=\u00a0\u00bbText\u00a0\u00bb background_layout=\u00a0\u00bblight\u00a0\u00bb text_orientation=\u00a0\u00bbleft\u00a0\u00bb use_border_color=\u00a0\u00bboff\u00a0\u00bb border_color=\u00a0\u00bb#ffffff\u00a0\u00bb border_style=\u00a0\u00bbsolid\u00a0\u00bb]<\/p>\n<h2>Schweizerische Infanterie: Vom Bundesstaat bis zum Zweiten Weltkrieg<\/h2>\n<h4>Vorschau auf den Vortrag vom 15. M\u00e4rz 2017<\/h4>\n<p>[\/et_pb_text][\/et_pb_column][et_pb_column type=\u00a0\u00bb1_3&Prime;][et_pb_image admin_label=\u00a0\u00bbBild\u00a0\u00bb src=\u00a0\u00bbhttps:\/\/armeemuseum.ch\/wp-content\/uploads\/2017\/03\/Logo-VSAM-komprimiert.jpg\u00a0\u00bb show_in_lightbox=\u00a0\u00bboff\u00a0\u00bb url_new_window=\u00a0\u00bboff\u00a0\u00bb use_overlay=\u00a0\u00bboff\u00a0\u00bb animation=\u00a0\u00bbleft\u00a0\u00bb sticky=\u00a0\u00bboff\u00a0\u00bb align=\u00a0\u00bbleft\u00a0\u00bb force_fullwidth=\u00a0\u00bboff\u00a0\u00bb always_center_on_mobile=\u00a0\u00bbon\u00a0\u00bb use_border_color=\u00a0\u00bboff\u00a0\u00bb border_color=\u00a0\u00bb#ffffff\u00a0\u00bb border_style=\u00a0\u00bbsolid\u00a0\u00bb] [\/et_pb_image][\/et_pb_column][\/et_pb_row][et_pb_row admin_label=\u00a0\u00bbZeile\u00a0\u00bb][et_pb_column type=\u00a0\u00bb4_4&Prime;][et_pb_text admin_label=\u00a0\u00bbText\u00a0\u00bb background_layout=\u00a0\u00bblight\u00a0\u00bb text_orientation=\u00a0\u00bbleft\u00a0\u00bb use_border_color=\u00a0\u00bboff\u00a0\u00bb border_color=\u00a0\u00bb#ffffff\u00a0\u00bb border_style=\u00a0\u00bbsolid\u00a0\u00bb]<\/p>\n<p><strong>Die Schweizer Armee setzt heute moderne Technik ein. In den letzten 100 Jahren war aber der Infanterist die St\u00fctze des Heeres. J\u00fcrg Keller beleuchtet den Einsatz und die Entwicklung der Infanterie am Vortrag des Vereins Schweizer Armeemuseum vom <\/strong><br \/>\n <strong>15. M\u00e4rz.<\/strong><\/p>\n<p> Die im Vortrag von J\u00fcrg Keller besprochene Epoche deckt knapp 100 Jahre ab, w\u00e4hrend denen der Schritt von kantonalen Milizen zu einem Bundesheer gemacht wurde. Es umfasst aber auch den Schritt vom Gewehrtr\u00e4ger zum Allrounder, welcher nebst der pers\u00f6nlichen Waffe und je nach Spezialgebiet Handgranaten, schwere und leichte Maschinengewehre, Minenwerfer, Panzerabwehrwaffen, Minen, Beleuchtungs- und Signalger\u00e4te zu bedienen hatte. <br \/>\n Dementsprechend \u00e4nderten sich auch die Einsatzformen der Infanterie: vom in der Masse vorr\u00fcckenden Individuum zum vielfach auf sich in einer kleinen Gruppe bewegenden Einzelk\u00e4mpfer. Ebenso wird am 15. M\u00e4rz in Thun die jeweilige Organisation der Schweizer Infanterie aufgezeigt und auf Belange der Ausr\u00fcstung eingegangen. Diese Themen werden im Vortrag nachgezeichnet und, von der jeweiligen Bedrohung her, in einen gr\u00f6sseren Zusammenhang gebracht.\u00a0\u00a0\u00a0\u00a0\u00a0\u00a0\u00a0 \u00a0<\/p>\n<p> <strong>Der Referent:<\/strong> J\u00fcrg Keller, Brigadier aD und Milit\u00e4rhistoriker, Suigez<\/p>\n<p> <strong>Treffpunkt:<\/strong> Mittwoch, 15. M\u00e4rz, 18.50 Uhr, Parkplatz Soldatenstube 3 Tannen an der Allmendstrasse Thun (Zuweisung der Parkpl\u00e4tze vor Ort) \u2013 Anreise vom Bahnhof Thun mit Buslinie 4 bis Haltestelle Kleine Allmend. Der Vortrag findet wie \u00fcblich im Filmsaal der Instandhaltungschule 50 in der AKLA statt.<\/p>\n<p>[\/et_pb_text][\/et_pb_column][\/et_pb_row][et_pb_row admin_label=\u00a0\u00bbZeile\u00a0\u00bb][et_pb_column type=\u00a0\u00bb1_2&Prime;][et_pb_image admin_label=\u00a0\u00bbBild\u00a0\u00bb src=\u00a0\u00bbhttps:\/\/armeemuseum.ch\/wp-content\/uploads\/2017\/03\/Keller-1.jpg\u00a0\u00bb show_in_lightbox=\u00a0\u00bboff\u00a0\u00bb url_new_window=\u00a0\u00bboff\u00a0\u00bb use_overlay=\u00a0\u00bboff\u00a0\u00bb animation=\u00a0\u00bbleft\u00a0\u00bb sticky=\u00a0\u00bboff\u00a0\u00bb align=\u00a0\u00bbleft\u00a0\u00bb force_fullwidth=\u00a0\u00bboff\u00a0\u00bb always_center_on_mobile=\u00a0\u00bbon\u00a0\u00bb use_border_color=\u00a0\u00bboff\u00a0\u00bb border_color=\u00a0\u00bb#ffffff\u00a0\u00bb border_style=\u00a0\u00bbsolid\u00a0\u00bb \/][\/et_pb_column][et_pb_column type=\u00a0\u00bb1_2&Prime;][et_pb_image admin_label=\u00a0\u00bbBild\u00a0\u00bb src=\u00a0\u00bbhttps:\/\/armeemuseum.ch\/wp-content\/uploads\/2017\/03\/Keller-2.jpg\u00a0\u00bb show_in_lightbox=\u00a0\u00bboff\u00a0\u00bb url_new_window=\u00a0\u00bboff\u00a0\u00bb use_overlay=\u00a0\u00bboff\u00a0\u00bb animation=\u00a0\u00bbleft\u00a0\u00bb sticky=\u00a0\u00bboff\u00a0\u00bb align=\u00a0\u00bbleft\u00a0\u00bb force_fullwidth=\u00a0\u00bboff\u00a0\u00bb always_center_on_mobile=\u00a0\u00bbon\u00a0\u00bb use_border_color=\u00a0\u00bboff\u00a0\u00bb border_color=\u00a0\u00bb#ffffff\u00a0\u00bb border_style=\u00a0\u00bbsolid\u00a0\u00bb \/][et_pb_blurb admin_label=\u00a0\u00bbInformationstext\u00a0\u00bb url_new_window=\u00a0\u00bboff\u00a0\u00bb use_icon=\u00a0\u00bboff\u00a0\u00bb icon_color=\u00a0\u00bb#7EBEC5&Prime; use_circle=\u00a0\u00bboff\u00a0\u00bb circle_color=\u00a0\u00bb#7EBEC5&Prime; use_circle_border=\u00a0\u00bboff\u00a0\u00bb circle_border_color=\u00a0\u00bb#7EBEC5&Prime; icon_placement=\u00a0\u00bbtop\u00a0\u00bb animation=\u00a0\u00bbtop\u00a0\u00bb background_layout=\u00a0\u00bblight\u00a0\u00bb text_orientation=\u00a0\u00bbleft\u00a0\u00bb use_icon_font_size=\u00a0\u00bboff\u00a0\u00bb use_border_color=\u00a0\u00bboff\u00a0\u00bb border_color=\u00a0\u00bb#ffffff\u00a0\u00bb border_style=\u00a0\u00bbsolid\u00a0\u00bb]<\/p>\n<p>Bildquelle: Bundesarchiv Bern<\/p>\n<p>[\/et_pb_blurb][\/et_pb_column][\/et_pb_row][\/et_pb_section]<\/p>\n","protected":false},"excerpt":{"rendered":"<p>Schweizerische Infanterie: Vom Bundesstaat bis zum Zweiten Weltkrieg Vorschau auf den Vortrag vom 15. M\u00e4rz 2017 Die Schweizer Armee setzt heute moderne Technik ein. In den letzten 100 Jahren war aber der Infanterist die St\u00fctze des Heeres. J\u00fcrg Keller beleuchtet den Einsatz und die Entwicklung der Infanterie am Vortrag des Vereins Schweizer Armeemuseum vom 15. [&hellip;]<\/p>\n","protected":false},"author":2,"featured_media":0,"comment_status":"closed","ping_status":"open","sticky":false,"template":"","format":"standard","meta":{"_et_pb_use_builder":"on","_et_pb_old_content":"","_et_gb_content_width":"","footnotes":""},"categories":[68],"tags":[],"class_list":["post-8798","post","type-post","status-publish","format-standard","hentry","category-news-2017"],"_links":{"self":[{"href":"https:\/\/armeemuseum.ch\/fr\/wp-json\/wp\/v2\/posts\/8798","targetHints":{"allow":["GET"]}}],"collection":[{"href":"https:\/\/armeemuseum.ch\/fr\/wp-json\/wp\/v2\/posts"}],"about":[{"href":"https:\/\/armeemuseum.ch\/fr\/wp-json\/wp\/v2\/types\/post"}],"author":[{"embeddable":true,"href":"https:\/\/armeemuseum.ch\/fr\/wp-json\/wp\/v2\/users\/2"}],"replies":[{"embeddable":true,"href":"https:\/\/armeemuseum.ch\/fr\/wp-json\/wp\/v2\/comments?post=8798"}],"version-history":[{"count":4,"href":"https:\/\/armeemuseum.ch\/fr\/wp-json\/wp\/v2\/posts\/8798\/revisions"}],"predecessor-version":[{"id":8805,"href":"https:\/\/armeemuseum.ch\/fr\/wp-json\/wp\/v2\/posts\/8798\/revisions\/8805"}],"wp:attachment":[{"href":"https:\/\/armeemuseum.ch\/fr\/wp-json\/wp\/v2\/media?parent=8798"}],"wp:term":[{"taxonomy":"category","embeddable":true,"href":"https:\/\/armeemuseum.ch\/fr\/wp-json\/wp\/v2\/categories?post=8798"},{"taxonomy":"post_tag","embeddable":true,"href":"https:\/\/armeemuseum.ch\/fr\/wp-json\/wp\/v2\/tags?post=8798"}],"curies":[{"name":"wp","href":"https:\/\/api.w.org\/{rel}","templated":true}]}}