{"id":49706,"date":"2026-03-05T11:11:12","date_gmt":"2026-03-05T10:11:12","guid":{"rendered":"https:\/\/armeemuseum.ch\/?p=49706"},"modified":"2026-03-13T12:37:00","modified_gmt":"2026-03-13T11:37:00","slug":"medienmitteilung-vmg-vom-3-3-2026","status":"publish","type":"post","link":"https:\/\/armeemuseum.ch\/fr\/medienmitteilung-vmg-vom-3-3-2026\/","title":{"rendered":"Medienmitteilung VMG vom 4.3.2026"},"content":{"rendered":"<p>[et_pb_section fb_built=\u00a0\u00bb1&Prime; theme_builder_area=\u00a0\u00bbpost_content\u00a0\u00bb _builder_version=\u00a0\u00bb4.27.2&Prime; _module_preset=\u00a0\u00bbdefault\u00a0\u00bb][et_pb_row _builder_version=\u00a0\u00bb4.27.2&Prime; _module_preset=\u00a0\u00bbdefault\u00a0\u00bb column_structure=\u00a0\u00bb3_5,2_5&Prime; theme_builder_area=\u00a0\u00bbpost_content\u00a0\u00bb][et_pb_column _builder_version=\u00a0\u00bb4.27.2&Prime; _module_preset=\u00a0\u00bbdefault\u00a0\u00bb type=\u00a0\u00bb3_5&Prime; theme_builder_area=\u00a0\u00bbpost_content\u00a0\u00bb][et_pb_text _builder_version=\u00a0\u00bb4.27.2&Prime; _module_preset=\u00a0\u00bbdefault\u00a0\u00bb theme_builder_area=\u00a0\u00bbpost_content\u00a0\u00bb hover_enabled=\u00a0\u00bb0&Prime; sticky_enabled=\u00a0\u00bb0&Prime;]<\/p>\n<h2>Medienmitteilung VMG vom 4. M\u00e4rz 2026<\/h2>\n<p>[\/et_pb_text][\/et_pb_column][et_pb_column _builder_version=\u00a0\u00bb4.27.2&Prime; _module_preset=\u00a0\u00bbdefault\u00a0\u00bb type=\u00a0\u00bb2_5&Prime; theme_builder_area=\u00a0\u00bbpost_content\u00a0\u00bb][et_pb_image src=\u00a0\u00bbhttps:\/\/armeemuseum.ch\/wp-content\/uploads\/2025\/02\/Logo-VSAM-komprimiert.jpg\u00a0\u00bb _builder_version=\u00a0\u00bb4.27.2&Prime; _module_preset=\u00a0\u00bbdefault\u00a0\u00bb theme_builder_area=\u00a0\u00bbpost_content\u00a0\u00bb title_text=\u00a0\u00bbEinfaches CMYK\u00a0\u00bb hover_enabled=\u00a0\u00bb0&Prime; sticky_enabled=\u00a0\u00bb0&Prime;][\/et_pb_image][\/et_pb_column][\/et_pb_row][\/et_pb_section][et_pb_section fb_built=\u00a0\u00bb1&Prime; theme_builder_area=\u00a0\u00bbpost_content\u00a0\u00bb _builder_version=\u00a0\u00bb4.27.2&Prime; _module_preset=\u00a0\u00bbdefault\u00a0\u00bb][et_pb_row _builder_version=\u00a0\u00bb4.27.2&Prime; _module_preset=\u00a0\u00bbdefault\u00a0\u00bb theme_builder_area=\u00a0\u00bbpost_content\u00a0\u00bb][et_pb_column _builder_version=\u00a0\u00bb4.27.2&Prime; _module_preset=\u00a0\u00bbdefault\u00a0\u00bb type=\u00a0\u00bb4_4&Prime; theme_builder_area=\u00a0\u00bbpost_content\u00a0\u00bb][et_pb_text _builder_version=\u00a0\u00bb4.27.2&Prime; _module_preset=\u00a0\u00bbdefault\u00a0\u00bb theme_builder_area=\u00a0\u00bbpost_content\u00a0\u00bb hover_enabled=\u00a0\u00bb0&Prime; sticky_enabled=\u00a0\u00bb0&Prime;]<\/p>\n<p>Der Verband Milit\u00e4rischer Gesellschaften Schweiz (VMG) ver\u00f6ffentlichte am 4. M\u00e4rz 2026 die nachfolgende Medienmitteilung:<\/p>\n<p><a href=\"https:\/\/armeemuseum.ch\/wp-content\/uploads\/2026\/03\/Medienmitteilung_VMG_Rekord-Zivi-Abgaenge-2025_final_d_04.03.2026.pdf\" rel=\"attachment noopener wp-att-49711\" target=\"_blank\">Medienmitteilung_VMG_Rekord-Zivi-Abg\u00e4nge-2025_final_d_04.03.2026<\/a><\/p>\n<p><a href=\"https:\/\/armeemuseum.ch\/wp-content\/uploads\/2026\/03\/Communique-de-presse_ASM_Nouveau-record_Zivi-2025_final_f_04.03.2026.pdf\" rel=\"attachment noopener wp-att-49715\" target=\"_blank\">Communiqu\u00e9-de-presse_ASM_Nouveau-record_Zivi-2025_final_f_04.03.2026<\/a><\/p>\n<p><a href=\"https:\/\/armeemuseum.ch\/wp-content\/uploads\/2026\/03\/Comunicato-stampa_ASM_Nuovo-record_servizio-civile-2025_final_i_04.03.2026.pdf\" rel=\"attachment noopener wp-att-49719\" target=\"_blank\">Comunicato-stampa_ASM_Nuovo-record_servizio-civile-2025_final_i_04.03.2026<\/a><\/p>\n<p>[\/et_pb_text][\/et_pb_column][\/et_pb_row][\/et_pb_section]<\/p>\n","protected":false},"excerpt":{"rendered":"<p>Medienmitteilung VMG vom 4. M\u00e4rz 2026Der Verband Milit\u00e4rischer Gesellschaften Schweiz (VMG) ver\u00f6ffentlichte am 4. M\u00e4rz 2026 die nachfolgende Medienmitteilung: Medienmitteilung_VMG_Rekord-Zivi-Abg\u00e4nge-2025_final_d_04.03.2026 Communiqu\u00e9-de-presse_ASM_Nouveau-record_Zivi-2025_final_f_04.03.2026 Comunicato-stampa_ASM_Nuovo-record_servizio-civile-2025_final_i_04.03.2026<\/p>\n","protected":false},"author":2,"featured_media":0,"comment_status":"closed","ping_status":"open","sticky":false,"template":"","format":"standard","meta":{"_et_pb_use_builder":"on","_et_pb_old_content":"","_et_gb_content_width":"","footnotes":""},"categories":[748,1],"tags":[],"class_list":["post-49706","post","type-post","status-publish","format-standard","hentry","category-news-2026","category-unkategorisiert"],"_links":{"self":[{"href":"https:\/\/armeemuseum.ch\/fr\/wp-json\/wp\/v2\/posts\/49706","targetHints":{"allow":["GET"]}}],"collection":[{"href":"https:\/\/armeemuseum.ch\/fr\/wp-json\/wp\/v2\/posts"}],"about":[{"href":"https:\/\/armeemuseum.ch\/fr\/wp-json\/wp\/v2\/types\/post"}],"author":[{"embeddable":true,"href":"https:\/\/armeemuseum.ch\/fr\/wp-json\/wp\/v2\/users\/2"}],"replies":[{"embeddable":true,"href":"https:\/\/armeemuseum.ch\/fr\/wp-json\/wp\/v2\/comments?post=49706"}],"version-history":[{"count":6,"href":"https:\/\/armeemuseum.ch\/fr\/wp-json\/wp\/v2\/posts\/49706\/revisions"}],"predecessor-version":[{"id":49757,"href":"https:\/\/armeemuseum.ch\/fr\/wp-json\/wp\/v2\/posts\/49706\/revisions\/49757"}],"wp:attachment":[{"href":"https:\/\/armeemuseum.ch\/fr\/wp-json\/wp\/v2\/media?parent=49706"}],"wp:term":[{"taxonomy":"category","embeddable":true,"href":"https:\/\/armeemuseum.ch\/fr\/wp-json\/wp\/v2\/categories?post=49706"},{"taxonomy":"post_tag","embeddable":true,"href":"https:\/\/armeemuseum.ch\/fr\/wp-json\/wp\/v2\/tags?post=49706"}],"curies":[{"name":"wp","href":"https:\/\/api.w.org\/{rel}","templated":true}]}}