{"id":49159,"date":"2025-06-30T09:28:44","date_gmt":"2025-06-30T08:28:44","guid":{"rendered":"https:\/\/armeemuseum.ch\/?p=49159"},"modified":"2025-06-30T09:48:24","modified_gmt":"2025-06-30T08:48:24","slug":"49159","status":"publish","type":"post","link":"https:\/\/armeemuseum.ch\/fr\/49159\/","title":{"rendered":"Medienmitteilung VMG vom 28.6.2025"},"content":{"rendered":"<p>[et_pb_section fb_built=\u00a0\u00bb1&Prime; _builder_version=\u00a0\u00bb4.27.2&Prime; _module_preset=\u00a0\u00bbdefault\u00a0\u00bb global_colors_info=\u00a0\u00bb{}\u00a0\u00bb][et_pb_row column_structure=\u00a0\u00bb3_5,2_5&Prime; _builder_version=\u00a0\u00bb4.27.2&Prime; _module_preset=\u00a0\u00bbdefault\u00a0\u00bb global_colors_info=\u00a0\u00bb{}\u00a0\u00bb][et_pb_column type=\u00a0\u00bb3_5&Prime; _builder_version=\u00a0\u00bb4.27.2&Prime; _module_preset=\u00a0\u00bbdefault\u00a0\u00bb global_colors_info=\u00a0\u00bb{}\u00a0\u00bb][et_pb_text _builder_version=\u00a0\u00bb4.27.2&Prime; _module_preset=\u00a0\u00bbdefault\u00a0\u00bb hover_enabled=\u00a0\u00bb0&Prime; global_colors_info=\u00a0\u00bb{}\u00a0\u00bb sticky_enabled=\u00a0\u00bb0&Prime;]<\/p>\n<h2><strong>Medienmitteilung des VMG vom 28. Juni 2025<\/strong><\/h2>\n<p>[\/et_pb_text][\/et_pb_column][et_pb_column type=\u00a0\u00bb2_5&Prime; _builder_version=\u00a0\u00bb4.27.2&Prime; _module_preset=\u00a0\u00bbdefault\u00a0\u00bb global_colors_info=\u00a0\u00bb{}\u00a0\u00bb][et_pb_image src=\u00a0\u00bbhttps:\/\/armeemuseum.ch\/wp-content\/uploads\/2025\/02\/Logo-VSAM-komprimiert.jpg\u00a0\u00bb title_text=\u00a0\u00bbEinfaches CMYK\u00a0\u00bb _builder_version=\u00a0\u00bb4.27.2&Prime; _module_preset=\u00a0\u00bbdefault\u00a0\u00bb global_colors_info=\u00a0\u00bb{}\u00a0\u00bb][\/et_pb_image][\/et_pb_column][\/et_pb_row][\/et_pb_section][et_pb_section fb_built=\u00a0\u00bb1&Prime; _builder_version=\u00a0\u00bb4.27.2&Prime; _module_preset=\u00a0\u00bbdefault\u00a0\u00bb global_colors_info=\u00a0\u00bb{}\u00a0\u00bb][et_pb_row _builder_version=\u00a0\u00bb4.27.2&Prime; _module_preset=\u00a0\u00bbdefault\u00a0\u00bb global_colors_info=\u00a0\u00bb{}\u00a0\u00bb][et_pb_column type=\u00a0\u00bb4_4&Prime; _builder_version=\u00a0\u00bb4.27.2&Prime; _module_preset=\u00a0\u00bbdefault\u00a0\u00bb global_colors_info=\u00a0\u00bb{}\u00a0\u00bb][et_pb_text _builder_version=\u00a0\u00bb4.27.2&Prime; _module_preset=\u00a0\u00bbdefault\u00a0\u00bb hover_enabled=\u00a0\u00bb0&Prime; global_colors_info=\u00a0\u00bb{}\u00a0\u00bb sticky_enabled=\u00a0\u00bb0&Prime;]<\/p>\n<p>Der Verband Milit\u00e4rischer Gesellschaften Schweiz (VMG) ver\u00f6ffentlichte am 28. Juni 2025 folgende Medienmitteilung:<\/p>\n<h3><strong>Zuerst Wiederaufbau \u2013 dann rascher Ausbau: Armeefinanzen zwingend bei 1% des<\/strong><br \/><strong>BIP bis sp\u00e4testens 2030 und ab 2031 Erh\u00f6hung auf mindestens 2% des BIP!<\/strong><\/h3>\n<p><a href=\"https:\/\/armeemuseum.ch\/wp-content\/uploads\/2025\/06\/Medienmitteilung_VMG_Miliz-Tag_Wiederaufbau-Ausbau_Armeefinanzen_final_d_28.06.2025.pdf\" rel=\"attachment noopener wp-att-49166\" target=\"_blank\">Medienmitteilung_VMG_Miliz-Tag_Wiederaufbau-Ausbau_Armeefinanzen_final_d_28.06.2025<\/a><\/p>\n<p><a href=\"https:\/\/armeemuseum.ch\/wp-content\/uploads\/2025\/06\/Communique-de-presse_ASM_3e-Journee-Milice_Finances-Armee_final_f_28.06.2025.pdf\" rel=\"attachment noopener wp-att-49170\" target=\"_blank\">Communiqu\u00e9-de-presse_ASM_3e-Journ\u00e9e-Milice_Finances-Arm\u00e9e_final_f_28.06.2025<\/a><\/p>\n<p><a href=\"https:\/\/armeemuseum.ch\/wp-content\/uploads\/2025\/06\/Communicato-stampa_ASM_3a-Giornata-Milizia_Finanze-del-Esercito_final_i_28.06.2025.pdf\" rel=\"attachment noopener wp-att-49174\" target=\"_blank\">Communicato-stampa_ASM_3a-Giornata-Milizia_Finanze-del-Esercito_final_i_28.06.2025<\/a><\/p>\n<p>[\/et_pb_text][\/et_pb_column][\/et_pb_row][\/et_pb_section]<\/p>\n","protected":false},"excerpt":{"rendered":"<p>Medienmitteilung des VMG vom 28. Juni 2025Der Verband Milit\u00e4rischer Gesellschaften Schweiz (VMG) ver\u00f6ffentlichte am 28. Juni 2025 folgende Medienmitteilung: Zuerst Wiederaufbau \u2013 dann rascher Ausbau: Armeefinanzen zwingend bei 1% desBIP bis sp\u00e4testens 2030 und ab 2031 Erh\u00f6hung auf mindestens 2% des BIP! Medienmitteilung_VMG_Miliz-Tag_Wiederaufbau-Ausbau_Armeefinanzen_final_d_28.06.2025 Communiqu\u00e9-de-presse_ASM_3e-Journ\u00e9e-Milice_Finances-Arm\u00e9e_final_f_28.06.2025 Communicato-stampa_ASM_3a-Giornata-Milizia_Finanze-del-Esercito_final_i_28.06.2025<\/p>\n","protected":false},"author":2,"featured_media":0,"comment_status":"closed","ping_status":"open","sticky":false,"template":"","format":"standard","meta":{"_et_pb_use_builder":"on","_et_pb_old_content":"","_et_gb_content_width":"","footnotes":""},"categories":[744,1],"tags":[],"class_list":["post-49159","post","type-post","status-publish","format-standard","hentry","category-news-2025","category-unkategorisiert"],"_links":{"self":[{"href":"https:\/\/armeemuseum.ch\/fr\/wp-json\/wp\/v2\/posts\/49159","targetHints":{"allow":["GET"]}}],"collection":[{"href":"https:\/\/armeemuseum.ch\/fr\/wp-json\/wp\/v2\/posts"}],"about":[{"href":"https:\/\/armeemuseum.ch\/fr\/wp-json\/wp\/v2\/types\/post"}],"author":[{"embeddable":true,"href":"https:\/\/armeemuseum.ch\/fr\/wp-json\/wp\/v2\/users\/2"}],"replies":[{"embeddable":true,"href":"https:\/\/armeemuseum.ch\/fr\/wp-json\/wp\/v2\/comments?post=49159"}],"version-history":[{"count":12,"href":"https:\/\/armeemuseum.ch\/fr\/wp-json\/wp\/v2\/posts\/49159\/revisions"}],"predecessor-version":[{"id":49192,"href":"https:\/\/armeemuseum.ch\/fr\/wp-json\/wp\/v2\/posts\/49159\/revisions\/49192"}],"wp:attachment":[{"href":"https:\/\/armeemuseum.ch\/fr\/wp-json\/wp\/v2\/media?parent=49159"}],"wp:term":[{"taxonomy":"category","embeddable":true,"href":"https:\/\/armeemuseum.ch\/fr\/wp-json\/wp\/v2\/categories?post=49159"},{"taxonomy":"post_tag","embeddable":true,"href":"https:\/\/armeemuseum.ch\/fr\/wp-json\/wp\/v2\/tags?post=49159"}],"curies":[{"name":"wp","href":"https:\/\/api.w.org\/{rel}","templated":true}]}}