{"id":48229,"date":"2024-06-03T18:06:11","date_gmt":"2024-06-03T17:06:11","guid":{"rendered":"https:\/\/www.armeemuseum.ch\/?p=48229"},"modified":"2024-06-08T21:57:02","modified_gmt":"2024-06-08T20:57:02","slug":"geschichte-der-schweizer-fliegerabwehr-rueckblick","status":"publish","type":"post","link":"https:\/\/armeemuseum.ch\/fr\/geschichte-der-schweizer-fliegerabwehr-rueckblick\/","title":{"rendered":"Geschichte der Schweizer Fliegerabwehr &#8211; R\u00fcckblick"},"content":{"rendered":"<p>[et_pb_section fb_built=\u00a0\u00bb1&Prime; _builder_version=\u00a0\u00bb4.24.3&Prime; _module_preset=\u00a0\u00bbdefault\u00a0\u00bb global_colors_info=\u00a0\u00bb{}\u00a0\u00bb][et_pb_row column_structure=\u00a0\u00bb3_5,2_5&Prime; _builder_version=\u00a0\u00bb4.24.3&Prime; _module_preset=\u00a0\u00bbdefault\u00a0\u00bb custom_padding=\u00a0\u00bb||9px|||\u00a0\u00bb global_colors_info=\u00a0\u00bb{}\u00a0\u00bb][et_pb_column type=\u00a0\u00bb3_5&Prime; _builder_version=\u00a0\u00bb4.24.3&Prime; _module_preset=\u00a0\u00bbdefault\u00a0\u00bb global_colors_info=\u00a0\u00bb{}\u00a0\u00bb][et_pb_text _builder_version=\u00a0\u00bb4.24.3&Prime; _module_preset=\u00a0\u00bbdefault\u00a0\u00bb global_colors_info=\u00a0\u00bb{}\u00a0\u00bb]<\/p>\n<h2><strong>Geschichte der Schweizer Fliegerabwehr<\/strong><\/h2>\n<h4>R\u00fcckblick auf den Vortrag vpm 22. Mai 2024<\/h4>\n<p>[\/et_pb_text][\/et_pb_column][et_pb_column type=\u00a0\u00bb2_5&Prime; _builder_version=\u00a0\u00bb4.24.3&Prime; _module_preset=\u00a0\u00bbdefault\u00a0\u00bb global_colors_info=\u00a0\u00bb{}\u00a0\u00bb][et_pb_image src=\u00a0\u00bbhttps:\/\/armeemuseum.ch\/wp-content\/uploads\/2024\/02\/Logo-VSAM-komprimiert.jpg\u00a0\u00bb title_text=\u00a0\u00bbEinfaches CMYK\u00a0\u00bb _builder_version=\u00a0\u00bb4.24.3&Prime; _module_preset=\u00a0\u00bbdefault\u00a0\u00bb global_colors_info=\u00a0\u00bb{}\u00a0\u00bb][\/et_pb_image][\/et_pb_column][\/et_pb_row][et_pb_row _builder_version=\u00a0\u00bb4.24.3&Prime; _module_preset=\u00a0\u00bbdefault\u00a0\u00bb custom_margin=\u00a0\u00bb|auto|-29px|auto||\u00a0\u00bb global_colors_info=\u00a0\u00bb{}\u00a0\u00bb][et_pb_column type=\u00a0\u00bb4_4&Prime; _builder_version=\u00a0\u00bb4.24.3&Prime; _module_preset=\u00a0\u00bbdefault\u00a0\u00bb global_colors_info=\u00a0\u00bb{}\u00a0\u00bb][et_pb_text _builder_version=\u00a0\u00bb4.24.3&Prime; _module_preset=\u00a0\u00bbdefault\u00a0\u00bb hover_enabled=\u00a0\u00bb0&Prime; global_colors_info=\u00a0\u00bb{}\u00a0\u00bb sticky_enabled=\u00a0\u00bb0&Prime;]<\/p>\n<h3><strong>Das Auf und Ab bei der Fliegerabwehr<\/strong><\/h3>\n<p><strong>\u00a0<\/strong><strong>Die Schweiz muss bei der Abwehr von Bedrohungen aus der Luft nach- und aufr\u00fcsten. Beat Benz, Vorstandsmitglied des Vereins der Freunde der Schweizerischen Luftwaffe, machte dies in seinem Vortrag deutlich \u2013 und zeigte Parallelen zu den 1930er-Jahren auf.<\/strong><\/p>\n<p>Auf dem H\u00f6hepunkt der Armee 61 war \u2013 zumindest theoretisch \u2013 jeder Quadratmeter der Schweiz durch Fliegerabwehrmittel abgedeckt. Der Weg dazu war lang, erst als die Spannungen in Europa nach der Macht\u00fcbernahme der Nationalsozialisten im Deutschen Reich zunahmen, schuf die Schweiz eine Fliegerabwehr (Flab). Im Aktivdienst wurde dann soweit m\u00f6glich aufger\u00fcstet, doch die Bem\u00fchungen erfolgten recht sp\u00e4t, waren langwierig und mit beschr\u00e4nktem Einsatzerfolg.<\/p>\n<p>Basierend auf den Lehren aus dem Zweiten Weltkrieg erfolgte w\u00e4hrend des Kalten Krieges eine rasche und umfassende Modernisierung der Schweizer Flab. Ende der 1960er-Jahre besass die Schweizer Armee schliesslich mit der Bloodhound-Lenkwaffe, dem Kampfflugzeug Mirage IIIS und dem Florida-Einsatzf\u00fchrungssystem sowie der neu eingef\u00fchrten radarisierten 35 mm Kanonensysteme eine Luftverteidigung, welche ihresgleichen in ganz Europa suchte.<\/p>\n<p>Beat Benz, Vorstandsmitglied des Vereins der Freunde der Schweizerischen Luftwaffe (VFL), f\u00fchrte in seinem Vortrag beim Verein Schweizer Armeemuseum durch die Entwicklung der Fliegerabwehr bis zur heutigen Bodengest\u00fctzten Luftverteidigung (Bodluv). Diese umfasst weit mehr als der Kampf gegen Flugzeuge, vielmehr sind heute deren Waffen (Raketen und Bomben) und Lenkwaffen sowie seit dem Ausbruch des Ukraine-Krieges auch Drohnen aller Arten und Gr\u00f6ssen im Fokus. Dies erfordert neue Waffen und Konzepte. Auf das Material \u2013 beispielsweise F35-Jets und Patriot-Lenkwaffen \u2013 muss man aufgrund der kriegerischen Ereignisse wieder relativ lange warten \u2013 eine Situation wie in den 1930er Jahren.<\/p>\n<p>Die aktuelle Situation der Bodluv beschrieb Benz nicht eben als rosig. Bei der Armee sind nur noch wenige 35 mm-Kanonensysteme und schultergest\u00fctzte Stinger-Lenkwaffen vorhanden und einsatzf\u00e4hig. Immerhin \u00e4usserte er Optimismus, dass die materiellen M\u00e4ngel erkannt und das Schliessen von F\u00e4higkeitsl\u00fccken angegangen worden seien.<\/p>\n<p>Hier gehts zum <a href=\"https:\/\/youtu.be\/ZHf8v99vmyY\">Video des Vortrages<\/a>.<\/p>\n<p>[\/et_pb_text][\/et_pb_column][\/et_pb_row][et_pb_row _builder_version=\u00a0\u00bb4.24.3&Prime; _module_preset=\u00a0\u00bbdefault\u00a0\u00bb custom_margin=\u00a0\u00bb|auto|-67px|auto||\u00a0\u00bb global_colors_info=\u00a0\u00bb{}\u00a0\u00bb][et_pb_column type=\u00a0\u00bb4_4&Prime; _builder_version=\u00a0\u00bb4.24.3&Prime; _module_preset=\u00a0\u00bbdefault\u00a0\u00bb global_colors_info=\u00a0\u00bb{}\u00a0\u00bb][et_pb_image src=\u00a0\u00bbhttps:\/\/armeemuseum.ch\/wp-content\/uploads\/2024\/06\/DSC_1306-scaled.jpg\u00a0\u00bb title_text=\u00a0\u00bbDSC_1306&Prime; _builder_version=\u00a0\u00bb4.24.3&Prime; _module_preset=\u00a0\u00bbdefault\u00a0\u00bb global_colors_info=\u00a0\u00bb{}\u00a0\u00bb][\/et_pb_image][\/et_pb_column][\/et_pb_row][et_pb_row _builder_version=\u00a0\u00bb4.24.3&Prime; _module_preset=\u00a0\u00bbdefault\u00a0\u00bb global_colors_info=\u00a0\u00bb{}\u00a0\u00bb][et_pb_column type=\u00a0\u00bb4_4&Prime; _builder_version=\u00a0\u00bb4.24.3&Prime; _module_preset=\u00a0\u00bbdefault\u00a0\u00bb global_colors_info=\u00a0\u00bb{}\u00a0\u00bb][et_pb_text _builder_version=\u00a0\u00bb4.24.3&Prime; _module_preset=\u00a0\u00bbdefault\u00a0\u00bb global_colors_info=\u00a0\u00bb{}\u00a0\u00bb]<\/p>\n<p style=\"text-align: right;\">Bild: Thomas Wermelinger<\/p>\n<p>[\/et_pb_text][\/et_pb_column][\/et_pb_row][\/et_pb_section]<\/p>\n","protected":false},"excerpt":{"rendered":"<p>Geschichte der Schweizer Fliegerabwehr R\u00fcckblick auf den Vortrag vpm 22. Mai 2024Das Auf und Ab bei der Fliegerabwehr \u00a0Die Schweiz muss bei der Abwehr von Bedrohungen aus der Luft nach- und aufr\u00fcsten. Beat Benz, Vorstandsmitglied des Vereins der Freunde der Schweizerischen Luftwaffe, machte dies in seinem Vortrag deutlich \u2013 und zeigte Parallelen zu den 1930er-Jahren [&hellip;]<\/p>\n","protected":false},"author":2,"featured_media":0,"comment_status":"closed","ping_status":"open","sticky":false,"template":"","format":"standard","meta":{"_et_pb_use_builder":"on","_et_pb_old_content":"","_et_gb_content_width":"","footnotes":""},"categories":[739],"tags":[],"class_list":["post-48229","post","type-post","status-publish","format-standard","hentry","category-news-2024"],"_links":{"self":[{"href":"https:\/\/armeemuseum.ch\/fr\/wp-json\/wp\/v2\/posts\/48229","targetHints":{"allow":["GET"]}}],"collection":[{"href":"https:\/\/armeemuseum.ch\/fr\/wp-json\/wp\/v2\/posts"}],"about":[{"href":"https:\/\/armeemuseum.ch\/fr\/wp-json\/wp\/v2\/types\/post"}],"author":[{"embeddable":true,"href":"https:\/\/armeemuseum.ch\/fr\/wp-json\/wp\/v2\/users\/2"}],"replies":[{"embeddable":true,"href":"https:\/\/armeemuseum.ch\/fr\/wp-json\/wp\/v2\/comments?post=48229"}],"version-history":[{"count":5,"href":"https:\/\/armeemuseum.ch\/fr\/wp-json\/wp\/v2\/posts\/48229\/revisions"}],"predecessor-version":[{"id":48249,"href":"https:\/\/armeemuseum.ch\/fr\/wp-json\/wp\/v2\/posts\/48229\/revisions\/48249"}],"wp:attachment":[{"href":"https:\/\/armeemuseum.ch\/fr\/wp-json\/wp\/v2\/media?parent=48229"}],"wp:term":[{"taxonomy":"category","embeddable":true,"href":"https:\/\/armeemuseum.ch\/fr\/wp-json\/wp\/v2\/categories?post=48229"},{"taxonomy":"post_tag","embeddable":true,"href":"https:\/\/armeemuseum.ch\/fr\/wp-json\/wp\/v2\/tags?post=48229"}],"curies":[{"name":"wp","href":"https:\/\/api.w.org\/{rel}","templated":true}]}}