{"id":48115,"date":"2024-05-15T16:43:35","date_gmt":"2024-05-15T15:43:35","guid":{"rendered":"https:\/\/www.armeemuseum.ch\/?p=48115"},"modified":"2024-06-03T18:06:51","modified_gmt":"2024-06-03T17:06:51","slug":"geschichte-der-schweizer-fliegerabwehr","status":"publish","type":"post","link":"https:\/\/armeemuseum.ch\/fr\/geschichte-der-schweizer-fliegerabwehr\/","title":{"rendered":"Geschichte der Schweizer Fliegerabwehr &#8211; Vorschau"},"content":{"rendered":"<p>[et_pb_section fb_built=\u00a0\u00bb1&Prime; _builder_version=\u00a0\u00bb4.24.3&Prime; _module_preset=\u00a0\u00bbdefault\u00a0\u00bb global_colors_info=\u00a0\u00bb{}\u00a0\u00bb][et_pb_row column_structure=\u00a0\u00bb3_5,2_5&Prime; _builder_version=\u00a0\u00bb4.24.3&Prime; _module_preset=\u00a0\u00bbdefault\u00a0\u00bb min_height=\u00a0\u00bb185.8px\u00a0\u00bb custom_padding=\u00a0\u00bb||12px|||\u00a0\u00bb global_colors_info=\u00a0\u00bb{}\u00a0\u00bb][et_pb_column type=\u00a0\u00bb3_5&Prime; _builder_version=\u00a0\u00bb4.24.3&Prime; _module_preset=\u00a0\u00bbdefault\u00a0\u00bb global_colors_info=\u00a0\u00bb{}\u00a0\u00bb][et_pb_text _builder_version=\u00a0\u00bb4.24.3&Prime; _module_preset=\u00a0\u00bbdefault\u00a0\u00bb global_colors_info=\u00a0\u00bb{}\u00a0\u00bb]<\/p>\n<h2>Die Entwicklung der Schweizer Fliegerabwehr<\/h2>\n<h4>Vorschau auf den Vortrag vom 22. Mai 2024 in Thun<\/h4>\n<p>[\/et_pb_text][\/et_pb_column][et_pb_column type=\u00a0\u00bb2_5&Prime; _builder_version=\u00a0\u00bb4.24.3&Prime; _module_preset=\u00a0\u00bbdefault\u00a0\u00bb global_colors_info=\u00a0\u00bb{}\u00a0\u00bb][et_pb_image src=\u00a0\u00bbhttps:\/\/armeemuseum.ch\/wp-content\/uploads\/2024\/02\/Logo-VSAM-komprimiert.jpg\u00a0\u00bb title_text=\u00a0\u00bbEinfaches CMYK\u00a0\u00bb _builder_version=\u00a0\u00bb4.24.3&Prime; _module_preset=\u00a0\u00bbdefault\u00a0\u00bb global_colors_info=\u00a0\u00bb{}\u00a0\u00bb][\/et_pb_image][\/et_pb_column][\/et_pb_row][et_pb_row _builder_version=\u00a0\u00bb4.24.3&Prime; _module_preset=\u00a0\u00bbdefault\u00a0\u00bb min_height=\u00a0\u00bb505.6px\u00a0\u00bb custom_margin=\u00a0\u00bb|auto|-64px|auto||\u00a0\u00bb global_colors_info=\u00a0\u00bb{}\u00a0\u00bb][et_pb_column type=\u00a0\u00bb4_4&Prime; _builder_version=\u00a0\u00bb4.24.3&Prime; _module_preset=\u00a0\u00bbdefault\u00a0\u00bb global_colors_info=\u00a0\u00bb{}\u00a0\u00bb][et_pb_text _builder_version=\u00a0\u00bb4.24.3&Prime; _module_preset=\u00a0\u00bbdefault\u00a0\u00bb global_colors_info=\u00a0\u00bb{}\u00a0\u00bb]<\/p>\n<p><strong>Die Bedeutung einer leistungsf\u00e4higen bodengest\u00fctzten Luftverteidigung zeigt sich derzeit in der Ukraine. Beat Benz zeigt in seinem Vortrag am 22. Mai beim Verein Schweizer Armeemuseum die Entwicklung der Fliegerabwehr .<\/strong><\/p>\n<p>Erst als die Spannungen in Europa nach der Macht\u00fcbernahme der Nationalsozialisten im Deutschen Reich merklich zunahmen, beschaffte die Schweiz das erste Material f\u00fcr die Fliegerabwehr (Flab). W\u00e4hrend des Zweiten Weltkrieges wurde diese mit in der Schweiz hergestelltem Material weiter ausgebaut. Der Erfolg blieb aber w\u00e4hrend des ganzen Krieges bescheiden; es wurden gerade einmal zehn fremde Flugzeuge abgeschossen.<\/p>\n<p>Beat Benz, Vorstandsmitglied des Vereins der Freunde der Schweizerischen Luftwaffe (VFL), ist ein profunder Kenner der terrestrischen Fliegerabwehr und kennt die Details. Basierend auf den Lehren aus dem Zweiten Weltkrieg erfolgte w\u00e4hrend des Kalten Krieges eine rasche und umfassende Modernisierung der Schweizer Flab. Radarsysteme f\u00fcr die Zielentdeckung und -verfolgung wurden beschafft, um gegnerische Luftziele auch bei schlechter Witterung bek\u00e4mpfen zu k\u00f6nnen. Neue leistungsf\u00e4hige leichte und mittlere Gesch\u00fctze f\u00fcr die Abwehr von schnell- und tieffliegenden Flugzeugen wurden von der eigenen R\u00fcstungsindustrie entwickelt.<\/p>\n<p>Ende der 1960er-Jahre besass die Schweizer Armee mit der Langstreckenlenkwaffe BL-64 Bloodhound, dem neuen Kampfflugzeug Mirage IIIS und dem Florida-Einsatzf\u00fchrungssystem eine integrierte Luftverteidigung, welche ihresgleichen in ganz Europa suchte.<\/p>\n<p>Mit dem Ende des Kalten Krieges \u2013 zu Beginn der 1990er-Jahre \u2013 begann aber auch f\u00fcr die Flab der stetige Abbau von Formationen und Material, wie der Referent aufzeigen wird. Erst mit dem im Jahr 2022 ausgebrochenen Krieg in der Ukraine ist eine Trendwende absehbar.<\/p>\n<p><u>Treffpunkt:<\/u> Mittwoch, 22. Mai 2024, 18.45 Uhr, auf dem Parkplatz der ehemaligen Soldatenstube<br \/>3 Tannen an der Allmendstrasse in Thun (Einweisung). Anreise mit dem \u00f6ffentlichen Verkehr ab Bahnhof Thun mit Buslinie 4 bis Haltestelle Kleine Allmend. Beginn 19 Uhr.<\/p>\n<p>[\/et_pb_text][\/et_pb_column][\/et_pb_row][et_pb_row _builder_version=\u00a0\u00bb4.24.3&Prime; _module_preset=\u00a0\u00bbdefault\u00a0\u00bb global_colors_info=\u00a0\u00bb{}\u00a0\u00bb][et_pb_column type=\u00a0\u00bb4_4&Prime; _builder_version=\u00a0\u00bb4.24.3&Prime; _module_preset=\u00a0\u00bbdefault\u00a0\u00bb global_colors_info=\u00a0\u00bb{}\u00a0\u00bb][et_pb_image src=\u00a0\u00bbhttps:\/\/armeemuseum.ch\/wp-content\/uploads\/2024\/05\/Treffpunkt-Vortrag-Thun-1.jpg\u00a0\u00bb title_text=\u00a0\u00bbTreffpunkt Vortrag Thun\u00a0\u00bb _builder_version=\u00a0\u00bb4.24.3&Prime; _module_preset=\u00a0\u00bbdefault\u00a0\u00bb hover_enabled=\u00a0\u00bb0&Prime; global_colors_info=\u00a0\u00bb{}\u00a0\u00bb sticky_enabled=\u00a0\u00bb0&Prime;][\/et_pb_image][\/et_pb_column][\/et_pb_row][et_pb_row column_structure=\u00a0\u00bb1_3,1_3,1_3&Prime; _builder_version=\u00a0\u00bb4.24.3&Prime; _module_preset=\u00a0\u00bbdefault\u00a0\u00bb custom_margin=\u00a0\u00bb|auto|-131px|auto||\u00a0\u00bb global_colors_info=\u00a0\u00bb{}\u00a0\u00bb][et_pb_column type=\u00a0\u00bb1_3&Prime; _builder_version=\u00a0\u00bb4.24.3&Prime; _module_preset=\u00a0\u00bbdefault\u00a0\u00bb global_colors_info=\u00a0\u00bb{}\u00a0\u00bb][et_pb_image src=\u00a0\u00bbhttps:\/\/armeemuseum.ch\/wp-content\/uploads\/2024\/05\/Bild-1.jpg\u00a0\u00bb title_text=\u00a0\u00bbBild 1&Prime; _builder_version=\u00a0\u00bb4.24.3&Prime; _module_preset=\u00a0\u00bbdefault\u00a0\u00bb global_colors_info=\u00a0\u00bb{}\u00a0\u00bb][\/et_pb_image][\/et_pb_column][et_pb_column type=\u00a0\u00bb1_3&Prime; _builder_version=\u00a0\u00bb4.24.3&Prime; _module_preset=\u00a0\u00bbdefault\u00a0\u00bb global_colors_info=\u00a0\u00bb{}\u00a0\u00bb][et_pb_image src=\u00a0\u00bbhttps:\/\/armeemuseum.ch\/wp-content\/uploads\/2024\/05\/Bild-2.jpg\u00a0\u00bb title_text=\u00a0\u00bbBild 2&Prime; _builder_version=\u00a0\u00bb4.24.3&Prime; _module_preset=\u00a0\u00bbdefault\u00a0\u00bb global_colors_info=\u00a0\u00bb{}\u00a0\u00bb][\/et_pb_image][\/et_pb_column][et_pb_column type=\u00a0\u00bb1_3&Prime; _builder_version=\u00a0\u00bb4.24.3&Prime; _module_preset=\u00a0\u00bbdefault\u00a0\u00bb global_colors_info=\u00a0\u00bb{}\u00a0\u00bb][et_pb_image src=\u00a0\u00bbhttps:\/\/armeemuseum.ch\/wp-content\/uploads\/2024\/05\/Bild-3.jpg\u00a0\u00bb title_text=\u00a0\u00bbBild 3&Prime; _builder_version=\u00a0\u00bb4.24.3&Prime; _module_preset=\u00a0\u00bbdefault\u00a0\u00bb global_colors_info=\u00a0\u00bb{}\u00a0\u00bb][\/et_pb_image][\/et_pb_column][\/et_pb_row][\/et_pb_section][et_pb_section fb_built=\u00a0\u00bb1&Prime; _builder_version=\u00a0\u00bb4.24.3&Prime; _module_preset=\u00a0\u00bbdefault\u00a0\u00bb global_colors_info=\u00a0\u00bb{}\u00a0\u00bb][et_pb_row column_structure=\u00a0\u00bb1_3,1_3,1_3&Prime; _builder_version=\u00a0\u00bb4.24.3&Prime; _module_preset=\u00a0\u00bbdefault\u00a0\u00bb custom_padding=\u00a0\u00bb||0px|||\u00a0\u00bb global_colors_info=\u00a0\u00bb{}\u00a0\u00bb][et_pb_column type=\u00a0\u00bb1_3&Prime; _builder_version=\u00a0\u00bb4.24.3&Prime; _module_preset=\u00a0\u00bbdefault\u00a0\u00bb global_colors_info=\u00a0\u00bb{}\u00a0\u00bb][et_pb_image src=\u00a0\u00bbhttps:\/\/armeemuseum.ch\/wp-content\/uploads\/2024\/05\/Bild-4.jpg\u00a0\u00bb title_text=\u00a0\u00bbBild 4&Prime; _builder_version=\u00a0\u00bb4.24.3&Prime; _module_preset=\u00a0\u00bbdefault\u00a0\u00bb global_colors_info=\u00a0\u00bb{}\u00a0\u00bb][\/et_pb_image][\/et_pb_column][et_pb_column type=\u00a0\u00bb1_3&Prime; _builder_version=\u00a0\u00bb4.24.3&Prime; _module_preset=\u00a0\u00bbdefault\u00a0\u00bb global_colors_info=\u00a0\u00bb{}\u00a0\u00bb][et_pb_image src=\u00a0\u00bbhttps:\/\/armeemuseum.ch\/wp-content\/uploads\/2024\/05\/Bild-5.jpg\u00a0\u00bb title_text=\u00a0\u00bbBild 5&Prime; _builder_version=\u00a0\u00bb4.24.3&Prime; _module_preset=\u00a0\u00bbdefault\u00a0\u00bb global_colors_info=\u00a0\u00bb{}\u00a0\u00bb][\/et_pb_image][\/et_pb_column][et_pb_column type=\u00a0\u00bb1_3&Prime; _builder_version=\u00a0\u00bb4.24.3&Prime; _module_preset=\u00a0\u00bbdefault\u00a0\u00bb global_colors_info=\u00a0\u00bb{}\u00a0\u00bb][et_pb_image src=\u00a0\u00bbhttps:\/\/armeemuseum.ch\/wp-content\/uploads\/2024\/05\/Bild-6.jpg\u00a0\u00bb title_text=\u00a0\u00bbBild 6&Prime; _builder_version=\u00a0\u00bb4.24.3&Prime; _module_preset=\u00a0\u00bbdefault\u00a0\u00bb global_colors_info=\u00a0\u00bb{}\u00a0\u00bb][\/et_pb_image][\/et_pb_column][\/et_pb_row][et_pb_row _builder_version=\u00a0\u00bb4.24.3&Prime; _module_preset=\u00a0\u00bbdefault\u00a0\u00bb global_colors_info=\u00a0\u00bb{}\u00a0\u00bb][et_pb_column type=\u00a0\u00bb4_4&Prime; _builder_version=\u00a0\u00bb4.24.3&Prime; _module_preset=\u00a0\u00bbdefault\u00a0\u00bb global_colors_info=\u00a0\u00bb{}\u00a0\u00bb][et_pb_text _builder_version=\u00a0\u00bb4.24.3&Prime; _module_preset=\u00a0\u00bbdefault\u00a0\u00bb global_colors_info=\u00a0\u00bb{}\u00a0\u00bb]<\/p>\n<p style=\"text-align: right;\">Maschinengewehre, Kanonen und Scheinwerfer: Verschiedenes Material der Schweizer Fliegerabwehr im Laufe der Zeit. \u00a9 ZVG\/VSAM<\/p>\n<p>[\/et_pb_text][\/et_pb_column][\/et_pb_row][\/et_pb_section]<\/p>\n","protected":false},"excerpt":{"rendered":"<p>Die Entwicklung der Schweizer Fliegerabwehr Vorschau auf den Vortrag vom 22. Mai 2024 in ThunDie Bedeutung einer leistungsf\u00e4higen bodengest\u00fctzten Luftverteidigung zeigt sich derzeit in der Ukraine. Beat Benz zeigt in seinem Vortrag am 22. Mai beim Verein Schweizer Armeemuseum die Entwicklung der Fliegerabwehr . Erst als die Spannungen in Europa nach der Macht\u00fcbernahme der Nationalsozialisten [&hellip;]<\/p>\n","protected":false},"author":2,"featured_media":0,"comment_status":"closed","ping_status":"open","sticky":false,"template":"","format":"standard","meta":{"_et_pb_use_builder":"on","_et_pb_old_content":"","_et_gb_content_width":"","footnotes":""},"categories":[739],"tags":[],"class_list":["post-48115","post","type-post","status-publish","format-standard","hentry","category-news-2024"],"_links":{"self":[{"href":"https:\/\/armeemuseum.ch\/fr\/wp-json\/wp\/v2\/posts\/48115","targetHints":{"allow":["GET"]}}],"collection":[{"href":"https:\/\/armeemuseum.ch\/fr\/wp-json\/wp\/v2\/posts"}],"about":[{"href":"https:\/\/armeemuseum.ch\/fr\/wp-json\/wp\/v2\/types\/post"}],"author":[{"embeddable":true,"href":"https:\/\/armeemuseum.ch\/fr\/wp-json\/wp\/v2\/users\/2"}],"replies":[{"embeddable":true,"href":"https:\/\/armeemuseum.ch\/fr\/wp-json\/wp\/v2\/comments?post=48115"}],"version-history":[{"count":9,"href":"https:\/\/armeemuseum.ch\/fr\/wp-json\/wp\/v2\/posts\/48115\/revisions"}],"predecessor-version":[{"id":48242,"href":"https:\/\/armeemuseum.ch\/fr\/wp-json\/wp\/v2\/posts\/48115\/revisions\/48242"}],"wp:attachment":[{"href":"https:\/\/armeemuseum.ch\/fr\/wp-json\/wp\/v2\/media?parent=48115"}],"wp:term":[{"taxonomy":"category","embeddable":true,"href":"https:\/\/armeemuseum.ch\/fr\/wp-json\/wp\/v2\/categories?post=48115"},{"taxonomy":"post_tag","embeddable":true,"href":"https:\/\/armeemuseum.ch\/fr\/wp-json\/wp\/v2\/tags?post=48115"}],"curies":[{"name":"wp","href":"https:\/\/api.w.org\/{rel}","templated":true}]}}