{"id":47515,"date":"2024-03-21T15:48:58","date_gmt":"2024-03-21T14:48:58","guid":{"rendered":"https:\/\/www.armeemuseum.ch\/?p=47515"},"modified":"2024-03-28T15:39:46","modified_gmt":"2024-03-28T14:39:46","slug":"das-freiwillige-armeekorps-rueckblick","status":"publish","type":"post","link":"https:\/\/armeemuseum.ch\/fr\/das-freiwillige-armeekorps-rueckblick\/","title":{"rendered":"Das Freiwillige Automobilkorps &#8211; R\u00fcckblick"},"content":{"rendered":"<p>[et_pb_section fb_built=\u00a0\u00bb1&Prime; _builder_version=\u00a0\u00bb4.24.2&Prime; _module_preset=\u00a0\u00bbdefault\u00a0\u00bb global_colors_info=\u00a0\u00bb{}\u00a0\u00bb][et_pb_row column_structure=\u00a0\u00bb3_5,2_5&Prime; _builder_version=\u00a0\u00bb4.24.2&Prime; _module_preset=\u00a0\u00bbdefault\u00a0\u00bb custom_margin=\u00a0\u00bb|auto|-51px|auto||\u00a0\u00bb global_colors_info=\u00a0\u00bb{}\u00a0\u00bb][et_pb_column type=\u00a0\u00bb3_5&Prime; _builder_version=\u00a0\u00bb4.24.2&Prime; _module_preset=\u00a0\u00bbdefault\u00a0\u00bb global_colors_info=\u00a0\u00bb{}\u00a0\u00bb][et_pb_text _builder_version=\u00a0\u00bb4.24.2&Prime; _module_preset=\u00a0\u00bbdefault\u00a0\u00bb global_colors_info=\u00a0\u00bb{}\u00a0\u00bb]<\/p>\n<h1><strong>Das Freiwillige Automobilkorps<\/strong><\/h1>\n<h4>R\u00fcckblick auf den Vortrag vom 20. M\u00e4rz 2024<\/h4>\n<p>[\/et_pb_text][\/et_pb_column][et_pb_column type=\u00a0\u00bb2_5&Prime; _builder_version=\u00a0\u00bb4.24.2&Prime; _module_preset=\u00a0\u00bbdefault\u00a0\u00bb global_colors_info=\u00a0\u00bb{}\u00a0\u00bb][et_pb_image src=\u00a0\u00bbhttps:\/\/armeemuseum.ch\/wp-content\/uploads\/2024\/02\/Logo-VSAM-komprimiert.jpg\u00a0\u00bb title_text=\u00a0\u00bbEinfaches CMYK\u00a0\u00bb _builder_version=\u00a0\u00bb4.24.2&Prime; _module_preset=\u00a0\u00bbdefault\u00a0\u00bb global_colors_info=\u00a0\u00bb{}\u00a0\u00bb][\/et_pb_image][\/et_pb_column][\/et_pb_row][et_pb_row _builder_version=\u00a0\u00bb4.24.2&Prime; _module_preset=\u00a0\u00bbdefault\u00a0\u00bb custom_margin=\u00a0\u00bb|auto|-68px|auto||\u00a0\u00bb global_colors_info=\u00a0\u00bb{}\u00a0\u00bb][et_pb_column type=\u00a0\u00bb4_4&Prime; _builder_version=\u00a0\u00bb4.24.2&Prime; _module_preset=\u00a0\u00bbdefault\u00a0\u00bb global_colors_info=\u00a0\u00bb{}\u00a0\u00bb][et_pb_text _builder_version=\u00a0\u00bb4.24.2&Prime; _module_preset=\u00a0\u00bbdefault\u00a0\u00bb hover_enabled=\u00a0\u00bb0&Prime; global_colors_info=\u00a0\u00bb{}\u00a0\u00bb sticky_enabled=\u00a0\u00bb0&Prime;]<\/p>\n<p><strong>Eine kleine exklusive Offizierstruppe<\/strong><\/p>\n<p><strong>Nur gerade zehn Jahre war das Freiwillige Automobilkorps im Einsatz. Jedoch in einer f\u00fcr die Schweizer Armee wichtigen Entwicklungsphase: Der vorsichtigen Einf\u00fchrung von Motorfahrzeugen, wie J\u00fcrg Burlet in seinem Vortrag beim Verein Schweizer Armeemuseum (VSAM) aufzeigte.<\/strong><\/p>\n<p>Die Gruppe umfasste wohl nur gegen hundert Personen. Doch sie waren Enthusiasten und damals seltene Spezialisten, die sich und ihre privaten Personenwagen der Armee zur Verf\u00fcgung stellten. Zwischen 1907 und 1917 unterst\u00fctzte dieses Freiwillige Automobilkorps \u2013 initiert durch den Automobilclub der Schweiz ACS \u2013 die Armee bei den ersten zaghaften Versuchen mit Motorfahrzeugen. Die entsprechenden Fahrzeugbesitzer mussten neben ihrem Auto auch gleich ihren eigenen Mechaniker in den Dienst mitbringen, da das Korps nat\u00fcrlich eine grosse Vielfalt an Fahrzeugtypen umfasste und diese noch recht st\u00f6rungsanf\u00e4llig waren. Zum Einsatz kamen diese mit speziellen Uniformen ausger\u00fcsteten Milizler vor allem bei den St\u00e4ben \u2013 w\u00e4hrend Man\u00f6vern und im Ersten Weltkrieg.<\/p>\n<p>Die Aktenlage ist relativ d\u00fcrftig, doch Referent J\u00fcrg Burlet hat neben wichtigen Grundlagendokumente einige seltene Fotos entdeckt, auf denen auch die Uniformen dieser Automobil-Offiziere (ohne Grad!) und ihre speziellen Abzeichen zu sehen sind. Sie waren nicht nur eine exklusive Truppe, sie f\u00fchrten sich wohl damals zu recht als etwas Besonderes, da sich nur ein kleine Minderheit der Schweizer \u00fcberhaupt eines der damals neuen und oft skeptisch bis ablehnend betrachteten Fahrzeuge leisten konnte.<\/p>\n<p>Im Laufe des Ersten Weltkrieges wurden zunehmend Fahrzeuge bei der Armee eingef\u00fchrt, vor allem Lastwagen f\u00fcr Transportaufgaben wurden immer wichtiger. Der Motorwagendienst (MWD) entstand und 1917 wurde das Korps aufgel\u00f6st respektive in den MWD \u00fcberf\u00fchrt. 1924 wurden dann die Motorfahrer als eigene Truppengattung eingef\u00fchrt und in der Folge wurde das Pferd als Transport- und Zugmittel bis zur Einf\u00fchrung der Truppenordnung 51 langsam aber stetig bei der Truppe abgel\u00f6st.<\/p>\n<p>Motorfahrzeuge werden in diesem Jahr noch weiter Thema beim Verein Schweizer Armeemuseum sein: Vor 125 Jahren wurden die ersten Fahrzeuge probehalber im Milit\u00e4r eingesetzt. Dazu findet am 10. Juli 2024 in Burgdorf ein weiterer Vortrag sowie die Pr\u00e4sentation einer entsprechenden illustrierten Chronik statt.<\/p>\n<p><a href=\"https:\/\/youtu.be\/vIKQO2nDmUM\" target=\"_blank\" rel=\"noopener\">Hier gehts zum Video<\/a>.<\/p>\n<p>[\/et_pb_text][\/et_pb_column][\/et_pb_row][et_pb_row _builder_version=\u00a0\u00bb4.24.2&Prime; _module_preset=\u00a0\u00bbdefault\u00a0\u00bb global_colors_info=\u00a0\u00bb{}\u00a0\u00bb][et_pb_column type=\u00a0\u00bb4_4&Prime; _builder_version=\u00a0\u00bb4.24.2&Prime; _module_preset=\u00a0\u00bbdefault\u00a0\u00bb global_colors_info=\u00a0\u00bb{}\u00a0\u00bb][et_pb_image src=\u00a0\u00bbhttps:\/\/armeemuseum.ch\/wp-content\/uploads\/2024\/03\/DSC_1090.jpg\u00a0\u00bb title_text=\u00a0\u00bbDSC_1090&Prime; _builder_version=\u00a0\u00bb4.24.2&Prime; _module_preset=\u00a0\u00bbdefault\u00a0\u00bb global_colors_info=\u00a0\u00bb{}\u00a0\u00bb][\/et_pb_image][et_pb_image src=\u00a0\u00bbhttps:\/\/armeemuseum.ch\/wp-content\/uploads\/2024\/03\/DSC_1097.jpg\u00a0\u00bb title_text=\u00a0\u00bbDSC_1097&Prime; _builder_version=\u00a0\u00bb4.24.2&Prime; _module_preset=\u00a0\u00bbdefault\u00a0\u00bb global_colors_info=\u00a0\u00bb{}\u00a0\u00bb][\/et_pb_image][et_pb_image src=\u00a0\u00bbhttps:\/\/armeemuseum.ch\/wp-content\/uploads\/2024\/03\/DSC_1094.jpg\u00a0\u00bb title_text=\u00a0\u00bbDSC_1094&Prime; _builder_version=\u00a0\u00bb4.24.2&Prime; _module_preset=\u00a0\u00bbdefault\u00a0\u00bb global_colors_info=\u00a0\u00bb{}\u00a0\u00bb][\/et_pb_image][et_pb_image src=\u00a0\u00bbhttps:\/\/armeemuseum.ch\/wp-content\/uploads\/2024\/03\/DSC_1124.jpg\u00a0\u00bb title_text=\u00a0\u00bbDSC_1124&Prime; _builder_version=\u00a0\u00bb4.24.2&Prime; _module_preset=\u00a0\u00bbdefault\u00a0\u00bb global_colors_info=\u00a0\u00bb{}\u00a0\u00bb][\/et_pb_image][et_pb_image src=\u00a0\u00bbhttps:\/\/armeemuseum.ch\/wp-content\/uploads\/2024\/03\/DSC_1126.jpg\u00a0\u00bb title_text=\u00a0\u00bbDSC_1126&Prime; _builder_version=\u00a0\u00bb4.24.2&Prime; _module_preset=\u00a0\u00bbdefault\u00a0\u00bb global_colors_info=\u00a0\u00bb{}\u00a0\u00bb][\/et_pb_image][et_pb_text _builder_version=\u00a0\u00bb4.24.2&Prime; _module_preset=\u00a0\u00bbdefault\u00a0\u00bb global_colors_info=\u00a0\u00bb{}\u00a0\u00bb]<\/p>\n<p style=\"text-align: right;\">Fotos: Thomas Wermelinger<\/p>\n<p>[\/et_pb_text][\/et_pb_column][\/et_pb_row][\/et_pb_section]<\/p>\n","protected":false},"excerpt":{"rendered":"<p>Das Freiwillige Automobilkorps R\u00fcckblick auf den Vortrag vom 20. M\u00e4rz 2024Eine kleine exklusive Offizierstruppe Nur gerade zehn Jahre war das Freiwillige Automobilkorps im Einsatz. Jedoch in einer f\u00fcr die Schweizer Armee wichtigen Entwicklungsphase: Der vorsichtigen Einf\u00fchrung von Motorfahrzeugen, wie J\u00fcrg Burlet in seinem Vortrag beim Verein Schweizer Armeemuseum (VSAM) aufzeigte. Die Gruppe umfasste wohl nur [&hellip;]<\/p>\n","protected":false},"author":2,"featured_media":0,"comment_status":"closed","ping_status":"open","sticky":false,"template":"","format":"standard","meta":{"_et_pb_use_builder":"on","_et_pb_old_content":"","_et_gb_content_width":"","footnotes":""},"categories":[739],"tags":[],"class_list":["post-47515","post","type-post","status-publish","format-standard","hentry","category-news-2024"],"_links":{"self":[{"href":"https:\/\/armeemuseum.ch\/fr\/wp-json\/wp\/v2\/posts\/47515","targetHints":{"allow":["GET"]}}],"collection":[{"href":"https:\/\/armeemuseum.ch\/fr\/wp-json\/wp\/v2\/posts"}],"about":[{"href":"https:\/\/armeemuseum.ch\/fr\/wp-json\/wp\/v2\/types\/post"}],"author":[{"embeddable":true,"href":"https:\/\/armeemuseum.ch\/fr\/wp-json\/wp\/v2\/users\/2"}],"replies":[{"embeddable":true,"href":"https:\/\/armeemuseum.ch\/fr\/wp-json\/wp\/v2\/comments?post=47515"}],"version-history":[{"count":14,"href":"https:\/\/armeemuseum.ch\/fr\/wp-json\/wp\/v2\/posts\/47515\/revisions"}],"predecessor-version":[{"id":47591,"href":"https:\/\/armeemuseum.ch\/fr\/wp-json\/wp\/v2\/posts\/47515\/revisions\/47591"}],"wp:attachment":[{"href":"https:\/\/armeemuseum.ch\/fr\/wp-json\/wp\/v2\/media?parent=47515"}],"wp:term":[{"taxonomy":"category","embeddable":true,"href":"https:\/\/armeemuseum.ch\/fr\/wp-json\/wp\/v2\/categories?post=47515"},{"taxonomy":"post_tag","embeddable":true,"href":"https:\/\/armeemuseum.ch\/fr\/wp-json\/wp\/v2\/tags?post=47515"}],"curies":[{"name":"wp","href":"https:\/\/api.w.org\/{rel}","templated":true}]}}