{"id":34729,"date":"2020-01-23T18:52:59","date_gmt":"2020-01-23T17:52:59","guid":{"rendered":"https:\/\/www.armeemuseum.ch\/die-schreckensnacht-von-mitholz-rueckblick\/"},"modified":"2020-01-23T19:11:10","modified_gmt":"2020-01-23T18:11:10","slug":"die-schreckensnacht-von-mitholz-rueckblick","status":"publish","type":"post","link":"https:\/\/armeemuseum.ch\/fr\/die-schreckensnacht-von-mitholz-rueckblick\/","title":{"rendered":"Die Schreckensnacht von Mitholz &#8211; R\u00fcckblick"},"content":{"rendered":"<p>[et_pb_section bb_built=\u00a0\u00bb1&Prime; admin_label=\u00a0\u00bbsection\u00a0\u00bb][et_pb_row admin_label=\u00a0\u00bbrow\u00a0\u00bb][et_pb_column type=\u00a0\u00bb2_3&Prime;][et_pb_text admin_label=\u00a0\u00bbText\u00a0\u00bb background_layout=\u00a0\u00bblight\u00a0\u00bb text_orientation=\u00a0\u00bbleft\u00a0\u00bb use_border_color=\u00a0\u00bboff\u00a0\u00bb border_color=\u00a0\u00bb#ffffff\u00a0\u00bb border_style=\u00a0\u00bbsolid\u00a0\u00bb]<\/p>\n<h2><strong>Die Schreckensnacht von Mitholz<\/strong><\/h2>\n<h4>R\u00fcckblick auf den Vortrag vom 22. Januar 2020<\/h4>\n<p>[\/et_pb_text][\/et_pb_column][et_pb_column type=\u00a0\u00bb1_3&Prime;][et_pb_image admin_label=\u00a0\u00bbBild\u00a0\u00bb src=\u00a0\u00bbhttps:\/\/armeemuseum.ch\/wp-content\/uploads\/2019\/04\/Logo-VSAM-komprimiert-2.jpg\u00a0\u00bb show_in_lightbox=\u00a0\u00bboff\u00a0\u00bb url_new_window=\u00a0\u00bboff\u00a0\u00bb use_overlay=\u00a0\u00bboff\u00a0\u00bb animation=\u00a0\u00bbleft\u00a0\u00bb sticky=\u00a0\u00bboff\u00a0\u00bb align=\u00a0\u00bbleft\u00a0\u00bb force_fullwidth=\u00a0\u00bboff\u00a0\u00bb always_center_on_mobile=\u00a0\u00bbon\u00a0\u00bb use_border_color=\u00a0\u00bboff\u00a0\u00bb border_color=\u00a0\u00bb#ffffff\u00a0\u00bb border_style=\u00a0\u00bbsolid\u00a0\u00bb \/][\/et_pb_column][\/et_pb_row][et_pb_row admin_label=\u00a0\u00bbZeile\u00a0\u00bb][et_pb_column type=\u00a0\u00bb4_4&Prime;][et_pb_image admin_label=\u00a0\u00bbBild\u00a0\u00bb src=\u00a0\u00bbhttps:\/\/armeemuseum.ch\/wp-content\/uploads\/2020\/01\/Collage-Hauptbild-VSAM_000.jpg\u00a0\u00bb show_in_lightbox=\u00a0\u00bboff\u00a0\u00bb url_new_window=\u00a0\u00bboff\u00a0\u00bb use_overlay=\u00a0\u00bboff\u00a0\u00bb animation=\u00a0\u00bbleft\u00a0\u00bb sticky=\u00a0\u00bboff\u00a0\u00bb align=\u00a0\u00bbleft\u00a0\u00bb force_fullwidth=\u00a0\u00bboff\u00a0\u00bb always_center_on_mobile=\u00a0\u00bbon\u00a0\u00bb use_border_color=\u00a0\u00bboff\u00a0\u00bb border_color=\u00a0\u00bb#ffffff\u00a0\u00bb border_style=\u00a0\u00bbsolid\u00a0\u00bb \/][et_pb_text admin_label=\u00a0\u00bbText\u00a0\u00bb background_layout=\u00a0\u00bblight\u00a0\u00bb text_orientation=\u00a0\u00bbleft\u00a0\u00bb use_border_color=\u00a0\u00bboff\u00a0\u00bb border_color=\u00a0\u00bb#ffffff\u00a0\u00bb border_style=\u00a0\u00bbsolid\u00a0\u00bb]<\/p>\n<p>&nbsp;<\/p>\n<p>Textbeitrag folgt<\/p>\n<p>[\/et_pb_text][et_pb_gallery admin_label=\u00a0\u00bbGalerie\u00a0\u00bb gallery_ids=\u00a0\u00bb34549,34553,34557,34561,34721,34573,34577,34581,34585,34589,34593,34597,34601,34605,34609,34613,34617,34621,34625,34629,34633,34637,34641,34645,34649,34653,34657,34661,34665,34669,34673,34677,34681,34685,34689,34693,34697,34701,34705,34709,34713,34717&Prime; fullwidth=\u00a0\u00bbon\u00a0\u00bb orientation=\u00a0\u00bblandscape\u00a0\u00bb show_title_and_caption=\u00a0\u00bbon\u00a0\u00bb show_pagination=\u00a0\u00bboff\u00a0\u00bb background_layout=\u00a0\u00bblight\u00a0\u00bb auto=\u00a0\u00bboff\u00a0\u00bb db_image_max_width_tablet=\u00a0\u00bb51&Prime; db_image_max_height_tablet=\u00a0\u00bb501&Prime; db_image_row_spacing_tablet=\u00a0\u00bb51&Prime; db_image_center_titles=\u00a0\u00bbleft\u00a0\u00bb db_image_object_fit=\u00a0\u00bbinitial\u00a0\u00bb hover_overlay_color=\u00a0\u00bbrgba(255,255,255,0.9)\u00a0\u00bb use_border_color=\u00a0\u00bboff\u00a0\u00bb border_color=\u00a0\u00bb#ffffff\u00a0\u00bb border_style=\u00a0\u00bbsolid\u00a0\u00bb \/][et_pb_text admin_label=\u00a0\u00bbText\u00a0\u00bb background_layout=\u00a0\u00bblight\u00a0\u00bb text_orientation=\u00a0\u00bbleft\u00a0\u00bb use_border_color=\u00a0\u00bboff\u00a0\u00bb border_color=\u00a0\u00bb#ffffff\u00a0\u00bb border_style=\u00a0\u00bbsolid\u00a0\u00bb]<\/p>\n<p style=\"text-align: right;\">Fotos: \u00a9 Markus Hubacher, Spiez<\/p>\n<p>[\/et_pb_text][et_pb_text admin_label=\u00a0\u00bbText\u00a0\u00bb background_layout=\u00a0\u00bblight\u00a0\u00bb text_orientation=\u00a0\u00bbleft\u00a0\u00bb use_border_color=\u00a0\u00bboff\u00a0\u00bb border_color=\u00a0\u00bb#ffffff\u00a0\u00bb border_style=\u00a0\u00bbsolid\u00a0\u00bb]<\/p>\n<p>&nbsp;<\/p>\n<p><strong>Vom Vortragsreferenten ist erschienen:<br \/>\n<\/strong><\/p>\n<p><span style=\"font-size: 12pt;\"><strong>Die Schreckensnacht von Mitholz\u00a0<\/strong><\/span><\/p>\n<p><strong>Startausgabe \u2013 die letzten Exemplare<\/strong><\/p>\n<p>Die letzten Exemplare der Startauflage liegen f\u00fcr den Verkauf bereit \u2013 \u00fcber eine allf\u00e4llige kleine Neuauflage wird im Laufe des Jahres entschieden.<\/p>\n<p>Die Ereignisse kurz vor Weihnachten 1947 in Mitholz im Kandertal machen heute noch betroffen. Die Wunden in den betroffenen Familien sind meist nur oberfl\u00e4chlich verheilt. Oftmals wird schlicht nicht \u00fcber die Munitionsexplosion im riesigen unterirdischen Magazin und deren Folgen \u2013 9 Todesopfer \u2013 gesprochen. Nicht offengelegt hat bis vor kurzem auch die Armee, dass von den eingelagerten 7000 Tonnen Munition etwa die H\u00e4lfte noch in und vor der Anlage herumliegen \u2013 und das seit \u00fcber 70 Jahren!<\/p>\n<p>Das Buch zeigt auf, wieso in Mitholz dieses Munitionslager mit sechs 150 Meter langen Kammern gebaut wurde und gibt Berichte von Augenzeugen der Explosion und der sp\u00e4teren Geschichte wieder. Hunderte Seiten Akten wurden f\u00fcr den Versuch konsultiert, die Ereignisse zu rekonstruieren.<\/p>\n<p>Dutzende seltener Bilder und Pl\u00e4ne zeigen, was in diesem markanten Felskopf von der Armee erstellt wurde. Das Milit\u00e4r nutzte die Felsenanlage nach der Explosion erneut als Materiallager, begann mit dem Bau eines grossen unterirdischen Spitals und bis in die j\u00fcngste Zeit war in Mitholz eine geheim gehaltene Fabrik f\u00fcr die Pharmaproduktion in Betrieb.<\/p>\n<p>Im Sommer 2018 wurden die Anwohner durch Gefahrenmeldungen aus dem Verteidigungsdepartement aufger\u00fcttelt. Tausende Tonnen nicht ger\u00e4umte Munition k\u00f6nnten im schlimmsten Fall explodieren. Damit wurde eine Tatsache offenbart, die w\u00e4hrend Jahrzehnten aus dem \u00f6ffentlichen Ged\u00e4chtnis verdr\u00e4ngt worden war.<\/p>\n<p>Klar ist: Die Geschichte der Mitholz-Explosion ist noch lange nicht abgeschlossen.<\/p>\n<p><strong>Informationen:<\/strong> Die Schreckensnacht von Mitholz. Autor Hans Rudolf Schneider. Verlag Hans Rudolf Schneider, HS-Publikationen, Frutigen. 240 Seiten, farbig\/schwarzweiss mit grossenteils erstmals publizierten historischen und aktuellen Bildern\/Pl\u00e4nen, Format A4, gebunden, Hardcover. <strong>Preis<\/strong> CHF 45, inkl. Versand Inland CHF 55. Bezugsquelle: <a href=\"http:\/\/hs-publikationen.ch\/shop\" target=\"_blank\" rel=\"noopener\">hs-publikationen.ch\/shop<\/a>\/\u00a0<\/p>\n<p>&nbsp;<\/p>\n<p>[\/et_pb_text][\/et_pb_column][\/et_pb_row][\/et_pb_section]<\/p>\n","protected":false},"excerpt":{"rendered":"<p>Die Schreckensnacht von Mitholz R\u00fcckblick auf den Vortrag vom 22. Januar 2020 &nbsp; Textbeitrag folgt Fotos: \u00a9 Markus Hubacher, Spiez &nbsp; Vom Vortragsreferenten ist erschienen: Die Schreckensnacht von Mitholz\u00a0 Startausgabe \u2013 die letzten Exemplare Die letzten Exemplare der Startauflage liegen f\u00fcr den Verkauf bereit \u2013 \u00fcber eine allf\u00e4llige kleine Neuauflage wird im Laufe des Jahres [&hellip;]<\/p>\n","protected":false},"author":2,"featured_media":0,"comment_status":"closed","ping_status":"open","sticky":false,"template":"","format":"standard","meta":{"_et_pb_use_builder":"on","_et_pb_old_content":"","_et_gb_content_width":"","footnotes":""},"categories":[1],"tags":[],"class_list":["post-34729","post","type-post","status-publish","format-standard","hentry","category-unkategorisiert"],"_links":{"self":[{"href":"https:\/\/armeemuseum.ch\/fr\/wp-json\/wp\/v2\/posts\/34729","targetHints":{"allow":["GET"]}}],"collection":[{"href":"https:\/\/armeemuseum.ch\/fr\/wp-json\/wp\/v2\/posts"}],"about":[{"href":"https:\/\/armeemuseum.ch\/fr\/wp-json\/wp\/v2\/types\/post"}],"author":[{"embeddable":true,"href":"https:\/\/armeemuseum.ch\/fr\/wp-json\/wp\/v2\/users\/2"}],"replies":[{"embeddable":true,"href":"https:\/\/armeemuseum.ch\/fr\/wp-json\/wp\/v2\/comments?post=34729"}],"version-history":[{"count":10,"href":"https:\/\/armeemuseum.ch\/fr\/wp-json\/wp\/v2\/posts\/34729\/revisions"}],"predecessor-version":[{"id":34738,"href":"https:\/\/armeemuseum.ch\/fr\/wp-json\/wp\/v2\/posts\/34729\/revisions\/34738"}],"wp:attachment":[{"href":"https:\/\/armeemuseum.ch\/fr\/wp-json\/wp\/v2\/media?parent=34729"}],"wp:term":[{"taxonomy":"category","embeddable":true,"href":"https:\/\/armeemuseum.ch\/fr\/wp-json\/wp\/v2\/categories?post=34729"},{"taxonomy":"post_tag","embeddable":true,"href":"https:\/\/armeemuseum.ch\/fr\/wp-json\/wp\/v2\/tags?post=34729"}],"curies":[{"name":"wp","href":"https:\/\/api.w.org\/{rel}","templated":true}]}}