{"id":33078,"date":"2019-09-26T09:20:50","date_gmt":"2019-09-26T08:20:50","guid":{"rendered":"https:\/\/www.armeemuseum.ch\/la-poste-de-campagne-suisse-130-ans-demotions\/"},"modified":"2019-09-26T09:29:27","modified_gmt":"2019-09-26T08:29:27","slug":"la-poste-de-campagne-suisse-130-ans-demotions","status":"publish","type":"post","link":"https:\/\/armeemuseum.ch\/fr\/la-poste-de-campagne-suisse-130-ans-demotions\/","title":{"rendered":"La poste de campagne suisse : 130 ans d\u2019\u00e9motions"},"content":{"rendered":"<p>[et_pb_section bb_built=\u00a0\u00bb1&Prime; admin_label=\u00a0\u00bbsection\u00a0\u00bb][et_pb_row admin_label=\u00a0\u00bbrow\u00a0\u00bb][et_pb_column type=\u00a0\u00bb2_3&Prime;][et_pb_text admin_label=\u00a0\u00bbText\u00a0\u00bb background_layout=\u00a0\u00bblight\u00a0\u00bb text_orientation=\u00a0\u00bbleft\u00a0\u00bb use_border_color=\u00a0\u00bboff\u00a0\u00bb border_color=\u00a0\u00bb#ffffff\u00a0\u00bb border_style=\u00a0\u00bbsolid\u00a0\u00bb]<\/p>\n<h2><strong>La poste de campagne suisse\u00a0: 130\u00a0ans d\u2019\u00e9motions<\/strong><\/h2>\n<h4>Retour sur la Pr\u00e9sentation du 18 septembre 2019<\/h4>\n<p>[\/et_pb_text][\/et_pb_column][et_pb_column type=\u00a0\u00bb1_3&Prime;][et_pb_image admin_label=\u00a0\u00bbBild\u00a0\u00bb src=\u00a0\u00bbhttps:\/\/armeemuseum.ch\/wp-content\/uploads\/2019\/04\/Logo-VSAM-komprimiert-2.jpg\u00a0\u00bb show_in_lightbox=\u00a0\u00bboff\u00a0\u00bb url_new_window=\u00a0\u00bboff\u00a0\u00bb use_overlay=\u00a0\u00bboff\u00a0\u00bb animation=\u00a0\u00bbleft\u00a0\u00bb sticky=\u00a0\u00bboff\u00a0\u00bb align=\u00a0\u00bbleft\u00a0\u00bb force_fullwidth=\u00a0\u00bboff\u00a0\u00bb always_center_on_mobile=\u00a0\u00bbon\u00a0\u00bb use_border_color=\u00a0\u00bboff\u00a0\u00bb border_color=\u00a0\u00bb#ffffff\u00a0\u00bb border_style=\u00a0\u00bbsolid\u00a0\u00bb \/][\/et_pb_column][\/et_pb_row][et_pb_row admin_label=\u00a0\u00bbZeile\u00a0\u00bb][et_pb_column type=\u00a0\u00bb4_4&Prime;][et_pb_image admin_label=\u00a0\u00bbBild\u00a0\u00bb src=\u00a0\u00bbhttps:\/\/armeemuseum.ch\/wp-content\/uploads\/2019\/09\/Collage_001.jpg\u00a0\u00bb show_in_lightbox=\u00a0\u00bboff\u00a0\u00bb url_new_window=\u00a0\u00bboff\u00a0\u00bb use_overlay=\u00a0\u00bboff\u00a0\u00bb animation=\u00a0\u00bbleft\u00a0\u00bb sticky=\u00a0\u00bboff\u00a0\u00bb align=\u00a0\u00bbleft\u00a0\u00bb force_fullwidth=\u00a0\u00bboff\u00a0\u00bb always_center_on_mobile=\u00a0\u00bbon\u00a0\u00bb use_border_color=\u00a0\u00bboff\u00a0\u00bb border_color=\u00a0\u00bb#ffffff\u00a0\u00bb border_style=\u00a0\u00bbsolid\u00a0\u00bb \/][et_pb_text admin_label=\u00a0\u00bbText\u00a0\u00bb background_layout=\u00a0\u00bblight\u00a0\u00bb text_orientation=\u00a0\u00bbleft\u00a0\u00bb use_border_color=\u00a0\u00bboff\u00a0\u00bb border_color=\u00a0\u00bb#ffffff\u00a0\u00bb border_style=\u00a0\u00bbsolid\u00a0\u00bb]<\/p>\n<h3>\u00a0<\/h3>\n<h3><strong>Aujourd\u2019hui encore, la poste de campagne reste incontournable<\/strong><\/h3>\n<p><strong>Fritz Affolter, chef de la poste de campagne, a beaucoup de choses \u00e0 raconter lorsqu\u2019il s\u2019agit de \u00ab\u00a0son\u00a0\u00bb institution. La poste de campagne livre du courrier et des colis de mani\u00e8re fiable depuis 130\u00a0ans. Elle est indispensable, m\u00eame \u00e0 l\u2019\u00e9poque des smartphones.<\/strong><\/p>\n<p>\u00ab\u00a0Soudain, le colis s\u2019est mis \u00e0 sonner, encore et encore. \u00c0 la longue, cela est devenu aga\u00e7ant pour les soldats de la poste de campagne. Il s\u2019est av\u00e9r\u00e9 qu\u2019au moment de son entr\u00e9e en service, un soldat avait oubli\u00e9 son t\u00e9l\u00e9phone portable, le moyen de communication absolu aujourd\u2019hui, et que celui-ci lui avait \u00e9t\u00e9 envoy\u00e9 par la poste de campagne.\u00a0\u00bb Pour Fritz Affolter, c\u2019est un exemple du quotidien. Le nombre d\u2019envois transport\u00e9s a tendance \u00e0 reculer, mais la poste de campagne reste aujourd\u2019hui encore indispensable.<\/p>\n<p>La premi\u00e8re ordonnance concernant la poste de campagne est entr\u00e9e en vigueur le 13\u00a0ao\u00fbt\u00a01889. Le Conseil f\u00e9d\u00e9ral y r\u00e9gissait la collaboration entre la direction g\u00e9n\u00e9rale des postes et l\u2019arm\u00e9e. Sa mission demeure inchang\u00e9e depuis 130\u00a0ans\u00a0: livrer et exp\u00e9dier gratuitement des courriers, colis et journaux pour les membres de l\u2019arm\u00e9e. La poste de campagne transmet donc quotidiennement des \u00e9motions, de la joie, des surprises et assure, aujourd\u2019hui encore, le bon moral des troupes.<\/p>\n<p>Le colonel Fritz Affolter (chef de la poste de campagne de l\u2019arm\u00e9e) a expliqu\u00e9 \u00e0 l\u2019Association du mus\u00e9e suisse de l\u2019arm\u00e9e l\u2019histoire de la poste de campagne. Au travers d\u2019images historiques et de chiffres impressionnants, il a montr\u00e9 la performance des soldats de la poste de campagne. Pendant la Premi\u00e8re Guerre mondiale, ce sont 64\u00a0millions de colis et 112\u00a0millions de courriers qui sont pass\u00e9s entre les mains des quelque 1000\u00a0soldats de poste de campagne. Il faut y ajouter les 15\u00a0millions de cartes et de courriers adress\u00e9s aux intern\u00e9s ou exp\u00e9di\u00e9s par ceux-ci. \u00c0 la fin de la Deuxi\u00e8me Guerre mondiale, 2700\u00a0soldats servaient pour la poste de campagne. Entre 1939 et 1945, ils ont achemin\u00e9 quelque 600\u00a0millions d\u2019envois\u00a0! \u00ab\u00a0Le plus beau travail au sein de l\u2019arm\u00e9e, tant \u00e0 l\u2019\u00e9poque qu\u2019aujourd\u2019hui\u00a0\u00bb, s\u2019est r\u00e9joui le conf\u00e9rencier, qui a le m\u00e9tier de postier dans le sang.<\/p>\n<p>Pendant la guerre froide s\u2019est encore ajout\u00e9 le service de renseignements de l\u2019arm\u00e9e, le Bureau Suisse toujours en activit\u00e9 (031\u00a0381\u00a025\u00a025). Par ailleurs, une r\u00e9organisation a eu lieu. Sur 48\u00a0postes de campagne dans la troupe, 28 sont devenus des installations fixes bas\u00e9es sur des places d\u2019armes. C\u2019est encore le cas aujourd\u2019hui et l\u2019\u00e9troite collaboration avec la poste civile qui dure depuis 130\u00a0ans ne doit naturellement pas \u00eatre oubli\u00e9e. Les chiffres actuels indiquent que chaque ann\u00e9e, ce sont encore environ un million de lettres, 200\u00a0000\u00a0colis et 600\u00a0000\u00a0quotidiens qui sont transport\u00e9s. Le chef de la poste de campagne de l\u2019arm\u00e9e est convaincu que la poste de campagne restera op\u00e9rationnelle tant que l\u2019arm\u00e9e existera. \u00ab\u00a0Dans des situations exceptionnelles, il se peut que les moyens de communication actuels entre l\u2019arm\u00e9e et le monde civil ne fonctionnent plus. Nous devons y \u00eatre pr\u00e9par\u00e9s.\u00a0\u00bb<\/p>\n<p>[\/et_pb_text][et_pb_gallery admin_label=\u00a0\u00bbGalerie\u00a0\u00bb gallery_ids=\u00a0\u00bb32956,32960,32964,32968,32972,32976,32980,32984,32988,32992,32996,33000,33004,33008,33012,33016,33020,33024,33028,33032,33036,33040,33044,33048&Prime; fullwidth=\u00a0\u00bbon\u00a0\u00bb orientation=\u00a0\u00bblandscape\u00a0\u00bb show_title_and_caption=\u00a0\u00bbon\u00a0\u00bb show_pagination=\u00a0\u00bbon\u00a0\u00bb background_layout=\u00a0\u00bblight\u00a0\u00bb auto=\u00a0\u00bboff\u00a0\u00bb db_image_max_width_tablet=\u00a0\u00bb51&Prime; db_image_max_height_tablet=\u00a0\u00bb501&Prime; db_image_row_spacing_tablet=\u00a0\u00bb51&Prime; db_image_center_titles=\u00a0\u00bbleft\u00a0\u00bb db_image_object_fit=\u00a0\u00bbinitial\u00a0\u00bb hover_overlay_color=\u00a0\u00bbrgba(255,255,255,0.9)\u00a0\u00bb use_border_color=\u00a0\u00bboff\u00a0\u00bb border_color=\u00a0\u00bb#ffffff\u00a0\u00bb border_style=\u00a0\u00bbsolid\u00a0\u00bb \/][et_pb_text admin_label=\u00a0\u00bbText\u00a0\u00bb background_layout=\u00a0\u00bblight\u00a0\u00bb text_orientation=\u00a0\u00bbleft\u00a0\u00bb use_border_color=\u00a0\u00bboff\u00a0\u00bb border_color=\u00a0\u00bb#ffffff\u00a0\u00bb border_style=\u00a0\u00bbsolid\u00a0\u00bb]<\/p>\n<p style=\"text-align: right;\">Photos: \u00a9 Markus Hubacher, Spiez<\/p>\n<p>&nbsp;<\/p>\n<p>[\/et_pb_text][\/et_pb_column][\/et_pb_row][\/et_pb_section]<\/p>\n","protected":false},"excerpt":{"rendered":"<p>La poste de campagne suisse\u00a0: 130\u00a0ans d\u2019\u00e9motions Retour sur la Pr\u00e9sentation du 18 septembre 2019 \u00a0 Aujourd\u2019hui encore, la poste de campagne reste incontournable Fritz Affolter, chef de la poste de campagne, a beaucoup de choses \u00e0 raconter lorsqu\u2019il s\u2019agit de \u00ab\u00a0son\u00a0\u00bb institution. La poste de campagne livre du courrier et des colis de mani\u00e8re [&hellip;]<\/p>\n","protected":false},"author":2,"featured_media":0,"comment_status":"closed","ping_status":"open","sticky":false,"template":"","format":"standard","meta":{"_et_pb_use_builder":"on","_et_pb_old_content":"","_et_gb_content_width":"","footnotes":""},"categories":[693],"tags":[],"class_list":["post-33078","post","type-post","status-publish","format-standard","hentry","category-news-2019-f"],"_links":{"self":[{"href":"https:\/\/armeemuseum.ch\/fr\/wp-json\/wp\/v2\/posts\/33078","targetHints":{"allow":["GET"]}}],"collection":[{"href":"https:\/\/armeemuseum.ch\/fr\/wp-json\/wp\/v2\/posts"}],"about":[{"href":"https:\/\/armeemuseum.ch\/fr\/wp-json\/wp\/v2\/types\/post"}],"author":[{"embeddable":true,"href":"https:\/\/armeemuseum.ch\/fr\/wp-json\/wp\/v2\/users\/2"}],"replies":[{"embeddable":true,"href":"https:\/\/armeemuseum.ch\/fr\/wp-json\/wp\/v2\/comments?post=33078"}],"version-history":[{"count":8,"href":"https:\/\/armeemuseum.ch\/fr\/wp-json\/wp\/v2\/posts\/33078\/revisions"}],"predecessor-version":[{"id":33086,"href":"https:\/\/armeemuseum.ch\/fr\/wp-json\/wp\/v2\/posts\/33078\/revisions\/33086"}],"wp:attachment":[{"href":"https:\/\/armeemuseum.ch\/fr\/wp-json\/wp\/v2\/media?parent=33078"}],"wp:term":[{"taxonomy":"category","embeddable":true,"href":"https:\/\/armeemuseum.ch\/fr\/wp-json\/wp\/v2\/categories?post=33078"},{"taxonomy":"post_tag","embeddable":true,"href":"https:\/\/armeemuseum.ch\/fr\/wp-json\/wp\/v2\/tags?post=33078"}],"curies":[{"name":"wp","href":"https:\/\/api.w.org\/{rel}","templated":true}]}}