{"id":32841,"date":"2019-07-30T19:32:57","date_gmt":"2019-07-30T18:32:57","guid":{"rendered":"https:\/\/www.armeemuseum.ch\/les-autobus-de-larmee-suisse-retour\/"},"modified":"2019-07-30T19:39:38","modified_gmt":"2019-07-30T18:39:38","slug":"les-autobus-de-larmee-suisse-retour","status":"publish","type":"post","link":"https:\/\/armeemuseum.ch\/fr\/les-autobus-de-larmee-suisse-retour\/","title":{"rendered":"Les autobus de l&rsquo;arm\u00e9e suisse &#8211; Retour"},"content":{"rendered":"<p>[et_pb_section bb_built=\u00a0\u00bb1&Prime; admin_label=\u00a0\u00bbsection\u00a0\u00bb][et_pb_row admin_label=\u00a0\u00bbrow\u00a0\u00bb][et_pb_column type=\u00a0\u00bb2_3&Prime;][et_pb_text admin_label=\u00a0\u00bbText\u00a0\u00bb background_layout=\u00a0\u00bblight\u00a0\u00bb text_orientation=\u00a0\u00bbleft\u00a0\u00bb use_border_color=\u00a0\u00bboff\u00a0\u00bb border_color=\u00a0\u00bb#ffffff\u00a0\u00bb border_style=\u00a0\u00bbsolid\u00a0\u00bb]<\/p>\n<h2><strong>Les autobus de l&rsquo;arm\u00e9e suisse<br \/>\n<\/strong><\/h2>\n<h4>Retour sur la pr\u00e9sentation dun 10 juillet 2019<\/h4>\n<p>[\/et_pb_text][\/et_pb_column][et_pb_column type=\u00a0\u00bb1_3&Prime;][et_pb_image admin_label=\u00a0\u00bbBild\u00a0\u00bb src=\u00a0\u00bbhttps:\/\/armeemuseum.ch\/wp-content\/uploads\/2019\/04\/Logo-VSAM-komprimiert-2.jpg\u00a0\u00bb show_in_lightbox=\u00a0\u00bboff\u00a0\u00bb url_new_window=\u00a0\u00bboff\u00a0\u00bb use_overlay=\u00a0\u00bboff\u00a0\u00bb animation=\u00a0\u00bbleft\u00a0\u00bb sticky=\u00a0\u00bboff\u00a0\u00bb align=\u00a0\u00bbleft\u00a0\u00bb force_fullwidth=\u00a0\u00bboff\u00a0\u00bb always_center_on_mobile=\u00a0\u00bbon\u00a0\u00bb use_border_color=\u00a0\u00bboff\u00a0\u00bb border_color=\u00a0\u00bb#ffffff\u00a0\u00bb border_style=\u00a0\u00bbsolid\u00a0\u00bb \/][\/et_pb_column][\/et_pb_row][et_pb_row admin_label=\u00a0\u00bbZeile\u00a0\u00bb][et_pb_column type=\u00a0\u00bb4_4&Prime;][et_pb_image admin_label=\u00a0\u00bbBild\u00a0\u00bb src=\u00a0\u00bbhttps:\/\/armeemuseum.ch\/wp-content\/uploads\/2019\/07\/Fertig-Titel-Collage_005.jpg\u00a0\u00bb show_in_lightbox=\u00a0\u00bboff\u00a0\u00bb url_new_window=\u00a0\u00bboff\u00a0\u00bb use_overlay=\u00a0\u00bboff\u00a0\u00bb animation=\u00a0\u00bbleft\u00a0\u00bb sticky=\u00a0\u00bboff\u00a0\u00bb align=\u00a0\u00bbleft\u00a0\u00bb force_fullwidth=\u00a0\u00bboff\u00a0\u00bb always_center_on_mobile=\u00a0\u00bbon\u00a0\u00bb use_border_color=\u00a0\u00bboff\u00a0\u00bb border_color=\u00a0\u00bb#ffffff\u00a0\u00bb border_style=\u00a0\u00bbsolid\u00a0\u00bb \/][et_pb_text admin_label=\u00a0\u00bbText\u00a0\u00bb background_layout=\u00a0\u00bblight\u00a0\u00bb text_orientation=\u00a0\u00bbleft\u00a0\u00bb use_border_color=\u00a0\u00bboff\u00a0\u00bb border_color=\u00a0\u00bb#ffffff\u00a0\u00bb border_style=\u00a0\u00bbsolid\u00a0\u00bb]<\/p>\n<p><strong>Les autobus\u00a0: un domaine sp\u00e9cial dans l\u2019arm\u00e9e <\/strong><\/p>\n<p><strong>Ils n\u2019ont jamais \u00e9t\u00e9 tr\u00e8s nombreux. On les trouvait en gris-noir militaire ou dans des couleurs civiles et ils se parent aujourd\u2019hui d\u2019\u00e9l\u00e9gance en blanc ou en bleu sombre\u00a0: les autobus de la Conf\u00e9d\u00e9ration. L\u2019Association du mus\u00e9e suisse de l\u2019arm\u00e9e VSAM pr\u00e9sente un aper\u00e7u de leur histoire.<\/strong><\/p>\n<p>Les sp\u00e9cialistes Max Martin et Markus Hofmann ont fait red\u00e9couvrir au public des noms qui ont compt\u00e9 dans l\u2019histoire automobile suisse\u00a0: Saurer, Berna et FBW. L\u2019histoire des autobus de l\u2019arm\u00e9e se divise en trois \u00e9poques. Apr\u00e8s la Premi\u00e8re Guerre mondiale et jusque dans les ann\u00e9es\u00a01970, les bus \u00e9taient command\u00e9s en petits nombres, selon les besoins de l\u2019arm\u00e9e, et adoptaient la m\u00eame teinte que les camions militaires de l\u2019\u00e9poque.<\/p>\n<p>Plus tard, les bus usag\u00e9s des PTT (car postaux) et les v\u00e9hicules d\u2019entreprises priv\u00e9es se sont ajout\u00e9s, o\u00f9 l\u2019on se limitait bien souvent \u00e0 couvrir le nom de l\u2019entreprise. Les bus \u00e9taient utilis\u00e9s dans le cadre d\u2019engagements sp\u00e9ciaux des troupes, notamment des journ\u00e9es de visites, ou pour la fanfare d\u2019arm\u00e9e.<\/p>\n<p>Depuis les ann\u00e9es\u00a02000, le programme d\u2019armement ordinaire impose l\u2019acquisition de nouveaux bus. Aujourd\u2019hui, la s\u00e9curit\u00e9, les crit\u00e8res \u00e9conomiques et les arguments environnementaux jouent un plus grand r\u00f4le. Les mod\u00e8les les plus r\u00e9cents adoptent un bleu sombre tendance, imposant la devise\u00a0: \u00ab\u00a0aussi civil que possible, aussi militaire que n\u00e9cessaire\u00a0\u00bb.<\/p>\n<p>\u00c0 Berthoud, Markus Hofmann et Max Martin ont offert un aper\u00e7u int\u00e9ressant avec des clich\u00e9s passionnants et de nombreuses caract\u00e9ristiques techniques documentant l\u2019\u00e9volution technologique des autobus, des FBW aux formes attrayantes et pleines de caract\u00e8re au mod\u00e8le optimis\u00e9 Van Hool Astromega. La possibilit\u00e9 de monter \u00e0 bord de quelques v\u00e9hicules durant le rassemblement de la Fondation\u00a0HAM a compl\u00e9t\u00e9 la soir\u00e9e th\u00e9matique.<\/p>\n<p>[\/et_pb_text][et_pb_gallery admin_label=\u00a0\u00bbGalerie\u00a0\u00bb gallery_ids=\u00a0\u00bb32692,32696,32700,32704,32708,32712,32716,32720,32724,32728,32732,32736,32740,32744,32748,32752,32756,32764,32768,32772,32776&Prime; fullwidth=\u00a0\u00bbon\u00a0\u00bb orientation=\u00a0\u00bblandscape\u00a0\u00bb show_title_and_caption=\u00a0\u00bbon\u00a0\u00bb show_pagination=\u00a0\u00bbon\u00a0\u00bb background_layout=\u00a0\u00bblight\u00a0\u00bb auto=\u00a0\u00bboff\u00a0\u00bb db_image_max_width_tablet=\u00a0\u00bb51&Prime; db_image_max_height_tablet=\u00a0\u00bb501&Prime; db_image_row_spacing_tablet=\u00a0\u00bb51&Prime; db_image_center_titles=\u00a0\u00bbleft\u00a0\u00bb db_image_object_fit=\u00a0\u00bbinitial\u00a0\u00bb hover_overlay_color=\u00a0\u00bbrgba(255,255,255,0.9)\u00a0\u00bb use_border_color=\u00a0\u00bboff\u00a0\u00bb border_color=\u00a0\u00bb#ffffff\u00a0\u00bb border_style=\u00a0\u00bbsolid\u00a0\u00bb \/][et_pb_text admin_label=\u00a0\u00bbText\u00a0\u00bb background_layout=\u00a0\u00bblight\u00a0\u00bb text_orientation=\u00a0\u00bbleft\u00a0\u00bb use_border_color=\u00a0\u00bboff\u00a0\u00bb border_color=\u00a0\u00bb#ffffff\u00a0\u00bb border_style=\u00a0\u00bbsolid\u00a0\u00bb]<\/p>\n<p style=\"text-align: right;\">Photos \u00a9 Markus Hubacher Spiez<\/p>\n<p>&nbsp;<\/p>\n<p>[\/et_pb_text][\/et_pb_column][\/et_pb_row][\/et_pb_section]<\/p>\n","protected":false},"excerpt":{"rendered":"<p>Les autobus de l&rsquo;arm\u00e9e suisse Retour sur la pr\u00e9sentation dun 10 juillet 2019 Les autobus\u00a0: un domaine sp\u00e9cial dans l\u2019arm\u00e9e Ils n\u2019ont jamais \u00e9t\u00e9 tr\u00e8s nombreux. On les trouvait en gris-noir militaire ou dans des couleurs civiles et ils se parent aujourd\u2019hui d\u2019\u00e9l\u00e9gance en blanc ou en bleu sombre\u00a0: les autobus de la Conf\u00e9d\u00e9ration. L\u2019Association [&hellip;]<\/p>\n","protected":false},"author":2,"featured_media":0,"comment_status":"closed","ping_status":"open","sticky":false,"template":"","format":"standard","meta":{"_et_pb_use_builder":"on","_et_pb_old_content":"","_et_gb_content_width":"","footnotes":""},"categories":[693],"tags":[],"class_list":["post-32841","post","type-post","status-publish","format-standard","hentry","category-news-2019-f"],"_links":{"self":[{"href":"https:\/\/armeemuseum.ch\/fr\/wp-json\/wp\/v2\/posts\/32841","targetHints":{"allow":["GET"]}}],"collection":[{"href":"https:\/\/armeemuseum.ch\/fr\/wp-json\/wp\/v2\/posts"}],"about":[{"href":"https:\/\/armeemuseum.ch\/fr\/wp-json\/wp\/v2\/types\/post"}],"author":[{"embeddable":true,"href":"https:\/\/armeemuseum.ch\/fr\/wp-json\/wp\/v2\/users\/2"}],"replies":[{"embeddable":true,"href":"https:\/\/armeemuseum.ch\/fr\/wp-json\/wp\/v2\/comments?post=32841"}],"version-history":[{"count":5,"href":"https:\/\/armeemuseum.ch\/fr\/wp-json\/wp\/v2\/posts\/32841\/revisions"}],"predecessor-version":[{"id":32846,"href":"https:\/\/armeemuseum.ch\/fr\/wp-json\/wp\/v2\/posts\/32841\/revisions\/32846"}],"wp:attachment":[{"href":"https:\/\/armeemuseum.ch\/fr\/wp-json\/wp\/v2\/media?parent=32841"}],"wp:term":[{"taxonomy":"category","embeddable":true,"href":"https:\/\/armeemuseum.ch\/fr\/wp-json\/wp\/v2\/categories?post=32841"},{"taxonomy":"post_tag","embeddable":true,"href":"https:\/\/armeemuseum.ch\/fr\/wp-json\/wp\/v2\/tags?post=32841"}],"curies":[{"name":"wp","href":"https:\/\/api.w.org\/{rel}","templated":true}]}}