{"id":26572,"date":"2018-09-30T12:15:34","date_gmt":"2018-09-30T11:15:34","guid":{"rendered":"https:\/\/www.armeemuseum.ch\/le-role-de-la-suisse-en-coree\/"},"modified":"2018-10-03T12:22:57","modified_gmt":"2018-10-03T11:22:57","slug":"le-role-de-la-suisse-en-coree","status":"publish","type":"post","link":"https:\/\/armeemuseum.ch\/fr\/le-role-de-la-suisse-en-coree\/","title":{"rendered":"Le r\u00f4le de la Suisse en Cor\u00e9e"},"content":{"rendered":"<p>[et_pb_section bb_built=\u00a0\u00bb1&Prime; admin_label=\u00a0\u00bbsection\u00a0\u00bb][et_pb_row admin_label=\u00a0\u00bbrow\u00a0\u00bb][et_pb_column type=\u00a0\u00bb2_3&Prime;][et_pb_text admin_label=\u00a0\u00bbText\u00a0\u00bb background_layout=\u00a0\u00bblight\u00a0\u00bb text_orientation=\u00a0\u00bbleft\u00a0\u00bb use_border_color=\u00a0\u00bboff\u00a0\u00bb border_color=\u00a0\u00bb#ffffff\u00a0\u00bb border_style=\u00a0\u00bbsolid\u00a0\u00bb]<\/p>\n<h2><strong>65 ans Commission de supervision des nations neutres en Cor\u00e9e (NNSC)<\/strong><\/h2>\n<h4 class=\"et_pb_text et_pb_module et_pb_bg_layout_light et_pb_text_align_left et_pb_text_0\"><strong>Retour sur la pr\u00e9sentation du 19 septembre 2018<br \/>\n<\/strong><\/h4>\n<p>&nbsp;<\/p>\n<p>[\/et_pb_text][\/et_pb_column][et_pb_column type=\u00a0\u00bb1_3&Prime;][et_pb_image admin_label=\u00a0\u00bbBild\u00a0\u00bb src=\u00a0\u00bbhttps:\/\/armeemuseum.ch\/wp-content\/uploads\/2018\/04\/Logo-VSAM-komprimiert.jpg\u00a0\u00bb show_in_lightbox=\u00a0\u00bboff\u00a0\u00bb url_new_window=\u00a0\u00bboff\u00a0\u00bb use_overlay=\u00a0\u00bboff\u00a0\u00bb animation=\u00a0\u00bbleft\u00a0\u00bb sticky=\u00a0\u00bboff\u00a0\u00bb align=\u00a0\u00bbleft\u00a0\u00bb force_fullwidth=\u00a0\u00bboff\u00a0\u00bb always_center_on_mobile=\u00a0\u00bbon\u00a0\u00bb use_border_color=\u00a0\u00bboff\u00a0\u00bb border_color=\u00a0\u00bb#ffffff\u00a0\u00bb border_style=\u00a0\u00bbsolid\u00a0\u00bb \/][\/et_pb_column][\/et_pb_row][et_pb_row admin_label=\u00a0\u00bbZeile\u00a0\u00bb][et_pb_column type=\u00a0\u00bb4_4&Prime;][et_pb_image admin_label=\u00a0\u00bbBild\u00a0\u00bb src=\u00a0\u00bbhttps:\/\/armeemuseum.ch\/wp-content\/uploads\/2018\/09\/000_Collage-VSAM-19.09.jpg\u00a0\u00bb show_in_lightbox=\u00a0\u00bboff\u00a0\u00bb url_new_window=\u00a0\u00bboff\u00a0\u00bb use_overlay=\u00a0\u00bboff\u00a0\u00bb animation=\u00a0\u00bbleft\u00a0\u00bb sticky=\u00a0\u00bboff\u00a0\u00bb align=\u00a0\u00bbleft\u00a0\u00bb force_fullwidth=\u00a0\u00bboff\u00a0\u00bb always_center_on_mobile=\u00a0\u00bbon\u00a0\u00bb use_border_color=\u00a0\u00bboff\u00a0\u00bb border_color=\u00a0\u00bb#ffffff\u00a0\u00bb border_style=\u00a0\u00bbsolid\u00a0\u00bb \/][et_pb_text admin_label=\u00a0\u00bbText\u00a0\u00bb background_layout=\u00a0\u00bblight\u00a0\u00bb text_orientation=\u00a0\u00bbleft\u00a0\u00bb use_border_color=\u00a0\u00bboff\u00a0\u00bb border_color=\u00a0\u00bb#ffffff\u00a0\u00bb border_style=\u00a0\u00bbsolid\u00a0\u00bb]<\/p>\n<h3>\u00a0<\/h3>\n<h3><strong>Le r\u00f4le de la Suisse en Cor\u00e9e<\/strong><\/h3>\n<p><strong>\u00a0<\/strong><strong>La toute r\u00e9cente rencontre au sommet entre la Cor\u00e9e du Nord et la Cor\u00e9e du Sud a d\u00e9fray\u00e9 la chronique. \u00c0 cette occasion, le divisionnaire \u00e0 disposition Urs\u00a0Gerber a expliqu\u00e9 \u00e0 l\u2019Association du mus\u00e9e suisse de l\u2019arm\u00e9e l\u2019\u00e9volution de la situation au fil du temps dans la zone d\u00e9militaris\u00e9e entre les deux Cor\u00e9es. Il a aussi abord\u00e9 la question de l\u2019utilit\u00e9 de l\u2019engagement suisse.<\/strong><\/p>\n<p>La Commission de supervision des nations neutres en Cor\u00e9e (NNSC) est active depuis 1953 sur les 240\u00a0km de zone d\u00e9militaris\u00e9e qui s\u00e9parent la Cor\u00e9e du Nord de la Cor\u00e9e du Sud. Aujourd\u2019hui, cette commission n\u2019est officiellement plus accept\u00e9e que du c\u00f4t\u00e9 sud. La Su\u00e8de et la Suisse disposent d\u2019un contingent permanent de cinq officiers sur place. Une d\u00e9l\u00e9gation de la Pologne, autre pays impliqu\u00e9, se pr\u00e9sente symboliquement sur place deux fois par an.<\/p>\n<p>De f\u00e9vrier\u00a02012 \u00e0 ao\u00fbt\u00a02017, le divisionnaire \u00e0 disposition Urs Gerber a dirig\u00e9 la d\u00e9l\u00e9gation suisse de la NNSC et a donc approch\u00e9 de tr\u00e8s pr\u00e8s le th\u00e9\u00e2tre des op\u00e9rations. \u00c0 Thoune, il a expliqu\u00e9 les d\u00e9fis particuliers sur les plans militaire et de la politique de s\u00e9curit\u00e9 dans cette r\u00e9gion du monde. Il a pr\u00e9sent\u00e9 les rapports entre les menaces retentissantes et les efforts diplomatiques plut\u00f4t discrets.<\/p>\n<p>Il a expliqu\u00e9 de mani\u00e8re convaincante que tout conflit en Asie du Sud-Est pourrait avoir des r\u00e9percussions sur l\u2019Europe et la Suisse, entre autres en raison du blocage de certaines voies de transport qui en d\u00e9coulerait. Il a attest\u00e9 de la grande intelligence dont fait preuve le dirigeant supr\u00eame de Cor\u00e9e du Nord Kim Jong-un, surtout vis-\u00e0-vis des deux \u00ab\u00a0Grands\u00a0\u00bb que sont les \u00c9tats-Unis et la Chine. Il a aussi mis en \u00e9vidence \u00e0 quel point nous connaissons mal ce pays cloisonn\u00e9, et notamment la pens\u00e9e de ses leaders politiques, et ce malgr\u00e9 tous les efforts d\u2019informations.<\/p>\n<p>La conclusion de l\u2019expos\u00e9 fut que l\u2019accord de cessez-le-feu actuel permet de maintenir la situation stable. Il a rappel\u00e9 que, depuis 1953, le r\u00f4le et l\u2019engagement de la Suisse ont \u00e9t\u00e9 par moments plut\u00f4t symboliques. Au cours des 15\u00a0derni\u00e8res ann\u00e9es, la commission a aussi jou\u00e9 un r\u00f4le important pour tous les acteurs du conflit en tant que facteur de stabilisation dans cette r\u00e9gion de plus en plus propice aux tensions.<\/p>\n<p>[\/et_pb_text][et_pb_gallery admin_label=\u00a0\u00bbGalerie\u00a0\u00bb gallery_ids=\u00a0\u00bb26447,26443,26451,26455,26459,26463,26467,26471,26475,26483,26487,26491,26495,26499,26503,26507,26511,26515,26479,26519&Prime; fullwidth=\u00a0\u00bbon\u00a0\u00bb orientation=\u00a0\u00bblandscape\u00a0\u00bb show_title_and_caption=\u00a0\u00bbon\u00a0\u00bb show_pagination=\u00a0\u00bboff\u00a0\u00bb background_layout=\u00a0\u00bblight\u00a0\u00bb auto=\u00a0\u00bboff\u00a0\u00bb db_image_max_width_tablet=\u00a0\u00bb51&Prime; db_image_max_height_tablet=\u00a0\u00bb501&Prime; db_image_row_spacing_tablet=\u00a0\u00bb51&Prime; db_image_center_titles=\u00a0\u00bbleft\u00a0\u00bb db_image_object_fit=\u00a0\u00bbinitial\u00a0\u00bb hover_overlay_color=\u00a0\u00bbrgba(255,255,255,0.9)\u00a0\u00bb use_border_color=\u00a0\u00bboff\u00a0\u00bb border_color=\u00a0\u00bb#ffffff\u00a0\u00bb border_style=\u00a0\u00bbsolid\u00a0\u00bb \/][et_pb_text admin_label=\u00a0\u00bbText\u00a0\u00bb background_layout=\u00a0\u00bblight\u00a0\u00bb text_orientation=\u00a0\u00bbleft\u00a0\u00bb use_border_color=\u00a0\u00bboff\u00a0\u00bb border_color=\u00a0\u00bb#ffffff\u00a0\u00bb border_style=\u00a0\u00bbsolid\u00a0\u00bb]<\/p>\n<p style=\"text-align: right;\">Photos : \u00a9 Markus Hubacher, Spiez<\/p>\n<p>&nbsp;<\/p>\n<p>[\/et_pb_text][\/et_pb_column][\/et_pb_row][\/et_pb_section]<\/p>\n","protected":false},"excerpt":{"rendered":"<p>65 ans Commission de supervision des nations neutres en Cor\u00e9e (NNSC) Retour sur la pr\u00e9sentation du 19 septembre 2018 &nbsp; \u00a0 Le r\u00f4le de la Suisse en Cor\u00e9e \u00a0La toute r\u00e9cente rencontre au sommet entre la Cor\u00e9e du Nord et la Cor\u00e9e du Sud a d\u00e9fray\u00e9 la chronique. \u00c0 cette occasion, le divisionnaire \u00e0 disposition [&hellip;]<\/p>\n","protected":false},"author":2,"featured_media":0,"comment_status":"closed","ping_status":"open","sticky":false,"template":"","format":"standard","meta":{"_et_pb_use_builder":"on","_et_pb_old_content":"","_et_gb_content_width":"","footnotes":""},"categories":[683],"tags":[],"class_list":["post-26572","post","type-post","status-publish","format-standard","hentry","category-news-2018-fr"],"_links":{"self":[{"href":"https:\/\/armeemuseum.ch\/fr\/wp-json\/wp\/v2\/posts\/26572","targetHints":{"allow":["GET"]}}],"collection":[{"href":"https:\/\/armeemuseum.ch\/fr\/wp-json\/wp\/v2\/posts"}],"about":[{"href":"https:\/\/armeemuseum.ch\/fr\/wp-json\/wp\/v2\/types\/post"}],"author":[{"embeddable":true,"href":"https:\/\/armeemuseum.ch\/fr\/wp-json\/wp\/v2\/users\/2"}],"replies":[{"embeddable":true,"href":"https:\/\/armeemuseum.ch\/fr\/wp-json\/wp\/v2\/comments?post=26572"}],"version-history":[{"count":6,"href":"https:\/\/armeemuseum.ch\/fr\/wp-json\/wp\/v2\/posts\/26572\/revisions"}],"predecessor-version":[{"id":26578,"href":"https:\/\/armeemuseum.ch\/fr\/wp-json\/wp\/v2\/posts\/26572\/revisions\/26578"}],"wp:attachment":[{"href":"https:\/\/armeemuseum.ch\/fr\/wp-json\/wp\/v2\/media?parent=26572"}],"wp:term":[{"taxonomy":"category","embeddable":true,"href":"https:\/\/armeemuseum.ch\/fr\/wp-json\/wp\/v2\/categories?post=26572"},{"taxonomy":"post_tag","embeddable":true,"href":"https:\/\/armeemuseum.ch\/fr\/wp-json\/wp\/v2\/tags?post=26572"}],"curies":[{"name":"wp","href":"https:\/\/api.w.org\/{rel}","templated":true}]}}