{"id":25144,"date":"2018-04-17T20:53:10","date_gmt":"2018-04-17T19:53:10","guid":{"rendered":"https:\/\/www.armeemuseum.ch\/une-comparaison-passionnante\/"},"modified":"2018-04-17T21:01:52","modified_gmt":"2018-04-17T20:01:52","slug":"une-comparaison-passionnante","status":"publish","type":"post","link":"https:\/\/armeemuseum.ch\/fr\/une-comparaison-passionnante\/","title":{"rendered":"Une comparaison passionnante"},"content":{"rendered":"<p>[et_pb_section bb_built=\u00a0\u00bb1&Prime; admin_label=\u00a0\u00bbsection\u00a0\u00bb][et_pb_row admin_label=\u00a0\u00bbrow\u00a0\u00bb][et_pb_column type=\u00a0\u00bb2_3&Prime;][et_pb_text admin_label=\u00a0\u00bbText\u00a0\u00bb background_layout=\u00a0\u00bblight\u00a0\u00bb text_orientation=\u00a0\u00bbleft\u00a0\u00bb use_border_color=\u00a0\u00bboff\u00a0\u00bb border_color=\u00a0\u00bb#ffffff\u00a0\u00bb border_style=\u00a0\u00bbsolid\u00a0\u00bb]<\/p>\n<h2><strong>Une comparaison passionnante<\/strong><\/h2>\n<h4><strong>Retour sur la pr\u00e9sentation du 14 mars 2018<\/strong><\/h4>\n<p>[\/et_pb_text][\/et_pb_column][et_pb_column type=\u00a0\u00bb1_3&Prime;][et_pb_image admin_label=\u00a0\u00bbBild\u00a0\u00bb src=\u00a0\u00bbhttps:\/\/armeemuseum.ch\/wp-content\/uploads\/2017\/10\/Logo-VSAM-komprimiert.jpg\u00a0\u00bb show_in_lightbox=\u00a0\u00bboff\u00a0\u00bb url_new_window=\u00a0\u00bboff\u00a0\u00bb use_overlay=\u00a0\u00bboff\u00a0\u00bb animation=\u00a0\u00bbleft\u00a0\u00bb sticky=\u00a0\u00bboff\u00a0\u00bb align=\u00a0\u00bbleft\u00a0\u00bb force_fullwidth=\u00a0\u00bboff\u00a0\u00bb always_center_on_mobile=\u00a0\u00bbon\u00a0\u00bb use_border_color=\u00a0\u00bboff\u00a0\u00bb border_color=\u00a0\u00bb#ffffff\u00a0\u00bb border_style=\u00a0\u00bbsolid\u00a0\u00bb \/][\/et_pb_column][\/et_pb_row][et_pb_row admin_label=\u00a0\u00bbZeile\u00a0\u00bb][et_pb_column type=\u00a0\u00bb4_4&Prime;][et_pb_text admin_label=\u00a0\u00bbText\u00a0\u00bb background_layout=\u00a0\u00bblight\u00a0\u00bb text_orientation=\u00a0\u00bbleft\u00a0\u00bb use_border_color=\u00a0\u00bboff\u00a0\u00bb border_color=\u00a0\u00bb#ffffff\u00a0\u00bb border_style=\u00a0\u00bbsolid\u00a0\u00bb]<\/p>\n<h2><strong>Une comparaison passionnante<\/strong><\/h2>\n<h4><strong>\u00a0<\/strong>Retour sur la pr\u00e9sentation du 14 mars 2018<\/h4>\n<p><strong>Qui \u00e9taient les g\u00e9n\u00e9raux qui dirigeaient l\u2019arm\u00e9e pendant les p\u00e9riodes difficiles des services actifs\u00a0? Comment sont-ils venus \u00e0 bout de leurs missions\u00a0? \u00c0 l\u2019Association du mus\u00e9e suisse de l\u2019arm\u00e9e, Gerhard Wyss a apport\u00e9 des r\u00e9ponses.<\/strong><\/p>\n<p><strong>\u00a0<\/strong>Depuis toujours, la r\u00e9partition des rapports de pouvoir en cas de guerre ou de protection de la neutralit\u00e9 suscite le d\u00e9bat. Pour que le pouvoir politique puisse dicter des conditions-cadres raisonnables au commandement de l\u2019arm\u00e9e, un gouvernement fort s\u2019impose. Ces directives peuvent toutefois s\u2019opposer en tous points aux besoins d\u2019un g\u00e9n\u00e9ral agissant en qualit\u00e9 de commandant en chef \u00e9lu qui souhaite et doit accomplir la t\u00e2che qui lui a \u00e9t\u00e9 confi\u00e9e par l\u2019Assembl\u00e9e f\u00e9d\u00e9rale.<\/p>\n<p>La conf\u00e9rence intitul\u00e9e \u00ab\u00a0Die schweizerischen Oberbefehlshaber der Armee (1847-1945) im Spannungsfeld zwischen Politik und Milit\u00e4r\u00a0\u00bb (Les commandants en chef suisses de l\u2019arm\u00e9e (1847-1945) au c\u0153ur des tensions entre milieux politique et militaire) a bross\u00e9 un tableau int\u00e9ressant de 150\u00a0ans d\u2019histoire militaire de la Suisse \u00e0 la lumi\u00e8re de l\u2019action de ses commandants en chef. La comparaison transversale de quatre personnalit\u00e9s (Guillaume-Henri Dufour, Hans\u00a0Herzog, Ulrich\u00a0Wille et Henri\u00a0Guisan) r\u00e9alis\u00e9e par le conf\u00e9rencier a r\u00e9v\u00e9l\u00e9 des points communs et diff\u00e9rences int\u00e9ressants. Apr\u00e8s avoir abord\u00e9 les questions de l\u2019origine linguistique, de l\u2019appartenance des troupes, du charisme et de la popularit\u00e9, il en a conclu, au regard de la mission \u00e0 effectuer et de son accomplissement, que ce sont les deux g\u00e9n\u00e9raux francophones Dufour et Guisan qui ont eu \u00e0 relever les d\u00e9fis les plus grands, et qu\u2019ils y sont parvenus avec beaucoup de succ\u00e8s.<\/p>\n<p>[\/et_pb_text][et_pb_image admin_label=\u00a0\u00bbBild\u00a0\u00bb src=\u00a0\u00bbhttps:\/\/armeemuseum.ch\/wp-content\/uploads\/2018\/03\/Titelbild_002.jpg\u00a0\u00bb show_in_lightbox=\u00a0\u00bboff\u00a0\u00bb url_new_window=\u00a0\u00bboff\u00a0\u00bb use_overlay=\u00a0\u00bboff\u00a0\u00bb animation=\u00a0\u00bbleft\u00a0\u00bb sticky=\u00a0\u00bboff\u00a0\u00bb align=\u00a0\u00bbleft\u00a0\u00bb force_fullwidth=\u00a0\u00bboff\u00a0\u00bb always_center_on_mobile=\u00a0\u00bbon\u00a0\u00bb use_border_color=\u00a0\u00bboff\u00a0\u00bb border_color=\u00a0\u00bb#ffffff\u00a0\u00bb border_style=\u00a0\u00bbsolid\u00a0\u00bb \/][et_pb_gallery admin_label=\u00a0\u00bbGalerie\u00a0\u00bb gallery_ids=\u00a0\u00bb25060,24949,24953,24957,24961,24965,24969,24973,24977,24981,24985,24989,24993,24997,25001,25005,25009,25013,25017,25021,25025,25029,25033,25037,25041,25045,25049,25053&Prime; fullwidth=\u00a0\u00bbon\u00a0\u00bb orientation=\u00a0\u00bblandscape\u00a0\u00bb show_title_and_caption=\u00a0\u00bbon\u00a0\u00bb show_pagination=\u00a0\u00bboff\u00a0\u00bb background_layout=\u00a0\u00bblight\u00a0\u00bb auto=\u00a0\u00bboff\u00a0\u00bb db_image_max_width_tablet=\u00a0\u00bb51&Prime; db_image_max_height_tablet=\u00a0\u00bb501&Prime; db_image_row_spacing_tablet=\u00a0\u00bb51&Prime; db_image_center_titles=\u00a0\u00bbleft\u00a0\u00bb db_image_object_fit=\u00a0\u00bbinitial\u00a0\u00bb hover_overlay_color=\u00a0\u00bbrgba(255,255,255,0.9)\u00a0\u00bb use_border_color=\u00a0\u00bbon\u00a0\u00bb border_color=\u00a0\u00bb#ffffff\u00a0\u00bb border_style=\u00a0\u00bbsolid\u00a0\u00bb db_image_max_width=\u00a0\u00bb0&Prime; \/][et_pb_text admin_label=\u00a0\u00bbText\u00a0\u00bb background_layout=\u00a0\u00bblight\u00a0\u00bb text_orientation=\u00a0\u00bbleft\u00a0\u00bb use_border_color=\u00a0\u00bboff\u00a0\u00bb border_color=\u00a0\u00bb#ffffff\u00a0\u00bb border_style=\u00a0\u00bbsolid\u00a0\u00bb]<\/p>\n<p style=\"text-align: right;\">Photos : \u00a9 Markus Hubacher, Spiez<\/p>\n<p>&nbsp;<\/p>\n<p>[\/et_pb_text][\/et_pb_column][\/et_pb_row][\/et_pb_section]<\/p>\n","protected":false},"excerpt":{"rendered":"<p>Une comparaison passionnante Retour sur la pr\u00e9sentation du 14 mars 2018Une comparaison passionnante \u00a0Retour sur la pr\u00e9sentation du 14 mars 2018 Qui \u00e9taient les g\u00e9n\u00e9raux qui dirigeaient l\u2019arm\u00e9e pendant les p\u00e9riodes difficiles des services actifs\u00a0? Comment sont-ils venus \u00e0 bout de leurs missions\u00a0? \u00c0 l\u2019Association du mus\u00e9e suisse de l\u2019arm\u00e9e, Gerhard Wyss a apport\u00e9 des [&hellip;]<\/p>\n","protected":false},"author":2,"featured_media":0,"comment_status":"closed","ping_status":"open","sticky":false,"template":"","format":"standard","meta":{"_et_pb_use_builder":"on","_et_pb_old_content":"","_et_gb_content_width":"","footnotes":""},"categories":[683],"tags":[],"class_list":["post-25144","post","type-post","status-publish","format-standard","hentry","category-news-2018-fr"],"_links":{"self":[{"href":"https:\/\/armeemuseum.ch\/fr\/wp-json\/wp\/v2\/posts\/25144","targetHints":{"allow":["GET"]}}],"collection":[{"href":"https:\/\/armeemuseum.ch\/fr\/wp-json\/wp\/v2\/posts"}],"about":[{"href":"https:\/\/armeemuseum.ch\/fr\/wp-json\/wp\/v2\/types\/post"}],"author":[{"embeddable":true,"href":"https:\/\/armeemuseum.ch\/fr\/wp-json\/wp\/v2\/users\/2"}],"replies":[{"embeddable":true,"href":"https:\/\/armeemuseum.ch\/fr\/wp-json\/wp\/v2\/comments?post=25144"}],"version-history":[{"count":7,"href":"https:\/\/armeemuseum.ch\/fr\/wp-json\/wp\/v2\/posts\/25144\/revisions"}],"predecessor-version":[{"id":25151,"href":"https:\/\/armeemuseum.ch\/fr\/wp-json\/wp\/v2\/posts\/25144\/revisions\/25151"}],"wp:attachment":[{"href":"https:\/\/armeemuseum.ch\/fr\/wp-json\/wp\/v2\/media?parent=25144"}],"wp:term":[{"taxonomy":"category","embeddable":true,"href":"https:\/\/armeemuseum.ch\/fr\/wp-json\/wp\/v2\/categories?post=25144"},{"taxonomy":"post_tag","embeddable":true,"href":"https:\/\/armeemuseum.ch\/fr\/wp-json\/wp\/v2\/tags?post=25144"}],"curies":[{"name":"wp","href":"https:\/\/api.w.org\/{rel}","templated":true}]}}