{"id":24914,"date":"2018-02-28T15:35:16","date_gmt":"2018-02-28T14:35:16","guid":{"rendered":"https:\/\/www.armeemuseum.ch\/lhistoire-de-linfanterie-jusqua-larmee-95\/"},"modified":"2018-04-17T21:15:48","modified_gmt":"2018-04-17T20:15:48","slug":"lhistoire-de-linfanterie-jusqua-larmee-95","status":"publish","type":"post","link":"https:\/\/armeemuseum.ch\/fr\/lhistoire-de-linfanterie-jusqua-larmee-95\/","title":{"rendered":"L\u2019histoire de l\u2019infanterie jusqu\u2019\u00e0 l\u2019Arm\u00e9e 95"},"content":{"rendered":"<p>[et_pb_section bb_built=\u00a0\u00bb1&Prime; admin_label=\u00a0\u00bbsection\u00a0\u00bb][et_pb_row admin_label=\u00a0\u00bbrow\u00a0\u00bb][et_pb_column type=\u00a0\u00bb2_3&Prime;][et_pb_text admin_label=\u00a0\u00bbText\u00a0\u00bb background_layout=\u00a0\u00bblight\u00a0\u00bb text_orientation=\u00a0\u00bbleft\u00a0\u00bb use_border_color=\u00a0\u00bboff\u00a0\u00bb border_color=\u00a0\u00bb#ffffff\u00a0\u00bb border_style=\u00a0\u00bbsolid\u00a0\u00bb]<\/p>\n<h2><strong>L\u2019histoire de l\u2019infanterie jusqu\u2019\u00e0 l\u2019Arm\u00e9e\u00a095<\/strong><\/h2>\n<h4><strong>Retour sur la pr\u00e9sentation du 17 janvier 2018<\/strong><\/h4>\n<p>[\/et_pb_text][\/et_pb_column][et_pb_column type=\u00a0\u00bb1_3&Prime;][et_pb_image admin_label=\u00a0\u00bbBild\u00a0\u00bb src=\u00a0\u00bbhttps:\/\/armeemuseum.ch\/wp-content\/uploads\/2017\/10\/Logo-VSAM-komprimiert.jpg\u00a0\u00bb show_in_lightbox=\u00a0\u00bboff\u00a0\u00bb url_new_window=\u00a0\u00bboff\u00a0\u00bb use_overlay=\u00a0\u00bboff\u00a0\u00bb animation=\u00a0\u00bbleft\u00a0\u00bb sticky=\u00a0\u00bboff\u00a0\u00bb align=\u00a0\u00bbleft\u00a0\u00bb force_fullwidth=\u00a0\u00bboff\u00a0\u00bb always_center_on_mobile=\u00a0\u00bbon\u00a0\u00bb use_border_color=\u00a0\u00bboff\u00a0\u00bb border_color=\u00a0\u00bb#ffffff\u00a0\u00bb border_style=\u00a0\u00bbsolid\u00a0\u00bb \/][\/et_pb_column][\/et_pb_row][et_pb_row admin_label=\u00a0\u00bbZeile\u00a0\u00bb][et_pb_column type=\u00a0\u00bb4_4&Prime;][et_pb_text admin_label=\u00a0\u00bbText\u00a0\u00bb background_layout=\u00a0\u00bblight\u00a0\u00bb text_orientation=\u00a0\u00bbleft\u00a0\u00bb use_border_color=\u00a0\u00bboff\u00a0\u00bb border_color=\u00a0\u00bb#ffffff\u00a0\u00bb border_style=\u00a0\u00bbsolid\u00a0\u00bb]<\/p>\n<p><strong>L\u2019histoire de l\u2019infanterie jusqu\u2019\u00e0 l\u2019Arm\u00e9e\u00a095<\/strong><\/p>\n<p><strong>Si l\u2019on se penche sur l\u2019\u00e9volution de l\u2019infanterie suisse \u00e0 partir de 1939, on constate que la mise en place d\u2019une d\u00e9fense antichars efficace a dur\u00e9 tr\u00e8s longtemps, mais qu\u2019en revanche, la r\u00e9duction du niveau des effectifs a \u00e9t\u00e9 r\u00e9alis\u00e9e \u00e0 une vitesse fulgurante.<\/strong><\/p>\n<p>J\u00fcrg Keller est un expert de l\u2019histoire de l\u2019arm\u00e9e suisse. Ses conf\u00e9rences reposent sur des recherches pouss\u00e9es et sont toujours agr\u00e9ment\u00e9es d\u2019anecdotes tir\u00e9es de son exp\u00e9rience professionnelle et des dossiers trouv\u00e9s. Dans la deuxi\u00e8me partie de sa conf\u00e9rence consacr\u00e9e \u00e0 l\u2019infanterie suisse (de 1938 jusqu\u2019\u00e0 l\u2019Arm\u00e9e\u00a095), il a abord\u00e9 les liens entre le nouveau mat\u00e9riel et les armes ainsi qu\u2019entre les structures et les forces selon l\u2019exemple d\u2019un r\u00e9giment d\u2019infanterie.<\/p>\n<p>Il est rapidement apparu que l\u2019arm\u00e9e a \u00e9prouv\u00e9 des difficult\u00e9s \u00e0 mettre en place une d\u00e9fense antichars efficace pendant la Deuxi\u00e8me Guerre mondiale et au cours des ann\u00e9es qui ont suivi. Ce n\u2019est que dans les ann\u00e9es\u00a050 que l\u2019infanterie est devenue assez puissante en nombre et en efficacit\u00e9 gr\u00e2ce au tube roquette de 8,3\u00a0cm, au canon antichars de 9\u00a0cm et aux canons de 10,5\u00a0cm sans recul qui ont suivi. L\u2019introduction des engins guid\u00e9s antichars fut l\u2019une des autres \u00e9tapes de modernisation qui ont eu lieu environ tous les dix ans. Au d\u00e9but des ann\u00e9es\u00a090, l\u2019arm\u00e9e suisse \u00e9tait tr\u00e8s bien \u00e9quip\u00e9e sur le plan technologique et termes de stocks. Elle aurait v\u00e9ritablement \u00e9t\u00e9 \u00e0 m\u00eame de remplir ses missions de d\u00e9fense avec l\u2019infanterie. Le moteur des \u00e9volutions mises en \u00e9vidence a toujours \u00e9t\u00e9 les conflits internationaux qui influencent notre s\u00e9curit\u00e9 et les exp\u00e9riences qui en d\u00e9coulent.<\/p>\n<p>L\u2019arriv\u00e9e de l\u2019Arm\u00e9e\u00a095 a entra\u00een\u00e9 la diminution des effectifs et la transformation de l\u2019organisation. La puissance d\u2019impact de l\u2019infanterie a consid\u00e9rablement diminu\u00e9 en raison de la liquidation de diff\u00e9rents syst\u00e8mes d\u2019armes, comme l\u2019a expliqu\u00e9 J\u00fcrg\u00a0Keller. Le d\u00e9veloppement technologique et la m\u00e9canisation ont exig\u00e9 de moins en moins de soldats, mais pour le conf\u00e9rencier, cette diminution des effectifs est clairement all\u00e9e trop loin. \u00ab\u00a0Serions-nous encore en mesure aujourd\u2019hui de nous d\u00e9fendre au moyen de l\u2019infanterie\u00a0?\u00a0\u00bb Cette question \u00e9tait sur les l\u00e8vres des quelque 60\u00a0personnes qui ont assist\u00e9 \u00e0 la premi\u00e8re soir\u00e9e de conf\u00e9rence de l\u2019Association du mus\u00e9e suisse de l\u2019arm\u00e9e de cette ann\u00e9e.<\/p>\n<p>[\/et_pb_text][\/et_pb_column][\/et_pb_row][et_pb_row admin_label=\u00a0\u00bbZeile\u00a0\u00bb][et_pb_column type=\u00a0\u00bb4_4&Prime;][et_pb_image admin_label=\u00a0\u00bbBild\u00a0\u00bb src=\u00a0\u00bbhttps:\/\/armeemuseum.ch\/wp-content\/uploads\/2018\/01\/Collage_000.jpg\u00a0\u00bb show_in_lightbox=\u00a0\u00bboff\u00a0\u00bb url_new_window=\u00a0\u00bboff\u00a0\u00bb use_overlay=\u00a0\u00bboff\u00a0\u00bb animation=\u00a0\u00bbleft\u00a0\u00bb sticky=\u00a0\u00bboff\u00a0\u00bb align=\u00a0\u00bbleft\u00a0\u00bb force_fullwidth=\u00a0\u00bboff\u00a0\u00bb always_center_on_mobile=\u00a0\u00bbon\u00a0\u00bb use_border_color=\u00a0\u00bboff\u00a0\u00bb border_color=\u00a0\u00bb#ffffff\u00a0\u00bb border_style=\u00a0\u00bbsolid\u00a0\u00bb \/][et_pb_gallery admin_label=\u00a0\u00bbGalerie\u00a0\u00bb fullwidth=\u00a0\u00bbon\u00a0\u00bb orientation=\u00a0\u00bblandscape\u00a0\u00bb show_title_and_caption=\u00a0\u00bbon\u00a0\u00bb show_pagination=\u00a0\u00bboff\u00a0\u00bb background_layout=\u00a0\u00bblight\u00a0\u00bb auto=\u00a0\u00bboff\u00a0\u00bb db_image_max_width_tablet=\u00a0\u00bb51&Prime; db_image_max_height_tablet=\u00a0\u00bb501&Prime; db_image_row_spacing_tablet=\u00a0\u00bb51&Prime; db_image_center_titles=\u00a0\u00bbleft\u00a0\u00bb db_image_object_fit=\u00a0\u00bbinitial\u00a0\u00bb hover_overlay_color=\u00a0\u00bbrgba(255,255,255,0.9)\u00a0\u00bb use_border_color=\u00a0\u00bboff\u00a0\u00bb border_color=\u00a0\u00bb#ffffff\u00a0\u00bb border_style=\u00a0\u00bbsolid\u00a0\u00bb gallery_ids=\u00a0\u00bb24506,24510,24514,24518,24522,24526,24530,24534,24538,24542,24546,24550,24554,24558,24562,24566,24570,24574,24578,24582,24586,24590,24594,24598,24602,24606,24610,24614,24618,24622,24626,24630&Prime; \/][et_pb_text admin_label=\u00a0\u00bbText\u00a0\u00bb background_layout=\u00a0\u00bblight\u00a0\u00bb text_orientation=\u00a0\u00bbleft\u00a0\u00bb use_border_color=\u00a0\u00bboff\u00a0\u00bb border_color=\u00a0\u00bb#ffffff\u00a0\u00bb border_style=\u00a0\u00bbsolid\u00a0\u00bb]<\/p>\n<p style=\"text-align: right;\">Photos : \u00a9 Markus Hubacher, Spiez\u00a0<\/p>\n<p>[\/et_pb_text][\/et_pb_column][\/et_pb_row][\/et_pb_section]<\/p>\n","protected":false},"excerpt":{"rendered":"<p>L\u2019histoire de l\u2019infanterie jusqu\u2019\u00e0 l\u2019Arm\u00e9e\u00a095 Retour sur la pr\u00e9sentation du 17 janvier 2018L\u2019histoire de l\u2019infanterie jusqu\u2019\u00e0 l\u2019Arm\u00e9e\u00a095 Si l\u2019on se penche sur l\u2019\u00e9volution de l\u2019infanterie suisse \u00e0 partir de 1939, on constate que la mise en place d\u2019une d\u00e9fense antichars efficace a dur\u00e9 tr\u00e8s longtemps, mais qu\u2019en revanche, la r\u00e9duction du niveau des effectifs a [&hellip;]<\/p>\n","protected":false},"author":2,"featured_media":0,"comment_status":"closed","ping_status":"open","sticky":false,"template":"","format":"standard","meta":{"_et_pb_use_builder":"on","_et_pb_old_content":"","_et_gb_content_width":"","footnotes":""},"categories":[683,684],"tags":[],"class_list":["post-24914","post","type-post","status-publish","format-standard","hentry","category-news-2018-fr","category-news-2018-fr-2"],"_links":{"self":[{"href":"https:\/\/armeemuseum.ch\/fr\/wp-json\/wp\/v2\/posts\/24914","targetHints":{"allow":["GET"]}}],"collection":[{"href":"https:\/\/armeemuseum.ch\/fr\/wp-json\/wp\/v2\/posts"}],"about":[{"href":"https:\/\/armeemuseum.ch\/fr\/wp-json\/wp\/v2\/types\/post"}],"author":[{"embeddable":true,"href":"https:\/\/armeemuseum.ch\/fr\/wp-json\/wp\/v2\/users\/2"}],"replies":[{"embeddable":true,"href":"https:\/\/armeemuseum.ch\/fr\/wp-json\/wp\/v2\/comments?post=24914"}],"version-history":[{"count":4,"href":"https:\/\/armeemuseum.ch\/fr\/wp-json\/wp\/v2\/posts\/24914\/revisions"}],"predecessor-version":[{"id":25152,"href":"https:\/\/armeemuseum.ch\/fr\/wp-json\/wp\/v2\/posts\/24914\/revisions\/25152"}],"wp:attachment":[{"href":"https:\/\/armeemuseum.ch\/fr\/wp-json\/wp\/v2\/media?parent=24914"}],"wp:term":[{"taxonomy":"category","embeddable":true,"href":"https:\/\/armeemuseum.ch\/fr\/wp-json\/wp\/v2\/categories?post=24914"},{"taxonomy":"post_tag","embeddable":true,"href":"https:\/\/armeemuseum.ch\/fr\/wp-json\/wp\/v2\/tags?post=24914"}],"curies":[{"name":"wp","href":"https:\/\/api.w.org\/{rel}","templated":true}]}}