{"id":2186,"date":"2011-10-18T20:17:22","date_gmt":"2011-10-18T19:17:22","guid":{"rendered":"http:\/\/test.armeemuseum.ch\/?page_id=2186"},"modified":"2017-02-02T19:19:16","modified_gmt":"2017-02-02T18:19:16","slug":"der-weg-zur-gewehrpatrone-11-vorschau","status":"publish","type":"post","link":"https:\/\/armeemuseum.ch\/fr\/der-weg-zur-gewehrpatrone-11-vorschau\/","title":{"rendered":"Der Weg zur Gewehrpatrone 11 &#8211; Vorschau"},"content":{"rendered":"<p>[et_pb_section admin_label=\u00a0\u00bbsection\u00a0\u00bb][et_pb_row admin_label=\u00a0\u00bbrow\u00a0\u00bb][et_pb_column type=\u00a0\u00bb2_3&Prime;][et_pb_text admin_label=\u00a0\u00bbText\u00a0\u00bb background_layout=\u00a0\u00bblight\u00a0\u00bb text_orientation=\u00a0\u00bbleft\u00a0\u00bb use_border_color=\u00a0\u00bboff\u00a0\u00bb border_color=\u00a0\u00bb#ffffff\u00a0\u00bb border_style=\u00a0\u00bbsolid\u00a0\u00bb]<\/p>\n<h2><strong>Der Weg zur Gewehrpatrone 11 und 100 Jahre Infanteriegewehr und Karabiner Ordonnanz 1911<\/strong><\/h2>\n<h4>Vorschau auf den Vortrag vom 27. Oktober 2011<\/h4>\n<p>[\/et_pb_text][\/et_pb_column][et_pb_column type=\u00a0\u00bb1_3&Prime;][et_pb_image admin_label=\u00a0\u00bbBild\u00a0\u00bb src=\u00a0\u00bbhttps:\/\/armeemuseum.ch\/wp-content\/uploads\/2016\/06\/Logo-VSAM-komprimiert.jpg\u00a0\u00bb show_in_lightbox=\u00a0\u00bboff\u00a0\u00bb url_new_window=\u00a0\u00bboff\u00a0\u00bb use_overlay=\u00a0\u00bboff\u00a0\u00bb animation=\u00a0\u00bbleft\u00a0\u00bb sticky=\u00a0\u00bboff\u00a0\u00bb align=\u00a0\u00bbleft\u00a0\u00bb force_fullwidth=\u00a0\u00bboff\u00a0\u00bb always_center_on_mobile=\u00a0\u00bbon\u00a0\u00bb use_border_color=\u00a0\u00bboff\u00a0\u00bb border_color=\u00a0\u00bb#ffffff\u00a0\u00bb border_style=\u00a0\u00bbsolid\u00a0\u00bb \/][\/et_pb_column][\/et_pb_row][et_pb_row admin_label=\u00a0\u00bbZeile\u00a0\u00bb][et_pb_column type=\u00a0\u00bb4_4&Prime;][et_pb_text admin_label=\u00a0\u00bbText\u00a0\u00bb background_layout=\u00a0\u00bblight\u00a0\u00bb text_orientation=\u00a0\u00bbleft\u00a0\u00bb use_border_color=\u00a0\u00bboff\u00a0\u00bb border_color=\u00a0\u00bb#ffffff\u00a0\u00bb border_style=\u00a0\u00bbsolid\u00a0\u00bb]<\/p>\n<p class=\"bodytext\">Nicht nur den reinen Waffenkennern ist die Gewehrpatrone 11 oder der Karabiner 11 bekannt. Welcher Wehrmann kennt die Abk\u00fcrzung GP11 nicht? Damit verbindet sich ein langes St\u00fcck Schweizer Milit\u00e4rgeschichte: In den Jahren von der Jahrhundertwende bis zum ersten Weltkrieg ergaben sich weltweit enorme r\u00fcstungstechnische Fortschritte. Mit einer leistungsstarken Gewehrpatrone im Kaliber 7,5 mm, die in ihrer Grundform noch heute nach hundert Jahren in der Armee Verwendung findet, gelang es der Schweizer Armee noch gerade rechtzeitig vor dem ersten Weltkrieg, den Schritt zu einer modernen Infanteriebewaffung zu vollziehen.<\/p>\n<p>Am Donnerstag, 27. Oktober, f\u00fchren Anton Zindel und Ulrich Stoller, zwei anerkannte Munitions- und Waffenspezialisten der Stiftung HAM, in die 100-j\u00e4hrige Geschichte dieser Munition und der zugeh\u00f6rigen Waffen ein. Sie begr\u00fcnden, wieso die Technik dieser Waffen so speziell ist und welche bekannten Namen von Pionieren auf dem Gebiet, wie Oberst Eduard Rubin und Oberst Rudolf Schmidt mit der Entwicklung von Munition und Waffe verbunden sind. Sie erkl\u00e4ren die Entstehung und Weiterentwicklung des Waffensystems im Spannungsfeld der Anforderungen von Armee und Schiesswesen ausser Dienst.<\/p>\n<p>Der Zutritt zu den Anl\u00e4ssen des Vereins Schweizer Armeemuseums ist frei, Spenden zugunsten des Vereins werden gerne entgegen genommen.<\/p>\n<p class=\"bodytext\">\u00a0<b>Treffpunkt:<\/b> 18.50 Uhr, Eingangstor RUAG vor Uttigenstrasse 19, Thun<\/p>\n<p>[\/et_pb_text][\/et_pb_column][\/et_pb_row][et_pb_row admin_label=\u00a0\u00bbZeile\u00a0\u00bb][et_pb_column type=\u00a0\u00bb1_2&Prime;][et_pb_image admin_label=\u00a0\u00bbBild\u00a0\u00bb src=\u00a0\u00bbhttps:\/\/armeemuseum.ch\/wp-content\/uploads\/2016\/06\/Oberst_Eduard_Rubin.jpeg\u00a0\u00bb show_in_lightbox=\u00a0\u00bboff\u00a0\u00bb url_new_window=\u00a0\u00bboff\u00a0\u00bb use_overlay=\u00a0\u00bboff\u00a0\u00bb animation=\u00a0\u00bbleft\u00a0\u00bb sticky=\u00a0\u00bboff\u00a0\u00bb align=\u00a0\u00bbleft\u00a0\u00bb force_fullwidth=\u00a0\u00bboff\u00a0\u00bb always_center_on_mobile=\u00a0\u00bbon\u00a0\u00bb use_border_color=\u00a0\u00bboff\u00a0\u00bb border_color=\u00a0\u00bb#ffffff\u00a0\u00bb border_style=\u00a0\u00bbsolid\u00a0\u00bb \/][\/et_pb_column][et_pb_column type=\u00a0\u00bb1_2&Prime;][et_pb_text admin_label=\u00a0\u00bbText\u00a0\u00bb background_layout=\u00a0\u00bblight\u00a0\u00bb text_orientation=\u00a0\u00bbleft\u00a0\u00bb use_border_color=\u00a0\u00bboff\u00a0\u00bb border_color=\u00a0\u00bb#ffffff\u00a0\u00bb border_style=\u00a0\u00bbsolid\u00a0\u00bb]<\/p>\n<p>&nbsp;<\/p>\n<p>&nbsp;<\/p>\n<p>Oberst Eudard Rubin<\/p>\n<p>&nbsp;<\/p>\n<p>[\/et_pb_text][\/et_pb_column][\/et_pb_row][\/et_pb_section]<\/p>\n","protected":false},"excerpt":{"rendered":"<p>Der Weg zur Gewehrpatrone 11 und 100 Jahre Infanteriegewehr und Karabiner Ordonnanz 1911 Vorschau auf den Vortrag vom 27. Oktober 2011 Nicht nur den reinen Waffenkennern ist die Gewehrpatrone 11 oder der Karabiner 11 bekannt. Welcher Wehrmann kennt die Abk\u00fcrzung GP11 nicht? Damit verbindet sich ein langes St\u00fcck Schweizer Milit\u00e4rgeschichte: In den Jahren von der [&hellip;]<\/p>\n","protected":false},"author":2,"featured_media":0,"comment_status":"closed","ping_status":"closed","sticky":false,"template":"","format":"standard","meta":{"_et_pb_use_builder":"on","_et_pb_old_content":"","_et_gb_content_width":"","footnotes":""},"categories":[76],"tags":[],"class_list":["post-2186","post","type-post","status-publish","format-standard","hentry","category-news-2011-2"],"_links":{"self":[{"href":"https:\/\/armeemuseum.ch\/fr\/wp-json\/wp\/v2\/posts\/2186","targetHints":{"allow":["GET"]}}],"collection":[{"href":"https:\/\/armeemuseum.ch\/fr\/wp-json\/wp\/v2\/posts"}],"about":[{"href":"https:\/\/armeemuseum.ch\/fr\/wp-json\/wp\/v2\/types\/post"}],"author":[{"embeddable":true,"href":"https:\/\/armeemuseum.ch\/fr\/wp-json\/wp\/v2\/users\/2"}],"replies":[{"embeddable":true,"href":"https:\/\/armeemuseum.ch\/fr\/wp-json\/wp\/v2\/comments?post=2186"}],"version-history":[{"count":3,"href":"https:\/\/armeemuseum.ch\/fr\/wp-json\/wp\/v2\/posts\/2186\/revisions"}],"predecessor-version":[{"id":2190,"href":"https:\/\/armeemuseum.ch\/fr\/wp-json\/wp\/v2\/posts\/2186\/revisions\/2190"}],"wp:attachment":[{"href":"https:\/\/armeemuseum.ch\/fr\/wp-json\/wp\/v2\/media?parent=2186"}],"wp:term":[{"taxonomy":"category","embeddable":true,"href":"https:\/\/armeemuseum.ch\/fr\/wp-json\/wp\/v2\/categories?post=2186"},{"taxonomy":"post_tag","embeddable":true,"href":"https:\/\/armeemuseum.ch\/fr\/wp-json\/wp\/v2\/tags?post=2186"}],"curies":[{"name":"wp","href":"https:\/\/api.w.org\/{rel}","templated":true}]}}