{"id":21463,"date":"2017-12-07T18:26:57","date_gmt":"2017-12-07T17:26:57","guid":{"rendered":"https:\/\/www.armeemuseum.ch\/le-general-oublie-niklaus-leodegar-franz-ignaz-von-bachmann\/"},"modified":"2018-02-19T22:15:17","modified_gmt":"2018-02-19T21:15:17","slug":"le-general-oublie-niklaus-leodegar-franz-ignaz-von-bachmann","status":"publish","type":"post","link":"https:\/\/armeemuseum.ch\/fr\/le-general-oublie-niklaus-leodegar-franz-ignaz-von-bachmann\/","title":{"rendered":"Le g\u00e9n\u00e9ral oubli\u00e9 Niklaus Leodegar Franz Ignaz von Bachmann"},"content":{"rendered":"<p>[et_pb_section admin_label=\u00a0\u00bbsection\u00a0\u00bb][et_pb_row admin_label=\u00a0\u00bbrow\u00a0\u00bb][et_pb_column type=\u00a0\u00bb2_3&Prime;][et_pb_text admin_label=\u00a0\u00bbText\u00a0\u00bb background_layout=\u00a0\u00bblight\u00a0\u00bb text_orientation=\u00a0\u00bbleft\u00a0\u00bb use_border_color=\u00a0\u00bboff\u00a0\u00bb border_color=\u00a0\u00bb#ffffff\u00a0\u00bb border_style=\u00a0\u00bbsolid\u00a0\u00bb]<\/p>\n<h2 class=\"csc-firstHeader\"><strong>Le g\u00e9n\u00e9ral oubli\u00e9 Niklaus Leodegar Franz Ignaz von Bachmann (1740 \u2013 1831)<\/strong><\/h2>\n<h4 class=\"csc-firstHeader\">Expos\u00e9 du 11 d\u00e9cembre 2013<\/h4>\n<p>[\/et_pb_text][\/et_pb_column][et_pb_column type=\u00a0\u00bb1_3&Prime;][et_pb_image admin_label=\u00a0\u00bbBild\u00a0\u00bb src=\u00a0\u00bbhttps:\/\/armeemuseum.ch\/wp-content\/uploads\/2016\/06\/Logo-VSAM-komprimiert.jpg\u00a0\u00bb show_in_lightbox=\u00a0\u00bboff\u00a0\u00bb url_new_window=\u00a0\u00bboff\u00a0\u00bb use_overlay=\u00a0\u00bboff\u00a0\u00bb animation=\u00a0\u00bbleft\u00a0\u00bb sticky=\u00a0\u00bboff\u00a0\u00bb align=\u00a0\u00bbleft\u00a0\u00bb force_fullwidth=\u00a0\u00bboff\u00a0\u00bb always_center_on_mobile=\u00a0\u00bbon\u00a0\u00bb use_border_color=\u00a0\u00bboff\u00a0\u00bb border_color=\u00a0\u00bb#ffffff\u00a0\u00bb border_style=\u00a0\u00bbsolid\u00a0\u00bb \/][\/et_pb_column][\/et_pb_row][et_pb_row admin_label=\u00a0\u00bbZeile\u00a0\u00bb][et_pb_column type=\u00a0\u00bb4_4&Prime;][et_pb_text admin_label=\u00a0\u00bbText\u00a0\u00bb background_layout=\u00a0\u00bblight\u00a0\u00bb text_orientation=\u00a0\u00bbleft\u00a0\u00bb use_border_color=\u00a0\u00bboff\u00a0\u00bb border_color=\u00a0\u00bb#ffffff\u00a0\u00bb border_style=\u00a0\u00bbsolid\u00a0\u00bb]<\/p>\n<p>A l\u2019occasion de la derni\u00e8re conf\u00e9rence de l\u2019ann\u00e9e de l\u2019Association du mus\u00e9e suisse de l\u2019arm\u00e9e, Fred Heer a fait red\u00e9couvrir aux visiteurs la vie et l\u2019\u0153uvre, souvent m\u00e9connues, du g\u00e9n\u00e9ral Niklaus Franz von Bachmann, de N\u00e4fels. En mars 1815, lorsque Napol\u00e9on est rentr\u00e9 \u00e0 l\u2019improviste de sa d\u00e9tention sur l\u2019\u00eele d\u2019Elbe, la Di\u00e8te a lev\u00e9 des troupes pour la protection de la fronti\u00e8re et a nomm\u00e9 Bachmann g\u00e9n\u00e9ral en chef le 26 mars 1815 \u2013 le premier g\u00e9n\u00e9ral suisse, comme l\u2019a soulign\u00e9 Fred Heer.<\/p>\n<p>Fred Heer pr\u00e9side la General Bachmann Gesellschaft et ma\u00eetrise donc le sujet \u00e0 la perfection. Le d\u00e9tail de ses connaissances \u00e9tait impressionnant, \u00e0 l\u2019instar de ses explications sur les \u00e9v\u00e9nements de Suisse et des r\u00e9gions voisines au tournant du XIXe si\u00e8cle. Il a compar\u00e9 les troubles qui r\u00e9gnaient alors, similaires \u00e0 des guerres civiles, \u00e0 la situation actuelle au Proche-Orient et dans certaines parties de l\u2019Afrique.<\/p>\n<p>Pour lui, Bachmann s\u2019inscrit sans nul doute dans la lign\u00e9e des beaucoup plus c\u00e9l\u00e8bres Guillaume-Henri Dufour, Hens Herzig, Ulrich Will et Henri Guisan. Il a ainsi pr\u00e9sent\u00e9 toutes les r\u00e9alisations impressionnantes de ce g\u00e9n\u00e9ral, \u00e0 la t\u00eate des troupes \u00e9trang\u00e8res, puis sous les ordres de la Di\u00e8te. En un mot, il s\u2019agit l\u00e0 d\u2019un homme injustement m\u00e9connu.<\/p>\n<p>Au total, pr\u00e8s de 500 personnes ont assist\u00e9 aux six conf\u00e9rences de 2013, \u00e0 Thoune et \u00e0 Berthoud, selon le bilan d\u2019Henri Habegger, vice-pr\u00e9sident de la VSAM. Le programme pour 2014 est d\u2019ores et d\u00e9j\u00e0 disponible.<\/p>\n<p>[\/et_pb_text][et_pb_image admin_label=\u00a0\u00bbBild\u00a0\u00bb src=\u00a0\u00bbhttps:\/\/armeemuseum.ch\/wp-content\/uploads\/2016\/06\/Vortrag_Heer002.jpg\u00a0\u00bb show_in_lightbox=\u00a0\u00bboff\u00a0\u00bb url_new_window=\u00a0\u00bboff\u00a0\u00bb use_overlay=\u00a0\u00bboff\u00a0\u00bb animation=\u00a0\u00bbleft\u00a0\u00bb sticky=\u00a0\u00bboff\u00a0\u00bb align=\u00a0\u00bbleft\u00a0\u00bb force_fullwidth=\u00a0\u00bboff\u00a0\u00bb always_center_on_mobile=\u00a0\u00bbon\u00a0\u00bb use_border_color=\u00a0\u00bboff\u00a0\u00bb border_color=\u00a0\u00bb#ffffff\u00a0\u00bb border_style=\u00a0\u00bbsolid\u00a0\u00bb \/][\/et_pb_column][\/et_pb_row][et_pb_row admin_label=\u00a0\u00bbZeile\u00a0\u00bb][et_pb_column type=\u00a0\u00bb1_4&Prime;][et_pb_image admin_label=\u00a0\u00bbBild\u00a0\u00bb src=\u00a0\u00bbhttps:\/\/armeemuseum.ch\/wp-content\/uploads\/2016\/06\/Vortrag_Heer004.jpg\u00a0\u00bb show_in_lightbox=\u00a0\u00bbon\u00a0\u00bb url_new_window=\u00a0\u00bboff\u00a0\u00bb use_overlay=\u00a0\u00bbon\u00a0\u00bb animation=\u00a0\u00bbleft\u00a0\u00bb sticky=\u00a0\u00bboff\u00a0\u00bb align=\u00a0\u00bbleft\u00a0\u00bb force_fullwidth=\u00a0\u00bboff\u00a0\u00bb always_center_on_mobile=\u00a0\u00bbon\u00a0\u00bb use_border_color=\u00a0\u00bboff\u00a0\u00bb border_color=\u00a0\u00bb#ffffff\u00a0\u00bb border_style=\u00a0\u00bbsolid\u00a0\u00bb \/][\/et_pb_column][et_pb_column type=\u00a0\u00bb1_4&Prime;][et_pb_image admin_label=\u00a0\u00bbBild\u00a0\u00bb src=\u00a0\u00bbhttps:\/\/armeemuseum.ch\/wp-content\/uploads\/2016\/06\/Vortrag_Heer003.jpg\u00a0\u00bb show_in_lightbox=\u00a0\u00bbon\u00a0\u00bb url_new_window=\u00a0\u00bboff\u00a0\u00bb use_overlay=\u00a0\u00bbon\u00a0\u00bb animation=\u00a0\u00bbleft\u00a0\u00bb sticky=\u00a0\u00bboff\u00a0\u00bb align=\u00a0\u00bbleft\u00a0\u00bb force_fullwidth=\u00a0\u00bboff\u00a0\u00bb always_center_on_mobile=\u00a0\u00bbon\u00a0\u00bb use_border_color=\u00a0\u00bboff\u00a0\u00bb border_color=\u00a0\u00bb#ffffff\u00a0\u00bb border_style=\u00a0\u00bbsolid\u00a0\u00bb \/][\/et_pb_column][et_pb_column type=\u00a0\u00bb1_4&Prime;][et_pb_image admin_label=\u00a0\u00bbBild\u00a0\u00bb src=\u00a0\u00bbhttps:\/\/armeemuseum.ch\/wp-content\/uploads\/2016\/06\/Vortrag_Heer007.jpg\u00a0\u00bb show_in_lightbox=\u00a0\u00bbon\u00a0\u00bb url_new_window=\u00a0\u00bboff\u00a0\u00bb use_overlay=\u00a0\u00bbon\u00a0\u00bb animation=\u00a0\u00bbleft\u00a0\u00bb sticky=\u00a0\u00bboff\u00a0\u00bb align=\u00a0\u00bbleft\u00a0\u00bb force_fullwidth=\u00a0\u00bboff\u00a0\u00bb always_center_on_mobile=\u00a0\u00bbon\u00a0\u00bb use_border_color=\u00a0\u00bboff\u00a0\u00bb border_color=\u00a0\u00bb#ffffff\u00a0\u00bb border_style=\u00a0\u00bbsolid\u00a0\u00bb \/][\/et_pb_column][et_pb_column type=\u00a0\u00bb1_4&Prime;][et_pb_image admin_label=\u00a0\u00bbBild\u00a0\u00bb src=\u00a0\u00bbhttps:\/\/armeemuseum.ch\/wp-content\/uploads\/2016\/06\/Vortrag_Heer008.jpg\u00a0\u00bb show_in_lightbox=\u00a0\u00bbon\u00a0\u00bb url_new_window=\u00a0\u00bboff\u00a0\u00bb use_overlay=\u00a0\u00bbon\u00a0\u00bb animation=\u00a0\u00bbleft\u00a0\u00bb sticky=\u00a0\u00bboff\u00a0\u00bb align=\u00a0\u00bbleft\u00a0\u00bb force_fullwidth=\u00a0\u00bboff\u00a0\u00bb always_center_on_mobile=\u00a0\u00bbon\u00a0\u00bb use_border_color=\u00a0\u00bboff\u00a0\u00bb border_color=\u00a0\u00bb#ffffff\u00a0\u00bb border_style=\u00a0\u00bbsolid\u00a0\u00bb \/][\/et_pb_column][\/et_pb_row][et_pb_row admin_label=\u00a0\u00bbZeile\u00a0\u00bb][et_pb_column type=\u00a0\u00bb4_4&Prime;][et_pb_text admin_label=\u00a0\u00bbText\u00a0\u00bb background_layout=\u00a0\u00bblight\u00a0\u00bb text_orientation=\u00a0\u00bbleft\u00a0\u00bb use_border_color=\u00a0\u00bboff\u00a0\u00bb border_color=\u00a0\u00bb#ffffff\u00a0\u00bb border_style=\u00a0\u00bbsolid\u00a0\u00bb]<\/p>\n<p>Photos : \u00a9 Markus Hubacher, Spiez\n <\/p>\n<p>[\/et_pb_text][\/et_pb_column][\/et_pb_row][\/et_pb_section]<\/p>\n","protected":false},"excerpt":{"rendered":"<p>Le g\u00e9n\u00e9ral oubli\u00e9 Niklaus Leodegar Franz Ignaz von Bachmann (1740 \u2013 1831) Expos\u00e9 du 11 d\u00e9cembre 2013 A l\u2019occasion de la derni\u00e8re conf\u00e9rence de l\u2019ann\u00e9e de l\u2019Association du mus\u00e9e suisse de l\u2019arm\u00e9e, Fred Heer a fait red\u00e9couvrir aux visiteurs la vie et l\u2019\u0153uvre, souvent m\u00e9connues, du g\u00e9n\u00e9ral Niklaus Franz von Bachmann, de N\u00e4fels. En mars [&hellip;]<\/p>\n","protected":false},"author":2,"featured_media":0,"comment_status":"closed","ping_status":"closed","sticky":false,"template":"","format":"standard","meta":{"_et_pb_use_builder":"on","_et_pb_old_content":"","_et_gb_content_width":"","footnotes":""},"categories":[668],"tags":[],"class_list":["post-21463","post","type-post","status-publish","format-standard","hentry","category-news-2013-fr"],"_links":{"self":[{"href":"https:\/\/armeemuseum.ch\/fr\/wp-json\/wp\/v2\/posts\/21463","targetHints":{"allow":["GET"]}}],"collection":[{"href":"https:\/\/armeemuseum.ch\/fr\/wp-json\/wp\/v2\/posts"}],"about":[{"href":"https:\/\/armeemuseum.ch\/fr\/wp-json\/wp\/v2\/types\/post"}],"author":[{"embeddable":true,"href":"https:\/\/armeemuseum.ch\/fr\/wp-json\/wp\/v2\/users\/2"}],"replies":[{"embeddable":true,"href":"https:\/\/armeemuseum.ch\/fr\/wp-json\/wp\/v2\/comments?post=21463"}],"version-history":[{"count":6,"href":"https:\/\/armeemuseum.ch\/fr\/wp-json\/wp\/v2\/posts\/21463\/revisions"}],"predecessor-version":[{"id":24783,"href":"https:\/\/armeemuseum.ch\/fr\/wp-json\/wp\/v2\/posts\/21463\/revisions\/24783"}],"wp:attachment":[{"href":"https:\/\/armeemuseum.ch\/fr\/wp-json\/wp\/v2\/media?parent=21463"}],"wp:term":[{"taxonomy":"category","embeddable":true,"href":"https:\/\/armeemuseum.ch\/fr\/wp-json\/wp\/v2\/categories?post=21463"},{"taxonomy":"post_tag","embeddable":true,"href":"https:\/\/armeemuseum.ch\/fr\/wp-json\/wp\/v2\/tags?post=21463"}],"curies":[{"name":"wp","href":"https:\/\/api.w.org\/{rel}","templated":true}]}}