{"id":21302,"date":"2017-12-06T12:30:34","date_gmt":"2017-12-06T11:30:34","guid":{"rendered":"https:\/\/www.armeemuseum.ch\/martin-dudle-nomme-directeur-de-la-fondation-ham\/"},"modified":"2018-02-19T23:27:43","modified_gmt":"2018-02-19T22:27:43","slug":"martin-dudle-nomme-directeur-de-la-fondation-ham","status":"publish","type":"post","link":"https:\/\/armeemuseum.ch\/fr\/martin-dudle-nomme-directeur-de-la-fondation-ham\/","title":{"rendered":"Martin Dudle nomm\u00e9 directeur de la Fondation HAM"},"content":{"rendered":"<p>[et_pb_section admin_label=\u00a0\u00bbsection\u00a0\u00bb][et_pb_row admin_label=\u00a0\u00bbrow\u00a0\u00bb][et_pb_column type=\u00a0\u00bb2_3&Prime;][et_pb_text admin_label=\u00a0\u00bbText\u00a0\u00bb background_layout=\u00a0\u00bblight\u00a0\u00bb text_orientation=\u00a0\u00bbleft\u00a0\u00bb use_border_color=\u00a0\u00bboff\u00a0\u00bb border_color=\u00a0\u00bb#ffffff\u00a0\u00bb border_style=\u00a0\u00bbsolid\u00a0\u00bb]<\/p>\n<h2 class=\"csc-firstHeader\">Martin Dudle nomm\u00e9 directeur de la Fondation HAM<\/h2>\n<p>[\/et_pb_text][\/et_pb_column][et_pb_column type=\u00a0\u00bb1_3&Prime;][et_pb_image admin_label=\u00a0\u00bbBild\u00a0\u00bb src=\u00a0\u00bbhttps:\/\/armeemuseum.ch\/wp-content\/uploads\/2016\/06\/Logo-VSAM-komprimiert-1.jpg\u00a0\u00bb show_in_lightbox=\u00a0\u00bboff\u00a0\u00bb url_new_window=\u00a0\u00bboff\u00a0\u00bb use_overlay=\u00a0\u00bboff\u00a0\u00bb animation=\u00a0\u00bbleft\u00a0\u00bb sticky=\u00a0\u00bboff\u00a0\u00bb align=\u00a0\u00bbleft\u00a0\u00bb force_fullwidth=\u00a0\u00bboff\u00a0\u00bb always_center_on_mobile=\u00a0\u00bbon\u00a0\u00bb use_border_color=\u00a0\u00bboff\u00a0\u00bb border_color=\u00a0\u00bb#ffffff\u00a0\u00bb border_style=\u00a0\u00bbsolid\u00a0\u00bb \/][\/et_pb_column][\/et_pb_row][et_pb_row admin_label=\u00a0\u00bbZeile\u00a0\u00bb][et_pb_column type=\u00a0\u00bb4_4&Prime;][et_pb_text admin_label=\u00a0\u00bbText\u00a0\u00bb background_layout=\u00a0\u00bblight\u00a0\u00bb text_orientation=\u00a0\u00bbleft\u00a0\u00bb use_border_color=\u00a0\u00bboff\u00a0\u00bb border_color=\u00a0\u00bb#ffffff\u00a0\u00bb border_style=\u00a0\u00bbsolid\u00a0\u00bb]<\/p>\n<p class=\"bodytext\">22 d\u00e9cembre 2009<br \/>\nLe 14 d\u00e9cembre 2009, le Conseil de fondation a nomm\u00e9 M. Martin Dudle nouveau directeur de la Fondation du mat\u00e9riel historique de l&rsquo;arm\u00e9e suisse ( fondation HAM ). Martin Dudle succ\u00e8de au directeur b\u00e9n\u00e9vole actuel Henri Habegger, qui prendra sa retraite \u00e0 la mi-2010. Apr\u00e8s avoir fait un remarquable travail pour rendre op\u00e9rationnelle la Fondation cr\u00e9\u00e9e le 23 juillet 2008, Henri Habegger restera \u00e0 disposition de cette derni\u00e8re.<\/p>\n<p class=\"bodytext\">Lucernois d&rsquo;origine, Martin Dudle est \u00e2g\u00e9 de 42 ans, mari\u00e9 et domicili\u00e9 \u00e0 Hergiswil ( NW ). Apr\u00e8s avoir fait un apprentissage de p\u00e2tissier-confiseur, il a dirig\u00e9 l&rsquo;exploitation familiale. Il a ensuite suivi une formation de conduite d&rsquo;entreprise achev\u00e9e avec un dipl\u00f4me SIU et fait le brevet de cafetier. Apr\u00e8s avoir obtenu un dipl\u00f4me de commerce et une maturit\u00e9 professionnelle, il a poursuivi sa formation \u00e0 la haute \u00e9cole d&rsquo;\u00e9conomie de Lucerne et est, ainsi, titulaire d&rsquo;un dipl\u00f4me en gestion administrative. Martin Dudle a travaill\u00e9 pendant trois ans comme enseignant sp\u00e9cialis\u00e9 en tactique ( simulateur de conduite ) \u00e0 la Formation sup\u00e9rieure des cadres de l\u2019arm\u00e9e ( FSC ), \u00e0 Lucerne, puis sept ans comme chef de service au commandement de la division de campagne \/ brigade d&rsquo;infanterie 5 \u00e0 Aarau. Pendant les trois derni\u00e8res ann\u00e9es, il a \u00e9t\u00e9 secr\u00e9taire communal de Buochs ( NW ). A l&rsquo;arm\u00e9e, il a le grade de colonel et sera chef du personnel \u00e0 l&rsquo;\u00e9tat-major de la r\u00e9gion territoriale 2 \u00e0 partir de 2010. Martin Dudle est membre de longue date de l&rsquo;Association du mus\u00e9e suisse de l&rsquo;arm\u00e9e et il avait \u00e9galement constitu\u00e9, par le pass\u00e9, une collection priv\u00e9e de v\u00e9hicules militaires historiques. Passionn\u00e9 d&rsquo;histoire, il entreprend r\u00e9guli\u00e8rement des voyages en rapport avec l&rsquo;histoire militaire.<\/p>\n<p class=\"bodytext\">Au milieu de l&rsquo;ann\u00e9e, le Conseil de fondation HAM avait mis au concours le poste de directeur \u00e0 plein temps pour l&rsquo;accomplissement des exigeants travaux de prise en charge des biens culturels militaires et la conduite de la nouvelle \u00e9quipe dynamique qui s&rsquo;en occupe. Ces derni\u00e8res semaines, le Conseil de fondation a examin\u00e9 les dossiers des 22 candidats, parmi lesquels figuraient des personnes tr\u00e8s comp\u00e9tentes. Martin Dudle prendra ses fonctions le 1er juillet 2010, mais il sera \u00e0 disposition d\u00e8s le 1er mai pour s&rsquo;introduire \u00e0 son nouveau mandat.<\/p>\n<p>[\/et_pb_text][et_pb_team_member admin_label=\u00a0\u00bbPerson\u00a0\u00bb name=\u00a0\u00bbMartin Dudle\u00a0\u00bb position=\u00a0\u00bbdirecteur de la Fondation HAM\u00a0\u00bb image_url=\u00a0\u00bbhttps:\/\/armeemuseum.ch\/wp-content\/uploads\/2016\/06\/Martin_Dudle.jpg\u00a0\u00bb animation=\u00a0\u00bboff\u00a0\u00bb background_layout=\u00a0\u00bblight\u00a0\u00bb use_border_color=\u00a0\u00bboff\u00a0\u00bb border_color=\u00a0\u00bb#ffffff\u00a0\u00bb border_style=\u00a0\u00bbsolid\u00a0\u00bb] [\/et_pb_team_member][\/et_pb_column][\/et_pb_row][\/et_pb_section]<\/p>\n","protected":false},"excerpt":{"rendered":"<p>Martin Dudle nomm\u00e9 directeur de la Fondation HAM 22 d\u00e9cembre 2009 Le 14 d\u00e9cembre 2009, le Conseil de fondation a nomm\u00e9 M. Martin Dudle nouveau directeur de la Fondation du mat\u00e9riel historique de l&rsquo;arm\u00e9e suisse ( fondation HAM ). Martin Dudle succ\u00e8de au directeur b\u00e9n\u00e9vole actuel Henri Habegger, qui prendra sa retraite \u00e0 la mi-2010. [&hellip;]<\/p>\n","protected":false},"author":2,"featured_media":0,"comment_status":"closed","ping_status":"closed","sticky":false,"template":"","format":"standard","meta":{"_et_pb_use_builder":"on","_et_pb_old_content":"","_et_gb_content_width":"","footnotes":""},"categories":[664,56],"tags":[],"class_list":["post-21302","post","type-post","status-publish","format-standard","hentry","category-news-2009-fr","category-non-classifiee"],"_links":{"self":[{"href":"https:\/\/armeemuseum.ch\/fr\/wp-json\/wp\/v2\/posts\/21302","targetHints":{"allow":["GET"]}}],"collection":[{"href":"https:\/\/armeemuseum.ch\/fr\/wp-json\/wp\/v2\/posts"}],"about":[{"href":"https:\/\/armeemuseum.ch\/fr\/wp-json\/wp\/v2\/types\/post"}],"author":[{"embeddable":true,"href":"https:\/\/armeemuseum.ch\/fr\/wp-json\/wp\/v2\/users\/2"}],"replies":[{"embeddable":true,"href":"https:\/\/armeemuseum.ch\/fr\/wp-json\/wp\/v2\/comments?post=21302"}],"version-history":[{"count":5,"href":"https:\/\/armeemuseum.ch\/fr\/wp-json\/wp\/v2\/posts\/21302\/revisions"}],"predecessor-version":[{"id":24698,"href":"https:\/\/armeemuseum.ch\/fr\/wp-json\/wp\/v2\/posts\/21302\/revisions\/24698"}],"wp:attachment":[{"href":"https:\/\/armeemuseum.ch\/fr\/wp-json\/wp\/v2\/media?parent=21302"}],"wp:term":[{"taxonomy":"category","embeddable":true,"href":"https:\/\/armeemuseum.ch\/fr\/wp-json\/wp\/v2\/categories?post=21302"},{"taxonomy":"post_tag","embeddable":true,"href":"https:\/\/armeemuseum.ch\/fr\/wp-json\/wp\/v2\/tags?post=21302"}],"curies":[{"name":"wp","href":"https:\/\/api.w.org\/{rel}","templated":true}]}}