{"id":21296,"date":"2017-05-06T11:26:00","date_gmt":"2017-05-06T10:26:00","guid":{"rendered":"https:\/\/www.armeemuseum.ch\/le-couteau-suisse\/"},"modified":"2018-02-19T23:30:03","modified_gmt":"2018-02-19T22:30:03","slug":"le-couteau-suisse","status":"publish","type":"post","link":"https:\/\/armeemuseum.ch\/fr\/le-couteau-suisse\/","title":{"rendered":"lo couteau suisse"},"content":{"rendered":"<p>[et_pb_section admin_label=\u00a0\u00bbsection\u00a0\u00bb][et_pb_row admin_label=\u00a0\u00bbrow\u00a0\u00bb][et_pb_column type=\u00a0\u00bb2_3&Prime;][et_pb_text admin_label=\u00a0\u00bbText\u00a0\u00bb background_layout=\u00a0\u00bblight\u00a0\u00bb text_orientation=\u00a0\u00bbleft\u00a0\u00bb use_border_color=\u00a0\u00bboff\u00a0\u00bb border_color=\u00a0\u00bb#ffffff\u00a0\u00bb border_style=\u00a0\u00bbsolid\u00a0\u00bb]<\/p>\n<h2>LE COUTEAU SUISSE &#8211; De l\u2019outil \u00e0 l\u2019objet culte<\/h2>\n<h4>Exposition temporaire au Mus\u00e9e nationale suisse \u2013 Forum de l\u2019histoire suisse, Schwytz, 16 MAI \u2013 18 OCTOBRE 2009&nbsp;<\/h4>\n<p>[\/et_pb_text][\/et_pb_column][et_pb_column type=\u00a0\u00bb1_3&Prime;][et_pb_image admin_label=\u00a0\u00bbBild\u00a0\u00bb src=\u00a0\u00bbhttps:\/\/armeemuseum.ch\/wp-content\/uploads\/2016\/06\/Logo-VSAM-komprimiert-1.jpg\u00a0\u00bb show_in_lightbox=\u00a0\u00bboff\u00a0\u00bb url_new_window=\u00a0\u00bboff\u00a0\u00bb use_overlay=\u00a0\u00bboff\u00a0\u00bb animation=\u00a0\u00bbleft\u00a0\u00bb sticky=\u00a0\u00bboff\u00a0\u00bb align=\u00a0\u00bbleft\u00a0\u00bb force_fullwidth=\u00a0\u00bboff\u00a0\u00bb always_center_on_mobile=\u00a0\u00bbon\u00a0\u00bb use_border_color=\u00a0\u00bboff\u00a0\u00bb border_color=\u00a0\u00bb#ffffff\u00a0\u00bb border_style=\u00a0\u00bbsolid\u00a0\u00bb \/][\/et_pb_column][\/et_pb_row][et_pb_row admin_label=\u00a0\u00bbZeile\u00a0\u00bb][et_pb_column type=\u00a0\u00bb4_4&Prime;][et_pb_text admin_label=\u00a0\u00bbText\u00a0\u00bb background_layout=\u00a0\u00bblight\u00a0\u00bb text_orientation=\u00a0\u00bbleft\u00a0\u00bb use_border_color=\u00a0\u00bboff\u00a0\u00bb border_color=\u00a0\u00bb#ffffff\u00a0\u00bb border_style=\u00a0\u00bbsolid\u00a0\u00bb]<\/p>\n<p class=\"bodytext\">\u00c0 l\u2019occasion du 125e anniversaire de VICTORINOX, entreprise poss\u00e9dant une longue tradition dans la fabrication de couteaux, le Forum de l\u2019histoire suisse de Schwytz pr\u00e9sente du 16 mai au 18 octobre 2009 l\u2019exposition temporaire \u00ab LE COUTEAU SUISSE &#8211; De l\u2019outil \u00e0 l\u2019objet culte \u00bb. Connu dans le monde entier sous le nom de \u00ab Swiss Army Knife \u00bb, l\u2019outil irrempla\u00e7able qu\u2019\u00e9tait le couteau de poche marqu\u00e9 de la croix suisse est devenu un objet culte dans une soci\u00e9t\u00e9 des loisirs caract\u00e9ris\u00e9e par la mobilit\u00e9. L\u2019exposition pr\u00e9sente la foisonnante diversit\u00e9 de couteaux \u00e0 lame repliable et \u00e9voque la fondation et le d\u00e9veloppement de la fabrique de couteaux Karl Elsener \u00e0 Ibach pr\u00e8s de Schwytz.<\/p>\n<p class=\"bodytext\">Con\u00e7ue comme un parcours th\u00e9matique, l\u2019exposition s\u2019attache \u00e0 d\u00e9crire les origines historiques et culturelles du couteau de poche. \u00c0 c\u00f4t\u00e9 des premiers couteaux datant du N\u00e9olithique et de l\u2019\u00e2ge du Bronze, les visiteurs d\u00e9couvriront les nombreux pr\u00e9d\u00e9cesseurs du couteau de poche actuel : couteaux pliants d\u2019\u00e9poque romaine et du gothique tardif, ba\u00efonnettes, poignards suisses, couteaux campagnards, couteaux de sorcier, canifs, couteaux-briquets, \u00abnavajas\u00bb espagnoles, serpettes d\u2019apparat ou couteaux de cavalier. Se plonger dans l\u2019histoire du couteau pliant permet d\u2019explorer tout un pan de notre histoire culturelle. L\u2019exposition apprendra aux visiteurs ce qu\u2019est un couteau de sorcier, \u00e0 quoi sert un couvert de voyage, qui utilisait autrefois un canif ou poss\u00e9dait un \u00abColtello d\u2019Amore\u00bb.<\/p>\n<p class=\"bodytext\">Un autre th\u00e8me central du parcours est la fondation de la fabrique de couteaux Karl Elsener (aujourd\u2019hui Victorinox) \u00e0 Ibach pr\u00e8s de Schwytz. L&rsquo;exposition rappelle les raisons du succ\u00e8s de l&rsquo;entreprise Victorinox et se penche sur les aspects innovants de la fabrication de couteaux. Enfin, elle illustre la mani\u00e8re dont les entreprises \u00e9trang\u00e8res profitent dans leur publicit\u00e9 de l\u2019image du couteau de poche suisse et s\u2019interroge sur le r\u00f4le que celui-ci joue dans l\u2019art et le design.<\/p>\n<p class=\"bodytext\">ASPECTS MILITAIRES<br \/>De tout temps, le couteau de qualit\u00e9, ou le poignard, s\u2019est impos\u00e9 en fid\u00e8le compagnon du soldat qui l\u2019utilise comme arme, outil ou couvert. On peut consid\u00e9rer le poignard suisse du XVIe si\u00e8cle, au fourreau richement ouvrag\u00e9, et avec ses couverts int\u00e9gr\u00e9s (petit couteau et poin\u00e7on), comme l\u2019anc\u00eatre du couteau du soldat moderne.<\/p>\n<p class=\"bodytext\">En 1889, l\u2019arm\u00e9e se dote d\u2019un nouveau fusil dont l\u2019entretien n\u00e9cessite la mise en oeuvre d\u2019un tour-nevis. Parall\u00e8lement, on appr\u00e9cie de plus en plus les denr\u00e9es alimentaires en bo\u00eete de conserves et la n\u00e9cessit\u00e9 d\u2019un outil polyvalent s\u2019impose donc. On consid\u00e8re que le couteau du soldat moderne na\u00eet en 1890. Couteaux, tournevis, ouvre-bo\u00eete et al\u00e8ne sont repli\u00e9s entre deux coques en bois de ch\u00eane. Le mod\u00e8le original conna\u00eetra de nombreuses modifications au fil des ann\u00e9es: la r\u00e9duction des dimensions, le remplacement des coques en bois par des fibres ou du m\u00e9tal, et l\u2019utilisation de l\u2019acier inoxydable. Le grand succ\u00e8s et la qualit\u00e9 ind\u00e9niable du couteau du soldat incitent d\u2019autres pays \u00e0 confier Victorinox la fabrication des couteaux destin\u00e9s \u00e0 leurs militaires. Cette ann\u00e9e, les recrues re\u00e7oivent un nouveau mod\u00e8le.<\/p>\n<p>[\/et_pb_text][\/et_pb_column][\/et_pb_row][et_pb_row admin_label=\u00a0\u00bbZeile\u00a0\u00bb][et_pb_column type=\u00a0\u00bb1_2&Prime;][et_pb_team_member admin_label=\u00a0\u00bbPerson\u00a0\u00bb name=\u00a0\u00bbCouteau du soldat suisse 1891&Prime; image_url=\u00a0\u00bbhttps:\/\/armeemuseum.ch\/wp-content\/uploads\/2016\/06\/Soldatenmesser_1891.jpg\u00a0\u00bb animation=\u00a0\u00bboff\u00a0\u00bb background_layout=\u00a0\u00bblight\u00a0\u00bb use_border_color=\u00a0\u00bboff\u00a0\u00bb border_color=\u00a0\u00bb#ffffff\u00a0\u00bb border_style=\u00a0\u00bbsolid\u00a0\u00bb] [\/et_pb_team_member][et_pb_team_member admin_label=\u00a0\u00bbPerson\u00a0\u00bb name=\u00a0\u00bbPoignard suisse\u00a0\u00bb image_url=\u00a0\u00bbhttps:\/\/armeemuseum.ch\/wp-content\/uploads\/2016\/06\/Schweizerdolch.jpg\u00a0\u00bb animation=\u00a0\u00bboff\u00a0\u00bb background_layout=\u00a0\u00bblight\u00a0\u00bb use_border_color=\u00a0\u00bboff\u00a0\u00bb border_color=\u00a0\u00bb#ffffff\u00a0\u00bb border_style=\u00a0\u00bbsolid\u00a0\u00bb] [\/et_pb_team_member][\/et_pb_column][et_pb_column type=\u00a0\u00bb1_2&Prime;][et_pb_team_member admin_label=\u00a0\u00bbPerson\u00a0\u00bb name=\u00a0\u00bbSwissChamp 2009&Prime; image_url=\u00a0\u00bbhttps:\/\/armeemuseum.ch\/wp-content\/uploads\/2016\/06\/SwissChamp.jpg\u00a0\u00bb animation=\u00a0\u00bboff\u00a0\u00bb background_layout=\u00a0\u00bblight\u00a0\u00bb use_border_color=\u00a0\u00bboff\u00a0\u00bb border_color=\u00a0\u00bb#ffffff\u00a0\u00bb border_style=\u00a0\u00bbsolid\u00a0\u00bb] [\/et_pb_team_member][et_pb_team_member admin_label=\u00a0\u00bbPerson\u00a0\u00bb name=\u00a0\u00bbCouteau-revolver\u00a0\u00bb image_url=\u00a0\u00bbhttps:\/\/armeemuseum.ch\/wp-content\/uploads\/2016\/06\/Revolvermesser.jpg\u00a0\u00bb animation=\u00a0\u00bboff\u00a0\u00bb background_layout=\u00a0\u00bblight\u00a0\u00bb use_border_color=\u00a0\u00bboff\u00a0\u00bb border_color=\u00a0\u00bb#ffffff\u00a0\u00bb border_style=\u00a0\u00bbsolid\u00a0\u00bb] [\/et_pb_team_member][\/et_pb_column][\/et_pb_row][\/et_pb_section]<\/p>\n","protected":false},"excerpt":{"rendered":"<p>LE COUTEAU SUISSE &#8211; De l\u2019outil \u00e0 l\u2019objet culteExposition temporaire au Mus\u00e9e nationale suisse \u2013 Forum de l\u2019histoire suisse, Schwytz, 16 MAI \u2013 18 OCTOBRE 2009&nbsp; \u00c0 l\u2019occasion du 125e anniversaire de VICTORINOX, entreprise poss\u00e9dant une longue tradition dans la fabrication de couteaux, le Forum de l\u2019histoire suisse de Schwytz pr\u00e9sente du 16 mai au [&hellip;]<\/p>\n","protected":false},"author":2,"featured_media":0,"comment_status":"closed","ping_status":"closed","sticky":false,"template":"","format":"standard","meta":{"_et_pb_use_builder":"on","_et_pb_old_content":"","_et_gb_content_width":"","footnotes":""},"categories":[664],"tags":[],"class_list":["post-21296","post","type-post","status-publish","format-standard","hentry","category-news-2009-fr"],"_links":{"self":[{"href":"https:\/\/armeemuseum.ch\/fr\/wp-json\/wp\/v2\/posts\/21296","targetHints":{"allow":["GET"]}}],"collection":[{"href":"https:\/\/armeemuseum.ch\/fr\/wp-json\/wp\/v2\/posts"}],"about":[{"href":"https:\/\/armeemuseum.ch\/fr\/wp-json\/wp\/v2\/types\/post"}],"author":[{"embeddable":true,"href":"https:\/\/armeemuseum.ch\/fr\/wp-json\/wp\/v2\/users\/2"}],"replies":[{"embeddable":true,"href":"https:\/\/armeemuseum.ch\/fr\/wp-json\/wp\/v2\/comments?post=21296"}],"version-history":[{"count":9,"href":"https:\/\/armeemuseum.ch\/fr\/wp-json\/wp\/v2\/posts\/21296\/revisions"}],"predecessor-version":[{"id":24859,"href":"https:\/\/armeemuseum.ch\/fr\/wp-json\/wp\/v2\/posts\/21296\/revisions\/24859"}],"wp:attachment":[{"href":"https:\/\/armeemuseum.ch\/fr\/wp-json\/wp\/v2\/media?parent=21296"}],"wp:term":[{"taxonomy":"category","embeddable":true,"href":"https:\/\/armeemuseum.ch\/fr\/wp-json\/wp\/v2\/categories?post=21296"},{"taxonomy":"post_tag","embeddable":true,"href":"https:\/\/armeemuseum.ch\/fr\/wp-json\/wp\/v2\/tags?post=21296"}],"curies":[{"name":"wp","href":"https:\/\/api.w.org\/{rel}","templated":true}]}}