{"id":48390,"date":"2024-08-25T07:00:00","date_gmt":"2024-08-25T06:00:00","guid":{"rendered":"https:\/\/www.armeemuseum.ch\/?p=48390"},"modified":"2024-08-23T13:35:06","modified_gmt":"2024-08-23T12:35:06","slug":"48390","status":"publish","type":"post","link":"https:\/\/armeemuseum.ch\/en\/48390\/","title":{"rendered":"Historischer Fahrzeugkorso in Schaffhausen"},"content":{"rendered":"<p>[et_pb_section fb_built=&#8221;1&#8243; _builder_version=&#8221;4.24.3&#8243; _module_preset=&#8221;default&#8221; global_colors_info=&#8221;{}&#8221;][et_pb_row column_structure=&#8221;3_5,2_5&#8243; _builder_version=&#8221;4.24.3&#8243; _module_preset=&#8221;default&#8221; global_colors_info=&#8221;{}&#8221;][et_pb_column type=&#8221;3_5&#8243; _builder_version=&#8221;4.24.3&#8243; _module_preset=&#8221;default&#8221; global_colors_info=&#8221;{}&#8221;][et_pb_text _builder_version=&#8221;4.24.3&#8243; _module_preset=&#8221;default&#8221; global_colors_info=&#8221;{}&#8221;]<\/p>\n<h2>Historischer Fahrzeugkorso Neuhausen &#8211; Schaffhausen &#8211; Diessenhofen<\/h2>\n<h4>7. September 2024, Museum im Zeughaus Schaffhausen<\/h4>\n<p>[\/et_pb_text][\/et_pb_column][et_pb_column type=&#8221;2_5&#8243; _builder_version=&#8221;4.24.3&#8243; _module_preset=&#8221;default&#8221; global_colors_info=&#8221;{}&#8221;][et_pb_image src=&#8221;https:\/\/armeemuseum.ch\/wp-content\/uploads\/2024\/02\/Logo-VSAM-komprimiert.jpg&#8221; title_text=&#8221;Einfaches CMYK&#8221; _builder_version=&#8221;4.24.3&#8243; _module_preset=&#8221;default&#8221; global_colors_info=&#8221;{}&#8221;][\/et_pb_image][\/et_pb_column][\/et_pb_row][\/et_pb_section][et_pb_section fb_built=&#8221;1&#8243; _builder_version=&#8221;4.24.3&#8243; _module_preset=&#8221;default&#8221; global_colors_info=&#8221;{}&#8221;][et_pb_row _builder_version=&#8221;4.24.3&#8243; _module_preset=&#8221;default&#8221; global_colors_info=&#8221;{}&#8221;][et_pb_column type=&#8221;4_4&#8243; _builder_version=&#8221;4.24.3&#8243; _module_preset=&#8221;default&#8221; global_colors_info=&#8221;{}&#8221;][et_pb_text _builder_version=&#8221;4.24.3&#8243; _module_preset=&#8221;default&#8221; hover_enabled=&#8221;0&#8243; global_colors_info=&#8221;{}&#8221; sticky_enabled=&#8221;0&#8243;]<\/p>\n<p>Am 2. September sind es 125 Jahre her seit erstmals ein Motorfahrzeug bei der Schweizer Armee im Einsatz stand. Das Museum im Zeughaus w\u00fcrdigt dieses Jubil\u00e4um mit einem Anlass am 7. September im Zeughausareal und einem historischen Fahrzeugkorso, der vom SIG-Areal in Neuhausen \u00fcber das Museum im Zeughaus auf der Breite zum k\u00fcnftigen Standort in Diessenhofen f\u00fchrt.<\/p>\n<p>Der Anlass im Museum im Zeughaus beginnt um 10 Uhr. Nach einem musikalischen Auftakt durch die \u00abMunot Dixie Stompers\u00bb wird Markus Hofmann, der Autor des neu erschienenen Buches \u00ab125 Jahre Motorfahrzeuge der Schweizer Armee\u00bb, das Thema in einem Kurzreferat aufnehmen. Die rund f\u00fcnfzig historischen Fahrzeuge des Fahrzeugkorsos werden mit der anschliessenden kommentierten Vorbeifahrt im Zeughausareal seine Ausf\u00fchrungen sehr anschaulich illustrieren.<\/p>\n<p>Der Fahrzeugkorso startet um 10:30 Uhr im SIG-Areal Neuhausen und f\u00e4hrt paketweise \u00fcber den Bahnhof Neuhausen \u2013 Poststrasse \u2013 Klettgauerstrasse \u2013 Rosenbergstrasse \u2013 Sonnenburggutstrasse \u2013 Rietstrasse \u2013 Hohlenbaumstrasse \u2013 Breitenaustrasse ins Zeughausareal zur erw\u00e4hnten Vorbeifahrt.<\/p>\n<p>Unmittelbar nach der Pr\u00e4sentation im Zeughausareal fahren die Fahrzeuge jeweils paketweise \u00fcber die Randenstrasse \u2013 Steigstrasse \u2013 Grabenstrasse \u2013 Rheinuferstrasse \u2013 Feuerthalen \u2013 Station Schlatt nach Diessenhofen. Dieser zweite Teil des Korsos endet im Ratihard in der N\u00e4he der Haltestelle \u00abKatharinental\u00bb, dem k\u00fcnftigen Standort der Ausstellung \u00abMotorisierung und Mechanisierung der Schweizer Armee\u00bb, der allerdings erst im neuen Jahr er\u00f6ffnet wird.<\/p>\n<p>Die im Korso und in der Vorbeifahrt pr\u00e4sentierten rund 50 historischen Milit\u00e4rmotorfahrzeuge des Museums sind im Durchschnitt mehr als 60 Jahre alt und haben alle eine Verkehrszulassung als Veteranenfahrzeuge. Die Fahrzeuge repr\u00e4sentieren sehr anschaulich die Motorisierung der Schweizer Armee und die technologische Entwicklung schweizerischer Nutzfahrzeuge im 20. Jahrhundert.<\/p>\n<p>Alle Ausstellungen und die Museumsbeiz im Zeughausareal sind von 10 bis 16 Uhr durchgehend ge\u00f6ffnet.<\/p>\n<p style=\"text-align: right;\">Museum im Zeughaus, Randenstrasse 34, 8200 Schaffhausen<br \/>Telefon +41 (0)52 632 78 99<br \/>E-Mail info@museumimzeughaus.ch<\/p>\n<p>[\/et_pb_text][\/et_pb_column][\/et_pb_row][\/et_pb_section]<\/p>\n","protected":false},"excerpt":{"rendered":"<p>Historischer Fahrzeugkorso Neuhausen &#8211; Schaffhausen &#8211; Diessenhofen 7. September 2024, Museum im Zeughaus SchaffhausenAm 2. September sind es 125 Jahre her seit erstmals ein Motorfahrzeug bei der Schweizer Armee im Einsatz stand. Das Museum im Zeughaus w\u00fcrdigt dieses Jubil\u00e4um mit einem Anlass am 7. September im Zeughausareal und einem historischen Fahrzeugkorso, der vom SIG-Areal in [&hellip;]<\/p>\n","protected":false},"author":2,"featured_media":0,"comment_status":"closed","ping_status":"open","sticky":false,"template":"","format":"standard","meta":{"_et_pb_use_builder":"on","_et_pb_old_content":"","_et_gb_content_width":"","footnotes":""},"categories":[739],"tags":[],"class_list":["post-48390","post","type-post","status-publish","format-standard","hentry","category-news-2024"],"_links":{"self":[{"href":"https:\/\/armeemuseum.ch\/en\/wp-json\/wp\/v2\/posts\/48390","targetHints":{"allow":["GET"]}}],"collection":[{"href":"https:\/\/armeemuseum.ch\/en\/wp-json\/wp\/v2\/posts"}],"about":[{"href":"https:\/\/armeemuseum.ch\/en\/wp-json\/wp\/v2\/types\/post"}],"author":[{"embeddable":true,"href":"https:\/\/armeemuseum.ch\/en\/wp-json\/wp\/v2\/users\/2"}],"replies":[{"embeddable":true,"href":"https:\/\/armeemuseum.ch\/en\/wp-json\/wp\/v2\/comments?post=48390"}],"version-history":[{"count":12,"href":"https:\/\/armeemuseum.ch\/en\/wp-json\/wp\/v2\/posts\/48390\/revisions"}],"predecessor-version":[{"id":48406,"href":"https:\/\/armeemuseum.ch\/en\/wp-json\/wp\/v2\/posts\/48390\/revisions\/48406"}],"wp:attachment":[{"href":"https:\/\/armeemuseum.ch\/en\/wp-json\/wp\/v2\/media?parent=48390"}],"wp:term":[{"taxonomy":"category","embeddable":true,"href":"https:\/\/armeemuseum.ch\/en\/wp-json\/wp\/v2\/categories?post=48390"},{"taxonomy":"post_tag","embeddable":true,"href":"https:\/\/armeemuseum.ch\/en\/wp-json\/wp\/v2\/tags?post=48390"}],"curies":[{"name":"wp","href":"https:\/\/api.w.org\/{rel}","templated":true}]}}