{"id":47388,"date":"2024-03-07T14:53:41","date_gmt":"2024-03-07T13:53:41","guid":{"rendered":"https:\/\/www.armeemuseum.ch\/?p=47388"},"modified":"2024-03-21T18:14:56","modified_gmt":"2024-03-21T17:14:56","slug":"das-freiwillige-armeekorps-vorschau","status":"publish","type":"post","link":"https:\/\/armeemuseum.ch\/en\/das-freiwillige-armeekorps-vorschau\/","title":{"rendered":"Das Freiwillige Automobilkorps &#8211; Vorschau"},"content":{"rendered":"<p>[et_pb_section fb_built=&#8221;1&#8243; _builder_version=&#8221;4.24.2&#8243; _module_preset=&#8221;default&#8221; global_colors_info=&#8221;{}&#8221;][et_pb_row column_structure=&#8221;3_5,2_5&#8243; _builder_version=&#8221;4.24.2&#8243; _module_preset=&#8221;default&#8221; min_height=&#8221;144.8px&#8221; custom_margin=&#8221;|auto|-92px|auto||&#8221; global_colors_info=&#8221;{}&#8221;][et_pb_column type=&#8221;3_5&#8243; _builder_version=&#8221;4.24.2&#8243; _module_preset=&#8221;default&#8221; global_colors_info=&#8221;{}&#8221;][et_pb_text _builder_version=&#8221;4.24.2&#8243; _module_preset=&#8221;default&#8221; global_colors_info=&#8221;{}&#8221;]<\/p>\n<h2><strong>Das Freiwillige Automobilkorps (FAK)<br \/><\/strong><\/h2>\n<h4>Vorschau auf den Vortrag vom 20. M\u00e4rz 2024<\/h4>\n<p>[\/et_pb_text][\/et_pb_column][et_pb_column type=&#8221;2_5&#8243; _builder_version=&#8221;4.24.2&#8243; _module_preset=&#8221;default&#8221; global_colors_info=&#8221;{}&#8221;][et_pb_image src=&#8221;https:\/\/armeemuseum.ch\/wp-content\/uploads\/2024\/02\/Logo-VSAM-komprimiert.jpg&#8221; title_text=&#8221;Einfaches CMYK&#8221; _builder_version=&#8221;4.24.2&#8243; _module_preset=&#8221;default&#8221; global_colors_info=&#8221;{}&#8221;][\/et_pb_image][\/et_pb_column][\/et_pb_row][\/et_pb_section][et_pb_section fb_built=&#8221;1&#8243; _builder_version=&#8221;4.24.2&#8243; _module_preset=&#8221;default&#8221; global_colors_info=&#8221;{}&#8221;][et_pb_row _builder_version=&#8221;4.24.2&#8243; _module_preset=&#8221;default&#8221; min_height=&#8221;548.2px&#8221; custom_margin=&#8221;|auto|-108px|auto||&#8221; global_colors_info=&#8221;{}&#8221;][et_pb_column type=&#8221;4_4&#8243; _builder_version=&#8221;4.24.2&#8243; _module_preset=&#8221;default&#8221; global_colors_info=&#8221;{}&#8221;][et_pb_text _builder_version=&#8221;4.24.2&#8243; _module_preset=&#8221;default&#8221; global_colors_info=&#8221;{}&#8221;]<\/p>\n<p><strong>Als die Armee aufs Automobil kam<\/strong><\/p>\n<p><strong>2024 sind es 125 Jahre, dass die ersten Motorfahrzeuge in der Schweizer Armee eingesetzt wurden. Am 20. M\u00e4rz beleuchtet J\u00fcrg Burlet in seinem Vortrag beim Vereins Schweizer Armeemuseum in Thun einen speziellen Aspekt dieser Geschichte \u2013 das Freiwillige Automobilkorps.<\/strong><\/p>\n<p>Bis zum Ersten Weltkrieg war die schweizerische Armee zu 100 Prozent auf Pferdezug angewiesen. Wohl wurden schon einige Jahre zuvor vereinzelt Automobile eingesetzt, vorwiegend zum Personentransport und auch Versuche mit Motor-Schleppern wurden durchgef\u00fchrt. Einen Motorwagendienst oder ein Kraftfahrerkorps, wie es damals in Deutschland oder \u00d6sterreich vorhanden war, gab es um 1900 herum aber noch nicht.<\/p>\n<p>Das Mobilit\u00e4tsbed\u00fcrfnis der Menschen war aber gegen Ende des 19. Jahrhunderts sehr gross, wie der Referent J\u00fcrg Burlet, pensionierter Kurator des Nationalmuseums, aufzeigen wird. Die Eisenbahn war seit einem Vierteljahrhundert das Verkehrsmittel f\u00fcr weite Distanzen und l\u00f6ste die Postkutschen ab, Luftschiffe und Ballons tauchten am Himmel auf und auf den Strassen tummelten sich Fahrr\u00e4der und Motorr\u00e4der und Automobile knatterten um die Wette.<\/p>\n<p>Die Armee setzte auf Bew\u00e4hrtes und hatte weder Zeit, Personal noch Geld f\u00fcr Experimente mit neuartigen Verkehrsmitteln. Immerhin wurden technische Errungenschaften in bescheidenem Rahmen evaluiert, so wurden seit 1890 Fesselballons zur Beobachtung eingesetzt und Radfahrer zum \u00dcberbringen von Depeschen, dort wo gute Strassen vorhanden waren, damit in k\u00fcrzester Zeit die Adressaten erreicht werden konnten, dann oft noch schneller als mit dem Pferd. Der Zuverl\u00e4ssigkeit von \u00abKraftwagen\u00bb hingegen traute man noch nicht \u00fcber den Weg. Kommt hinzu, dass man noch nicht sicher war, welche Traktionsart sich durchsetzen w\u00fcrde: Dampf, Gas, Elektrizit\u00e4t oder der Verbrennungsmotor? Und wer sollte solche Fahrzeuge f\u00fchren? Das war die Geburtsstunde des \u00abFreiwilligen Automobilkorps\u00bb (FAK), bestehend aus Mitgliedern des Automobilclubs der Schweiz (ACS). Aus diesen zaghaften Anf\u00e4ngen entstand w\u00e4hrend des Krieges 1914\/18 der Motorwagendienst der Armee.<\/p>\n<p><u>Treffpunkt:<\/u> Mittwoch, 20. M\u00e4rz 2024, 18.45 Uhr, auf dem Parkplatz der ehemaligen Soldatenstube <br \/>3 Tannen an der Allmendstrasse in Thun (Einweisung). Anreise mit dem \u00f6ffentlichen Verkehr ab Bahnhof Thun mit Buslinie 4 bis Haltestelle Kleine Allmend. Beginn 19 Uhr.<\/p>\n<p>[\/et_pb_text][\/et_pb_column][\/et_pb_row][\/et_pb_section][et_pb_section fb_built=&#8221;1&#8243; _builder_version=&#8221;4.24.2&#8243; _module_preset=&#8221;default&#8221; global_colors_info=&#8221;{}&#8221;][et_pb_row column_structure=&#8221;1_2,1_2&#8243; _builder_version=&#8221;4.24.2&#8243; _module_preset=&#8221;default&#8221; min_height=&#8221;373.1px&#8221; custom_margin=&#8221;|auto|-63px|auto||&#8221; global_colors_info=&#8221;{}&#8221;][et_pb_column type=&#8221;1_2&#8243; _builder_version=&#8221;4.24.2&#8243; _module_preset=&#8221;default&#8221; global_colors_info=&#8221;{}&#8221;][et_pb_image src=&#8221;https:\/\/armeemuseum.ch\/wp-content\/uploads\/2024\/03\/Bild1.jpeg&#8221; title_text=&#8221;Bild1&#8243; _builder_version=&#8221;4.24.2&#8243; _module_preset=&#8221;default&#8221; global_colors_info=&#8221;{}&#8221;][\/et_pb_image][\/et_pb_column][et_pb_column type=&#8221;1_2&#8243; _builder_version=&#8221;4.24.2&#8243; _module_preset=&#8221;default&#8221; global_colors_info=&#8221;{}&#8221;][et_pb_image src=&#8221;https:\/\/armeemuseum.ch\/wp-content\/uploads\/2024\/03\/Bild2.png&#8221; title_text=&#8221;Bild2&#8243; _builder_version=&#8221;4.24.2&#8243; _module_preset=&#8221;default&#8221; global_colors_info=&#8221;{}&#8221;][\/et_pb_image][\/et_pb_column][\/et_pb_row][et_pb_row column_structure=&#8221;1_2,1_2&#8243; _builder_version=&#8221;4.24.2&#8243; _module_preset=&#8221;default&#8221; custom_margin=&#8221;|auto|-64px|auto||&#8221; global_colors_info=&#8221;{}&#8221;][et_pb_column type=&#8221;1_2&#8243; _builder_version=&#8221;4.24.2&#8243; _module_preset=&#8221;default&#8221; global_colors_info=&#8221;{}&#8221;][et_pb_image src=&#8221;https:\/\/armeemuseum.ch\/wp-content\/uploads\/2024\/03\/Bild3.jpeg&#8221; title_text=&#8221;Bild3&#8243; _builder_version=&#8221;4.24.2&#8243; _module_preset=&#8221;default&#8221; global_colors_info=&#8221;{}&#8221;][\/et_pb_image][\/et_pb_column][et_pb_column type=&#8221;1_2&#8243; _builder_version=&#8221;4.24.2&#8243; _module_preset=&#8221;default&#8221; global_colors_info=&#8221;{}&#8221;][et_pb_image src=&#8221;https:\/\/armeemuseum.ch\/wp-content\/uploads\/2024\/03\/Bild4.jpeg&#8221; title_text=&#8221;Bild4&#8243; _builder_version=&#8221;4.24.2&#8243; _module_preset=&#8221;default&#8221; global_colors_info=&#8221;{}&#8221;][\/et_pb_image][\/et_pb_column][\/et_pb_row][et_pb_row _builder_version=&#8221;4.24.2&#8243; _module_preset=&#8221;default&#8221; global_colors_info=&#8221;{}&#8221;][et_pb_column type=&#8221;4_4&#8243; _builder_version=&#8221;4.24.2&#8243; _module_preset=&#8221;default&#8221; global_colors_info=&#8221;{}&#8221;][et_pb_text _builder_version=&#8221;4.24.2&#8243; _module_preset=&#8221;default&#8221; global_colors_info=&#8221;{}&#8221;]<\/p>\n<p>Mitglieder des Freiwilligen Automobilkorps im Einsatz. \u00a9 ZVG\/VSAM<\/p>\n<p>[\/et_pb_text][\/et_pb_column][\/et_pb_row][\/et_pb_section]<\/p>\n","protected":false},"excerpt":{"rendered":"<p>Das Freiwillige Automobilkorps (FAK) Vorschau auf den Vortrag vom 20. M\u00e4rz 2024Als die Armee aufs Automobil kam 2024 sind es 125 Jahre, dass die ersten Motorfahrzeuge in der Schweizer Armee eingesetzt wurden. Am 20. M\u00e4rz beleuchtet J\u00fcrg Burlet in seinem Vortrag beim Vereins Schweizer Armeemuseum in Thun einen speziellen Aspekt dieser Geschichte \u2013 das Freiwillige [&hellip;]<\/p>\n","protected":false},"author":2,"featured_media":0,"comment_status":"closed","ping_status":"open","sticky":false,"template":"","format":"standard","meta":{"_et_pb_use_builder":"on","_et_pb_old_content":"","_et_gb_content_width":"","footnotes":""},"categories":[739,1],"tags":[],"class_list":["post-47388","post","type-post","status-publish","format-standard","hentry","category-news-2024","category-unkategorisiert"],"_links":{"self":[{"href":"https:\/\/armeemuseum.ch\/en\/wp-json\/wp\/v2\/posts\/47388","targetHints":{"allow":["GET"]}}],"collection":[{"href":"https:\/\/armeemuseum.ch\/en\/wp-json\/wp\/v2\/posts"}],"about":[{"href":"https:\/\/armeemuseum.ch\/en\/wp-json\/wp\/v2\/types\/post"}],"author":[{"embeddable":true,"href":"https:\/\/armeemuseum.ch\/en\/wp-json\/wp\/v2\/users\/2"}],"replies":[{"embeddable":true,"href":"https:\/\/armeemuseum.ch\/en\/wp-json\/wp\/v2\/comments?post=47388"}],"version-history":[{"count":13,"href":"https:\/\/armeemuseum.ch\/en\/wp-json\/wp\/v2\/posts\/47388\/revisions"}],"predecessor-version":[{"id":47559,"href":"https:\/\/armeemuseum.ch\/en\/wp-json\/wp\/v2\/posts\/47388\/revisions\/47559"}],"wp:attachment":[{"href":"https:\/\/armeemuseum.ch\/en\/wp-json\/wp\/v2\/media?parent=47388"}],"wp:term":[{"taxonomy":"category","embeddable":true,"href":"https:\/\/armeemuseum.ch\/en\/wp-json\/wp\/v2\/categories?post=47388"},{"taxonomy":"post_tag","embeddable":true,"href":"https:\/\/armeemuseum.ch\/en\/wp-json\/wp\/v2\/tags?post=47388"}],"curies":[{"name":"wp","href":"https:\/\/api.w.org\/{rel}","templated":true}]}}