{"id":47157,"date":"2024-02-01T16:30:40","date_gmt":"2024-02-01T15:30:40","guid":{"rendered":"https:\/\/www.armeemuseum.ch\/?p=47157"},"modified":"2024-02-01T16:30:40","modified_gmt":"2024-02-01T15:30:40","slug":"das-labor-spiez-rueckblick","status":"publish","type":"post","link":"https:\/\/armeemuseum.ch\/en\/das-labor-spiez-rueckblick\/","title":{"rendered":"Das Labor Spiez &#8211; R\u00fcckblick"},"content":{"rendered":"<p>[et_pb_section fb_built=&#8221;1&#8243; theme_builder_area=&#8221;post_content&#8221; _builder_version=&#8221;4.23.4&#8243; _module_preset=&#8221;default&#8221;][et_pb_row _builder_version=&#8221;4.23.4&#8243; _module_preset=&#8221;default&#8221; column_structure=&#8221;3_5,2_5&#8243; theme_builder_area=&#8221;post_content&#8221;][et_pb_column _builder_version=&#8221;4.23.4&#8243; _module_preset=&#8221;default&#8221; type=&#8221;3_5&#8243; theme_builder_area=&#8221;post_content&#8221;][et_pb_text _builder_version=&#8221;4.23.4&#8243; _module_preset=&#8221;default&#8221; theme_builder_area=&#8221;post_content&#8221; hover_enabled=&#8221;0&#8243; sticky_enabled=&#8221;0&#8243;]<\/p>\n<h2><strong>Das Labor Spiez<\/strong><\/h2>\n<h4><strong>R\u00fcckblick auf den Vortrag vom 31. Januar 2024<\/strong><\/h4>\n<p>[\/et_pb_text][\/et_pb_column][et_pb_column _builder_version=&#8221;4.23.4&#8243; _module_preset=&#8221;default&#8221; type=&#8221;2_5&#8243; theme_builder_area=&#8221;post_content&#8221;][et_pb_image src=&#8221;https:\/\/armeemuseum.ch\/wp-content\/uploads\/2024\/02\/Logo-VSAM-komprimiert.jpg&#8221; _builder_version=&#8221;4.23.4&#8243; _module_preset=&#8221;default&#8221; theme_builder_area=&#8221;post_content&#8221; hover_enabled=&#8221;0&#8243; sticky_enabled=&#8221;0&#8243; title_text=&#8221;Einfaches CMYK&#8221;][\/et_pb_image][\/et_pb_column][\/et_pb_row][et_pb_row _builder_version=&#8221;4.23.4&#8243; _module_preset=&#8221;default&#8221; theme_builder_area=&#8221;post_content&#8221; custom_margin=&#8221;|auto|-71px|auto||&#8221;][et_pb_column _builder_version=&#8221;4.23.4&#8243; _module_preset=&#8221;default&#8221; type=&#8221;4_4&#8243; theme_builder_area=&#8221;post_content&#8221;][et_pb_text _builder_version=&#8221;4.23.4&#8243; _module_preset=&#8221;default&#8221; theme_builder_area=&#8221;post_content&#8221; hover_enabled=&#8221;0&#8243; sticky_enabled=&#8221;0&#8243; custom_padding=&#8221;1px|||||&#8221;]<\/p>\n<p><strong>Das eidgen\u00f6ssische Institut f\u00fcr ABC-Schutz in Spiez, eingegliedert im Bundesamt f\u00fcr Bev\u00f6lkerungsschutz (BABS), war am Mittwoch Thema beim Verein Schweizer Armeemuseum (VSAM). Referent Dr. Kurt M\u00fcnger zeigte die vielf\u00e4ltigen Arbeiten im In- und Ausland des Labors Spiez, f\u00fcr die oftmals rigorose Sicherheitsmassnahmen n\u00f6tig sind.<\/strong><\/p>\n<p>Die Bilder aus dem Hochsicherheitslabor der h\u00f6chsten Stufe 4 sind eindr\u00fccklich und beklemmend. Die Arbeitspl\u00e4tze k\u00f6nnen wegen den dort lagernden Gefahrenstoffen ausschliesslich durch Schleusen betreten werden, die T\u00e4tigkeiten nur in hermetisch dichten Schutzanz\u00fcgen ausgef\u00fchrt werden. Um in der Schweiz vorbereitet zu sein, darf in Spiez f\u00fcr die Forschung von Schutz- und Abwehrmassnahmen auch mit ansonsten verbotenen oder ge\u00e4chteten biologischen und chemischen Kampfstoffen geforscht werden. Wie Dr. Kurt M\u00fcnger, Chef Leitungsaufgaben Labor Spiez, ausf\u00fchrte, ist dieses Labor deshalb auch eines der am besten gegen Erdbeben gesch\u00fctzten Geb\u00e4ude der Schweiz. Die aus den Anfangszeiten stammenden Geb\u00e4ude sollen in den n\u00e4chsten Jahren saniert oder durch Neubauten ersetzt werden, um auch k\u00fcnftig alle aktuellen Schutzauflagen erf\u00fcllen zu k\u00f6nnen.<\/p>\n<p>M\u00fcnger zeigte die Entwicklung des Betriebes aus dem \u00abLabi Wimmis\u00bb der ehemaligen Pulverfabrik und die vielf\u00e4ltigen Aufgaben f\u00fcr zivile und milit\u00e4rische Organisationen auf. Schwerpunkt der rund 120 Angestellten in Spiez sind die Forschung und allf\u00e4llige Eins\u00e4tze f\u00fcr zivile Organisationen wie Feuerwehren oder Polizeieinheiten zugunsten der Schweizer Bev\u00f6lkerung. Gr\u00f6ssere Schlagzeilen machen jeweils internationale Auftr\u00e4ge \u2013 zum Beispiel f\u00fcr die Organisation f\u00fcr das Verbot chemischer Waffen (OPCW), die Vereinten Nationen (UNO), die Weltgesundheits- (WHO) oder die Atomenergieorganisation (IAEA). Das formulierte Ziel des mehrfach international ausgezeichneten Labors ist klar: Eine Welt ohne Massenvernichtungswaffen.<\/p>\n<p>F\u00fcr all diese Aufgaben werden in Spiez die technischen und wissenschaftlichen Instrumente bereitgestellt und das entsprechende Wissen stetig weiterentwickelt. Dieses umfasst neben Messungen von allf\u00e4lligen Gefahrenstoffen \u00fcber die Entwicklung von Gegengiften bis zur Pr\u00fcfung von Schutzmaterialien. Zudem werden Spezialisten f\u00fcr die ABC-Abwehrtruppen der Schweizer Armee ausgebildet, die das Labor bei Bedrohungslagen als Miliztruppe unterst\u00fctzen k\u00f6nnten.<\/p>\n<p>In seinen Ausf\u00fchrungen kam Kurt M\u00fcnger auch auf aktuelle Bedrohungen zu sprechen. Er zeigte als Fallbeispiel allf\u00e4llige Auswirkungen einer \u00abdreckigen Bombe\u00bb aus nuklearen Abf\u00e4llen und erw\u00e4hnte die latenten Drohungen aus dem Kreml, im Krieg gegen die Ukraine atomare Sprengs\u00e4tze einzusetzen. Die Geschichte des Labors respektive dessen Aufbau von Kompetenzen ist immer wieder eine Folge von teils katastrophalen Ereignissen: Sei dies die Explosion des Atomreaktors in Tschernobyl, die Chemiewaffeneins\u00e4tze in Irak und Syrien oder die Vergiftung von unliebsamen Personen durch die toxische Substanz Novitschock. Das Fazit: Der Bedarf an Fachwissen und gezielter Vorbereitung auf einen m\u00f6glichen Ernstfall wird weiter zu- statt abnehmen.<\/p>\n<p>[\/et_pb_text][\/et_pb_column][\/et_pb_row][et_pb_row _builder_version=&#8221;4.23.4&#8243; _module_preset=&#8221;default&#8221; theme_builder_area=&#8221;post_content&#8221; custom_padding=&#8221;||0px|||&#8221;][et_pb_column _builder_version=&#8221;4.23.4&#8243; _module_preset=&#8221;default&#8221; type=&#8221;4_4&#8243; theme_builder_area=&#8221;post_content&#8221;][et_pb_image src=&#8221;https:\/\/armeemuseum.ch\/wp-content\/uploads\/2024\/02\/DSC_1031_00001-scaled.jpg&#8221; _builder_version=&#8221;4.23.4&#8243; _module_preset=&#8221;default&#8221; theme_builder_area=&#8221;post_content&#8221; hover_enabled=&#8221;0&#8243; sticky_enabled=&#8221;0&#8243; title_text=&#8221;DSC_1031_00001&#8243;][\/et_pb_image][\/et_pb_column][\/et_pb_row][et_pb_row _builder_version=&#8221;4.23.4&#8243; _module_preset=&#8221;default&#8221; theme_builder_area=&#8221;post_content&#8221;][et_pb_column _builder_version=&#8221;4.23.4&#8243; _module_preset=&#8221;default&#8221; type=&#8221;4_4&#8243; theme_builder_area=&#8221;post_content&#8221;][et_pb_text _builder_version=&#8221;4.23.4&#8243; _module_preset=&#8221;default&#8221; theme_builder_area=&#8221;post_content&#8221; hover_enabled=&#8221;0&#8243; sticky_enabled=&#8221;0&#8243;]<\/p>\n<p style=\"text-align: left;\">Kurt M\u00fcnger vom Labor Spiez erkl\u00e4rte die Aufgaben und Erfolge des Instituts.\u00a0 Bild: Thomas Wermelinger.<\/p>\n<p>[\/et_pb_text][\/et_pb_column][\/et_pb_row][\/et_pb_section]<\/p>\n","protected":false},"excerpt":{"rendered":"<p>Das Labor Spiez R\u00fcckblick auf den Vortrag vom 31. Januar 2024Das eidgen\u00f6ssische Institut f\u00fcr ABC-Schutz in Spiez, eingegliedert im Bundesamt f\u00fcr Bev\u00f6lkerungsschutz (BABS), war am Mittwoch Thema beim Verein Schweizer Armeemuseum (VSAM). Referent Dr. Kurt M\u00fcnger zeigte die vielf\u00e4ltigen Arbeiten im In- und Ausland des Labors Spiez, f\u00fcr die oftmals rigorose Sicherheitsmassnahmen n\u00f6tig sind. Die [&hellip;]<\/p>\n","protected":false},"author":2,"featured_media":0,"comment_status":"closed","ping_status":"open","sticky":false,"template":"","format":"standard","meta":{"_et_pb_use_builder":"on","_et_pb_old_content":"","_et_gb_content_width":"","footnotes":""},"categories":[739],"tags":[],"class_list":["post-47157","post","type-post","status-publish","format-standard","hentry","category-news-2024"],"_links":{"self":[{"href":"https:\/\/armeemuseum.ch\/en\/wp-json\/wp\/v2\/posts\/47157","targetHints":{"allow":["GET"]}}],"collection":[{"href":"https:\/\/armeemuseum.ch\/en\/wp-json\/wp\/v2\/posts"}],"about":[{"href":"https:\/\/armeemuseum.ch\/en\/wp-json\/wp\/v2\/types\/post"}],"author":[{"embeddable":true,"href":"https:\/\/armeemuseum.ch\/en\/wp-json\/wp\/v2\/users\/2"}],"replies":[{"embeddable":true,"href":"https:\/\/armeemuseum.ch\/en\/wp-json\/wp\/v2\/comments?post=47157"}],"version-history":[{"count":3,"href":"https:\/\/armeemuseum.ch\/en\/wp-json\/wp\/v2\/posts\/47157\/revisions"}],"predecessor-version":[{"id":47169,"href":"https:\/\/armeemuseum.ch\/en\/wp-json\/wp\/v2\/posts\/47157\/revisions\/47169"}],"wp:attachment":[{"href":"https:\/\/armeemuseum.ch\/en\/wp-json\/wp\/v2\/media?parent=47157"}],"wp:term":[{"taxonomy":"category","embeddable":true,"href":"https:\/\/armeemuseum.ch\/en\/wp-json\/wp\/v2\/categories?post=47157"},{"taxonomy":"post_tag","embeddable":true,"href":"https:\/\/armeemuseum.ch\/en\/wp-json\/wp\/v2\/tags?post=47157"}],"curies":[{"name":"wp","href":"https:\/\/api.w.org\/{rel}","templated":true}]}}