{"id":44510,"date":"2022-11-05T09:55:58","date_gmt":"2022-11-05T08:55:58","guid":{"rendered":"https:\/\/www.armeemuseum.ch\/?p=44510"},"modified":"2022-11-05T10:02:50","modified_gmt":"2022-11-05T09:02:50","slug":"rotkreuzdienst-vorschau","status":"publish","type":"post","link":"https:\/\/armeemuseum.ch\/en\/rotkreuzdienst-vorschau\/","title":{"rendered":"Rotkreuzdienst &#8211; Vorschau"},"content":{"rendered":"<p>[et_pb_section bb_built=&#8221;1&#8243; admin_label=&#8221;section&#8221;][et_pb_row admin_label=&#8221;row&#8221;][et_pb_column type=&#8221;2_3&#8243;][et_pb_text admin_label=&#8221;Text&#8221; background_layout=&#8221;light&#8221; text_orientation=&#8221;left&#8221; use_border_color=&#8221;off&#8221; border_color=&#8221;#ffffff&#8221; border_style=&#8221;solid&#8221;]<\/p>\n<h2><strong><span dir=\"ltr\" role=\"presentation\">Geschichte und T\u00e4tigkeit des Rotkreuzdienstes als Unterst\u00fctzer der Armee<\/span><\/strong><\/h2>\n<h4>Vorschau auf den Vortrag vom 23. November 2022<\/h4>\n<p>[\/et_pb_text][\/et_pb_column][et_pb_column type=&#8221;1_3&#8243;][et_pb_image admin_label=&#8221;Bild&#8221; src=&#8221;https:\/\/armeemuseum.ch\/wp-content\/uploads\/2020\/06\/Logo-VSAM-komprimiert-5.jpg&#8221; show_in_lightbox=&#8221;off&#8221; url_new_window=&#8221;off&#8221; use_overlay=&#8221;off&#8221; animation=&#8221;left&#8221; sticky=&#8221;off&#8221; align=&#8221;left&#8221; force_fullwidth=&#8221;off&#8221; always_center_on_mobile=&#8221;on&#8221; use_border_color=&#8221;off&#8221; border_color=&#8221;#ffffff&#8221; border_style=&#8221;solid&#8221; \/][\/et_pb_column][\/et_pb_row][et_pb_row admin_label=&#8221;Zeile&#8221;][et_pb_column type=&#8221;4_4&#8243;][et_pb_text admin_label=&#8221;Text&#8221; background_layout=&#8221;light&#8221; text_orientation=&#8221;left&#8221; use_border_color=&#8221;off&#8221; border_color=&#8221;#ffffff&#8221; border_style=&#8221;solid&#8221;]<\/p>\n<h3><strong>Der Rotkreuzdienst \u2013 in Zeiten der Krisen gefragter denn je<\/strong><\/h3>\n<p><strong>Neben dem Sanit\u00e4tsdienst der Armee gibt es die freiwillige Organisation des Rotkreuzdienstes. Wann und wie diese zum Einsatz kommt, wird im letzten Vortrag dieses Jahres des Vereins Schweizer Armeemuseum an konkreten Beispielen erl\u00e4utert. <\/strong><\/p>\n<p><strong>\u00a0<\/strong>Der Rotkreuzdienst (RKD) ist seit 1903 eine Organisation des Schweizerischen Roten Kreuzes. Er besteht aus rund 250 Personen, die mehrheitlich \u00fcber eine qualifizierte medizinische Ausbildung verf\u00fcgen und freiwillig Dienst zur Unterst\u00fctzung des Sanit\u00e4tsdienstes der Schweizer Armee leisten.<\/p>\n<p>RDK-Angeh\u00f6rige kommen Dank ihrer Fach- und Sozialkompetenz bei Naturkatastrophen, grossen Ungl\u00fccksf\u00e4llen, Pandemien oder anderen Krisensituationen zum Einsatz. Ausserdem bringen sie ihr Fachwissen als Ausbildende von Sanit\u00e4ts- und Spitalsoldaten im Sanit\u00e4tsdienst der Armee ein.<\/p>\n<p>Wie sich der Rotkreuzdienst entwickelt hat, wird am Mittwoch, 23. November, Stefan Vogel von der RDK-Gesch\u00e4ftsstelle aufzeigen, erg\u00e4nzt durch die Ausf\u00fchrungen zu den praktischen Eins\u00e4tzen von Oblt RKD Sandra Nyffenegger. W\u00e4hrend der Pandemie waren beispielsweise bis zu 90 Angeh\u00f6rige des RKD im Einsatz und haben einen wichtigen Beitrag zur Bew\u00e4ltigung geleistet. Diese Pandemie hat aufgezeigt, wie wichtig es ist, auf derartige Krisen und Konflikte vorbereitet und ausgebildet zu sein.<\/p>\n<p><u><strong>Treffpunkt<\/strong>:<\/u> Mittwoch, 23. November 2022, 18.45 Uhr, auf dem Parkplatz der ehemaligen Soldatenstube 3 Tannen an der Allmendstrasse in Thun (Einweisung). Anreise mit dem \u00f6ffentlichen Verkehr ab Bahnhof Thun mit Buslinie 4 bis Haltestelle Kleine Allmend. Beginn jeweils 19 Uhr.<\/p>\n<p>[\/et_pb_text][\/et_pb_column][\/et_pb_row][et_pb_row admin_label=&#8221;Zeile&#8221;][et_pb_column type=&#8221;4_4&#8243;][et_pb_image admin_label=&#8221;Bild&#8221; src=&#8221;https:\/\/armeemuseum.ch\/wp-content\/uploads\/2022\/11\/7453_025.jpg&#8221; show_in_lightbox=&#8221;off&#8221; url_new_window=&#8221;off&#8221; use_overlay=&#8221;off&#8221; animation=&#8221;left&#8221; sticky=&#8221;off&#8221; align=&#8221;left&#8221; force_fullwidth=&#8221;off&#8221; always_center_on_mobile=&#8221;on&#8221; use_border_color=&#8221;off&#8221; border_color=&#8221;#ffffff&#8221; border_style=&#8221;solid&#8221; \/][et_pb_text admin_label=&#8221;Text&#8221; background_layout=&#8221;light&#8221; text_orientation=&#8221;left&#8221; use_border_color=&#8221;off&#8221; border_color=&#8221;#ffffff&#8221; border_style=&#8221;solid&#8221;]<\/p>\n<p>Eine Angeh\u00f6rige des RKD erkl\u00e4rt, worauf es ankommt. \u00a9 zvg<\/p>\n<p>[\/et_pb_text][et_pb_image admin_label=&#8221;Bild&#8221; src=&#8221;https:\/\/armeemuseum.ch\/wp-content\/uploads\/2022\/11\/7453_126.jpg&#8221; show_in_lightbox=&#8221;off&#8221; url_new_window=&#8221;off&#8221; use_overlay=&#8221;off&#8221; animation=&#8221;left&#8221; sticky=&#8221;off&#8221; align=&#8221;left&#8221; force_fullwidth=&#8221;off&#8221; always_center_on_mobile=&#8221;on&#8221; use_border_color=&#8221;off&#8221; border_color=&#8221;#ffffff&#8221; border_style=&#8221;solid&#8221; \/][et_pb_text admin_label=&#8221;Text&#8221; background_layout=&#8221;light&#8221; text_orientation=&#8221;left&#8221; use_border_color=&#8221;off&#8221; border_color=&#8221;#ffffff&#8221; border_style=&#8221;solid&#8221;]<\/p>\n<p>Bei der Ausbildung \u2013 einen Verband richtig anlegen. \u00a9 zvg<\/p>\n<p>[\/et_pb_text][et_pb_image admin_label=&#8221;Bild&#8221; src=&#8221;https:\/\/armeemuseum.ch\/wp-content\/uploads\/2022\/11\/7453_220.jpg&#8221; show_in_lightbox=&#8221;off&#8221; url_new_window=&#8221;off&#8221; use_overlay=&#8221;off&#8221; animation=&#8221;left&#8221; sticky=&#8221;off&#8221; align=&#8221;left&#8221; force_fullwidth=&#8221;off&#8221; always_center_on_mobile=&#8221;on&#8221; use_border_color=&#8221;off&#8221; border_color=&#8221;#ffffff&#8221; border_style=&#8221;solid&#8221; \/][et_pb_text admin_label=&#8221;Text&#8221; background_layout=&#8221;light&#8221; text_orientation=&#8221;left&#8221; use_border_color=&#8221;off&#8221; border_color=&#8221;#ffffff&#8221; border_style=&#8221;solid&#8221;]<\/p>\n<p>\u00dcbung &#8211; Verletzte auf dem Feld richtig versorgen \u00a9 zvg<\/p>\n<p>[\/et_pb_text][\/et_pb_column][\/et_pb_row][\/et_pb_section]<\/p>\n","protected":false},"excerpt":{"rendered":"<p>Geschichte und T\u00e4tigkeit des Rotkreuzdienstes als Unterst\u00fctzer der Armee Vorschau auf den Vortrag vom 23. November 2022 Der Rotkreuzdienst \u2013 in Zeiten der Krisen gefragter denn je Neben dem Sanit\u00e4tsdienst der Armee gibt es die freiwillige Organisation des Rotkreuzdienstes. Wann und wie diese zum Einsatz kommt, wird im letzten Vortrag dieses Jahres des Vereins Schweizer [&hellip;]<\/p>\n","protected":false},"author":2,"featured_media":0,"comment_status":"closed","ping_status":"open","sticky":false,"template":"","format":"standard","meta":{"_et_pb_use_builder":"on","_et_pb_old_content":"","_et_gb_content_width":"","footnotes":""},"categories":[719],"tags":[],"class_list":["post-44510","post","type-post","status-publish","format-standard","hentry","category-news-2022-d"],"_links":{"self":[{"href":"https:\/\/armeemuseum.ch\/en\/wp-json\/wp\/v2\/posts\/44510","targetHints":{"allow":["GET"]}}],"collection":[{"href":"https:\/\/armeemuseum.ch\/en\/wp-json\/wp\/v2\/posts"}],"about":[{"href":"https:\/\/armeemuseum.ch\/en\/wp-json\/wp\/v2\/types\/post"}],"author":[{"embeddable":true,"href":"https:\/\/armeemuseum.ch\/en\/wp-json\/wp\/v2\/users\/2"}],"replies":[{"embeddable":true,"href":"https:\/\/armeemuseum.ch\/en\/wp-json\/wp\/v2\/comments?post=44510"}],"version-history":[{"count":4,"href":"https:\/\/armeemuseum.ch\/en\/wp-json\/wp\/v2\/posts\/44510\/revisions"}],"predecessor-version":[{"id":44527,"href":"https:\/\/armeemuseum.ch\/en\/wp-json\/wp\/v2\/posts\/44510\/revisions\/44527"}],"wp:attachment":[{"href":"https:\/\/armeemuseum.ch\/en\/wp-json\/wp\/v2\/media?parent=44510"}],"wp:term":[{"taxonomy":"category","embeddable":true,"href":"https:\/\/armeemuseum.ch\/en\/wp-json\/wp\/v2\/categories?post=44510"},{"taxonomy":"post_tag","embeddable":true,"href":"https:\/\/armeemuseum.ch\/en\/wp-json\/wp\/v2\/tags?post=44510"}],"curies":[{"name":"wp","href":"https:\/\/api.w.org\/{rel}","templated":true}]}}