{"id":32947,"date":"2019-09-19T19:11:03","date_gmt":"2019-09-19T18:11:03","guid":{"rendered":"https:\/\/www.armeemuseum.ch\/?p=32947"},"modified":"2019-09-19T19:11:36","modified_gmt":"2019-09-19T18:11:36","slug":"schweizer-feldpost-rueckschau","status":"publish","type":"post","link":"https:\/\/armeemuseum.ch\/en\/schweizer-feldpost-rueckschau\/","title":{"rendered":"Schweizer Feldpost &#8211; R\u00fcckschau"},"content":{"rendered":"<p>[et_pb_section bb_built=&#8221;1&#8243; admin_label=&#8221;section&#8221;][et_pb_row admin_label=&#8221;row&#8221;][et_pb_column type=&#8221;2_3&#8243;][et_pb_text admin_label=&#8221;Text&#8221; background_layout=&#8221;light&#8221; text_orientation=&#8221;left&#8221; use_border_color=&#8221;off&#8221; border_color=&#8221;#ffffff&#8221; border_style=&#8221;solid&#8221;]<\/p>\n<h2><strong>Schweizer Feldpost &#8211; 130 Jahre Emotionen<\/strong><\/h2>\n<h4>R\u00fcckschau auf den Vortrag vom 18. September 2019<\/h4>\n<p>[\/et_pb_text][\/et_pb_column][et_pb_column type=&#8221;1_3&#8243;][et_pb_image admin_label=&#8221;Bild&#8221; src=&#8221;https:\/\/armeemuseum.ch\/wp-content\/uploads\/2019\/04\/Logo-VSAM-komprimiert-2.jpg&#8221; show_in_lightbox=&#8221;off&#8221; url_new_window=&#8221;off&#8221; use_overlay=&#8221;off&#8221; animation=&#8221;left&#8221; sticky=&#8221;off&#8221; align=&#8221;left&#8221; force_fullwidth=&#8221;off&#8221; always_center_on_mobile=&#8221;on&#8221; use_border_color=&#8221;off&#8221; border_color=&#8221;#ffffff&#8221; border_style=&#8221;solid&#8221; \/][\/et_pb_column][\/et_pb_row][et_pb_row admin_label=&#8221;Zeile&#8221;][et_pb_column type=&#8221;4_4&#8243;][et_pb_image admin_label=&#8221;Bild&#8221; src=&#8221;https:\/\/armeemuseum.ch\/wp-content\/uploads\/2019\/09\/Collage_001.jpg&#8221; show_in_lightbox=&#8221;off&#8221; url_new_window=&#8221;off&#8221; use_overlay=&#8221;off&#8221; animation=&#8221;left&#8221; sticky=&#8221;off&#8221; align=&#8221;left&#8221; force_fullwidth=&#8221;off&#8221; always_center_on_mobile=&#8221;on&#8221; use_border_color=&#8221;off&#8221; border_color=&#8221;#ffffff&#8221; border_style=&#8221;solid&#8221; \/][et_pb_text admin_label=&#8221;Text&#8221; background_layout=&#8221;light&#8221; text_orientation=&#8221;left&#8221; use_border_color=&#8221;off&#8221; border_color=&#8221;#ffffff&#8221; border_style=&#8221;solid&#8221;]<\/p>\n<h3>\u00a0<\/h3>\n<h2><strong>Ohne Feldpost geht\u2019s auch heute nicht<\/strong><\/h2>\n<p><strong>\u00a0<\/strong><strong>Der Chef der Feldpost, Fritz Affolter weiss viele M\u00fcsterchen zu erz\u00e4hlen, wenn es um \u00abseine\u00bb Institution geht. Seit 130 Jahren liefert die Feldpost zuverl\u00e4ssig Briefe und P\u00e4ckli \u2013 und ist auch in Zeiten von Smartphones unverzichtbar.<\/strong><\/p>\n<p>\u00abPl\u00f6tzlich klingelte es im Paket \u2013 immer wieder. Mit der Zeit wurde es f\u00fcr die Feldpostsoldaten nervig. Es stellte sich dann heraus, dass ein Soldat beim Einr\u00fccken sein Handy \u2013 heute die ultimative Kommunikationsquelle \u2013 vergessen hatte und ihm dieses per Feldpost zugeschickt wurde.\u00bb F\u00fcr Fritz Affolter ist das ein Beispiel aus dem Alltag. Die bef\u00f6rderte Anzahl Sendungen geht zwar tendenziell zur\u00fcck geht, aber die Feldpost ist eben auch heute noch unverzichtbar.<\/p>\n<p>Die erste Verordnung betreffend die Feldpost trat am 13. August1889 in Kraft. Darin regelte der Bundesrat die Zusammenarbeit zwischen der Oberpostdirektion und der Armee. Seit 130 Jahren ist der Auftrag unver\u00e4ndert: Die f\u00fcr Angeh\u00f6rige der Armee kostenlose Zustellung und Versendung von Briefen, Paketen und Zeitungen, \u2013 und damit \u00fcberbringt die Feldpost tagt\u00e4glich Emotionen, Freude, \u00dcberraschungen und sorgt auch heute noch f\u00fcr die gute Moral der Truppe.<\/p>\n<p>Beim Verein Schweizer Armeemuseum erl\u00e4uterte Oberst Fritz Affolter (Chef Feldpost der Armee) die Geschichte der Feldpost. Mit historischen Bildern und beeindruckenden Zahlen zeigte er die Leistung der Feldpostsoldaten auf: W\u00e4hrend des Ersten Weltkrieges gingen 64 Millionen P\u00e4ckli und 112 Millionen Briefe durch die H\u00e4nde der etwa 1000 Feldp\u00f6steler. Dazu kamen noch 15 Millionen Karten und Briefe von oder f\u00fcr Internierte. Ende des Zweiten Weltkrieg dienten 2700 Soldaten bei der Feldpost. Sie bef\u00f6rderten 1939-45 etwa 600 Millionen Sendungen! \u00abEs war damals wie heute der sch\u00f6nste Job in der Armee\u00bb, freute sich der Referent, ein Vollblut-P\u00f6steler.<\/p>\n<p>Im Kalten Krieg kam noch die Auskunftsstelle der Armee, das immer noch aktuelle B\u00fcro Schweiz (031 381 25 25) dazu, zudem wurde reorganisiert. Aus 48 Feldposten bei der Truppe wurden 28 ortsfeste Einrichtungen, die auf den Waffenpl\u00e4tzen basierten. Das ist auch heute noch so, dabei darf nat\u00fcrlich die enge Zusammenarbeit w\u00e4hrend der ganzen 130 Jahre mit der zivilen Post nicht vergessen werden. Aktuelle Zahlen zeigen, dass pro Jahr noch etwa eine Million Briefe, 200\u2018000 Pakete und 600\u2018000 Tageszeitungen bef\u00f6rdert werden. Der Chef Feldpost der Armee ist \u00fcberzeugt, dass es die Feldpost geben wird, solange es die Armee gibt. \u00abIn Ausnahmesituationen funktionieren vielleicht die heutigen Kommunikationswege zivil-Milit\u00e4r nicht mehr. Darauf m\u00fcssen wir vorbereitet sein.\u00bb<\/p>\n<p>[\/et_pb_text][et_pb_gallery admin_label=&#8221;Galerie&#8221; gallery_ids=&#8221;32954,32958,32962,32966,32970,32974,32978,32982,32986,32990,32994,32998,33002,33006,33010,33014,33018,33022,33026,33030,33034,33038,33042,33046&#8243; fullwidth=&#8221;on&#8221; orientation=&#8221;landscape&#8221; show_title_and_caption=&#8221;on&#8221; show_pagination=&#8221;on&#8221; background_layout=&#8221;light&#8221; auto=&#8221;off&#8221; db_image_max_width_tablet=&#8221;51&#8243; db_image_max_height_tablet=&#8221;501&#8243; db_image_row_spacing_tablet=&#8221;51&#8243; db_image_center_titles=&#8221;left&#8221; db_image_object_fit=&#8221;initial&#8221; hover_overlay_color=&#8221;rgba(255,255,255,0.9)&#8221; use_border_color=&#8221;off&#8221; border_color=&#8221;#ffffff&#8221; border_style=&#8221;solid&#8221; \/][et_pb_text admin_label=&#8221;Text&#8221; background_layout=&#8221;light&#8221; text_orientation=&#8221;left&#8221; use_border_color=&#8221;off&#8221; border_color=&#8221;#ffffff&#8221; border_style=&#8221;solid&#8221;]<\/p>\n<p style=\"text-align: right;\">Fotos: \u00a9 Markus Hubacher, Spiez<\/p>\n<p>[\/et_pb_text][\/et_pb_column][\/et_pb_row][\/et_pb_section]<\/p>\n","protected":false},"excerpt":{"rendered":"<p>Schweizer Feldpost &#8211; 130 Jahre Emotionen R\u00fcckschau auf den Vortrag vom 18. September 2019 \u00a0 Ohne Feldpost geht\u2019s auch heute nicht \u00a0Der Chef der Feldpost, Fritz Affolter weiss viele M\u00fcsterchen zu erz\u00e4hlen, wenn es um \u00abseine\u00bb Institution geht. Seit 130 Jahren liefert die Feldpost zuverl\u00e4ssig Briefe und P\u00e4ckli \u2013 und ist auch in Zeiten von [&hellip;]<\/p>\n","protected":false},"author":2,"featured_media":0,"comment_status":"closed","ping_status":"open","sticky":false,"template":"","format":"standard","meta":{"_et_pb_use_builder":"on","_et_pb_old_content":"","_et_gb_content_width":"","footnotes":""},"categories":[692],"tags":[],"class_list":["post-32947","post","type-post","status-publish","format-standard","hentry","category-news-2019"],"_links":{"self":[{"href":"https:\/\/armeemuseum.ch\/en\/wp-json\/wp\/v2\/posts\/32947","targetHints":{"allow":["GET"]}}],"collection":[{"href":"https:\/\/armeemuseum.ch\/en\/wp-json\/wp\/v2\/posts"}],"about":[{"href":"https:\/\/armeemuseum.ch\/en\/wp-json\/wp\/v2\/types\/post"}],"author":[{"embeddable":true,"href":"https:\/\/armeemuseum.ch\/en\/wp-json\/wp\/v2\/users\/2"}],"replies":[{"embeddable":true,"href":"https:\/\/armeemuseum.ch\/en\/wp-json\/wp\/v2\/comments?post=32947"}],"version-history":[{"count":4,"href":"https:\/\/armeemuseum.ch\/en\/wp-json\/wp\/v2\/posts\/32947\/revisions"}],"predecessor-version":[{"id":33055,"href":"https:\/\/armeemuseum.ch\/en\/wp-json\/wp\/v2\/posts\/32947\/revisions\/33055"}],"wp:attachment":[{"href":"https:\/\/armeemuseum.ch\/en\/wp-json\/wp\/v2\/media?parent=32947"}],"wp:term":[{"taxonomy":"category","embeddable":true,"href":"https:\/\/armeemuseum.ch\/en\/wp-json\/wp\/v2\/categories?post=32947"},{"taxonomy":"post_tag","embeddable":true,"href":"https:\/\/armeemuseum.ch\/en\/wp-json\/wp\/v2\/tags?post=32947"}],"curies":[{"name":"wp","href":"https:\/\/api.w.org\/{rel}","templated":true}]}}