{"id":29925,"date":"2019-04-28T13:24:01","date_gmt":"2019-04-28T12:24:01","guid":{"rendered":"https:\/\/www.armeemuseum.ch\/?p=29925"},"modified":"2019-04-28T13:25:53","modified_gmt":"2019-04-28T12:25:53","slug":"mv-19","status":"publish","type":"post","link":"https:\/\/armeemuseum.ch\/en\/mv-19\/","title":{"rendered":"MV 19"},"content":{"rendered":"<p>[et_pb_section bb_built=&#8221;1&#8243; admin_label=&#8221;section&#8221;][et_pb_row admin_label=&#8221;row&#8221;][et_pb_column type=&#8221;2_3&#8243;][et_pb_text admin_label=&#8221;Text&#8221; background_layout=&#8221;light&#8221; text_orientation=&#8221;left&#8221; use_border_color=&#8221;off&#8221; border_color=&#8221;#ffffff&#8221; border_style=&#8221;solid&#8221;]<\/p>\n<h2><strong>Mitgliederversammlung 2019<\/strong><\/h2>\n<h4>27. April 2019 Thun<\/h4>\n<p>[\/et_pb_text][\/et_pb_column][et_pb_column type=&#8221;1_3&#8243;][et_pb_image admin_label=&#8221;Bild&#8221; src=&#8221;https:\/\/armeemuseum.ch\/wp-content\/uploads\/2019\/04\/Logo-VSAM-komprimiert-2.jpg&#8221; show_in_lightbox=&#8221;off&#8221; url_new_window=&#8221;off&#8221; use_overlay=&#8221;off&#8221; animation=&#8221;left&#8221; sticky=&#8221;off&#8221; align=&#8221;left&#8221; force_fullwidth=&#8221;off&#8221; always_center_on_mobile=&#8221;on&#8221; use_border_color=&#8221;off&#8221; border_color=&#8221;#ffffff&#8221; border_style=&#8221;solid&#8221; \/][\/et_pb_column][\/et_pb_row][et_pb_row admin_label=&#8221;Zeile&#8221;][et_pb_column type=&#8221;4_4&#8243;][et_pb_text admin_label=&#8221;Text&#8221; background_layout=&#8221;light&#8221; text_orientation=&#8221;left&#8221; use_border_color=&#8221;off&#8221; border_color=&#8221;#ffffff&#8221; border_style=&#8221;solid&#8221;]<\/p>\n<p><span style=\"font-size: 14pt;\"><strong>Der Verein Schweizer Armeemuseum hat einen neuen Pr\u00e4sidenten<\/strong><\/span><\/p>\n<p><strong>\u00a0<\/strong><strong>Neue F\u00fchrung: Henri Habegger wurde einstimmig in das Amt des Pr\u00e4sidenten gew\u00e4hlt. Die Teilnehmer der Mitgliederversammlung wurden zudem \u00fcber die umfangreichen T\u00e4tigkeiten des letzten Jahres informiert und erhielten einen ganz besonderen Blick auf die Geschichte des Waffenplatzes Thun.<\/strong><\/p>\n<p>Henri Habegger \u00fcbernimmt das Pr\u00e4sidium des Vereins Schweizer Armeemuseum (VSAM). Der Steffisburger ist bereits seit 35 Jahren im Vorstand t\u00e4tig, wovon den Grossteil als Vizepr\u00e4sident. Er folgt auf Paul M\u00fcller, der nach zw\u00f6lf Jahren das Amt an der Mitgliederversammlung abgab. In dessen aktiver Zeit wurde der ganze Bereich Historisches Armeematerial in Zusammenarbeit mit dem Verteidigungsdepartment (VBS) durch die Schaffung gesetzlicher Grundlagen und die Gr\u00fcndung von drei Stiftungen in den verschiedenen Sammlungsbereichen neu strukturiert. M\u00fcller gab offen zu, dass er ein wichtiges Ziel noch nicht erreicht habe, das in den Statuten des Vereins seit dessen Gr\u00fcndung so definiert ist: Die Schaffung eines \u00f6ffentlich zug\u00e4nglichen Armeemuseums. Mit der heutigen systematischen Materialsammlung, aufgebaut und betreut von der vom VSAM gegr\u00fcndeten Stiftung Historische Armeematerial (HAM), sei man zwar dem Ziel n\u00e4hergekommen, aber es brauche weitere grosse Anstrengungen f\u00fcr ein \u00f6ffentliches Museum als Fernziel.<\/p>\n<p>Der scheidende Pr\u00e4sident wurde von seinem Nachfolger verabschiedet. In der Laudation wurden dessen ausserordentliche Verdienste gew\u00fcrdigt und von der Mitgliederversammlung mit einem anhaltenden Applaus verdankt. Um die Belastung f\u00fcr den Pr\u00e4sidenten nicht zu gross werden zu lassen, soll ein Teil der bisher von ihm wahrgenommenen Aufgaben im Vorstand anders verteilt werden. Zudem verst\u00e4rken die neu gew\u00e4hlten Vorstandsmitglieder J\u00fcrg Tschabold (Worb) sowie Marc-Philippe M\u00fcller (Payerne) das Team.<\/p>\n<p><strong>Zusammenarbeit mit M\u00e4ngeln<\/strong><\/p>\n<p>In seinem letzten Jahresbericht wies der scheidende Pr\u00e4sident auf das turbulente Jahr hin, das man abschliesse. Grosser Beliebtheit erfreuten sich jeweils die milit\u00e4rhistorischen und -technischen Vortr\u00e4ge sowie die verschiedenen Publikationen. Mit diesen sichert der Verein Fachwissen \u00fcber die Armee und deren Ausr\u00fcstung f\u00fcr kommende Generationen. Paul M\u00fcller verhehlte aber nicht, dass die Zusammenarbeit und die Kommunikation zwischen VBS, der Stiftung HAM und dem VSAM nicht immer optimal verlief und er hofft auf Besserung, vor allem m\u00f6chte er die Leistungen des Vereins st\u00e4rker gew\u00fcrdigt wissen. Der VSAM sieht sich in der Rolle als F\u00f6rderverein f\u00fcr die Stiftung und deren Arbeit, insbesondere in der Freiwilligen- und \u00d6ffentlichkeitsarbeit.<\/p>\n<p>Der Vertreter der Stiftung bekr\u00e4ftigte an der Versammlung die Absicht, k\u00fcnftig wieder vermehrt die Zusammenarbeit zu suchen. Grundlage daf\u00fcr ist ein Ende letzten Jahres vom VBS-Vorsteher in Kraft gesetztes neues Sammlungskonzept. In diesem ist der Einbezug des F\u00f6rdervereins explizit erw\u00e4hnt. Nun muss das Konzept noch umgesetzt werden.<\/p>\n<p><strong>Wissen sammeln \u2013 und erhalten<\/strong><\/p>\n<p>Aktuell umfasst der VSAM rund 1700 Mitglieder, gut 150 davon waren in Thun an der Mitgliederversammlung dabei \u2013 darunter etliche ehemalige hohe Kader der Armee. Alle sind einerseits ideele Unterst\u00fctzer des Vereins, andererseits sind deren zum Teil grosse Kenntnisse auch beim Aufbau der \u00abWissensdatenbank\u00bb gefragt. Damit soll in verschiedenen Fachgebieten das Wissen \u00fcber milit\u00e4rhistorische und materialbezogene Themen umfassend und fachlich abgest\u00fctzt aufbereitet und verst\u00e4ndlich vermittelt werden. Der Zugang erfolgt \u00fcber die Website www.armeemuseum.ch. Erste Themen sind bereits online, beispielsweise die Ordonnanzen \u00fcber Uniformen und Abzeichen der Schweizer Armee.<\/p>\n<p><strong>Der gr\u00f6sste Waffenplatz feiert <\/strong><\/p>\n<p>Den Abschluss der Versammlung bildete ein erster Rundgang durch die Sonderausstellung \u00abDas schickliche Lokal\u00bb in der Mannschaftskaserne II, die im Rahmen des diesj\u00e4hrigen Jubil\u00e4ums \u00ab200 Waffenplatz Thun\u00bb von der Stiftung HAM zusammengestellt wurde. Der grosse Jubil\u00e4umsanlass findet Mitte August statt.<\/p>\n<p>[\/et_pb_text][et_pb_gallery admin_label=&#8221;Galerie&#8221; gallery_ids=&#8221;29930,29934,29942,29946,29954,29958,29962,29990,29970,29974,29978,29982,29986,29994&#8243; fullwidth=&#8221;on&#8221; orientation=&#8221;landscape&#8221; show_title_and_caption=&#8221;on&#8221; show_pagination=&#8221;on&#8221; background_layout=&#8221;light&#8221; auto=&#8221;off&#8221; db_image_max_width_tablet=&#8221;51&#8243; db_image_max_height_tablet=&#8221;501&#8243; db_image_row_spacing_tablet=&#8221;51&#8243; db_image_center_titles=&#8221;left&#8221; db_image_object_fit=&#8221;initial&#8221; hover_overlay_color=&#8221;rgba(255,255,255,0.9)&#8221; use_border_color=&#8221;off&#8221; border_color=&#8221;#ffffff&#8221; border_style=&#8221;solid&#8221; \/][et_pb_text admin_label=&#8221;Text&#8221; background_layout=&#8221;light&#8221; text_orientation=&#8221;left&#8221; use_border_color=&#8221;off&#8221; border_color=&#8221;#ffffff&#8221; border_style=&#8221;solid&#8221;]<\/p>\n<p style=\"text-align: right;\">Fotos: \u00a9 Markus Hubacher, Spiez<\/p>\n<p>[\/et_pb_text][\/et_pb_column][\/et_pb_row][\/et_pb_section]<\/p>\n","protected":false},"excerpt":{"rendered":"<p>Mitgliederversammlung 2019 27. April 2019 Thun Der Verein Schweizer Armeemuseum hat einen neuen Pr\u00e4sidenten \u00a0Neue F\u00fchrung: Henri Habegger wurde einstimmig in das Amt des Pr\u00e4sidenten gew\u00e4hlt. Die Teilnehmer der Mitgliederversammlung wurden zudem \u00fcber die umfangreichen T\u00e4tigkeiten des letzten Jahres informiert und erhielten einen ganz besonderen Blick auf die Geschichte des Waffenplatzes Thun. Henri Habegger \u00fcbernimmt [&hellip;]<\/p>\n","protected":false},"author":2,"featured_media":0,"comment_status":"closed","ping_status":"open","sticky":false,"template":"","format":"standard","meta":{"_et_pb_use_builder":"on","_et_pb_old_content":"","_et_gb_content_width":"","footnotes":""},"categories":[692,1],"tags":[],"class_list":["post-29925","post","type-post","status-publish","format-standard","hentry","category-news-2019","category-unkategorisiert"],"_links":{"self":[{"href":"https:\/\/armeemuseum.ch\/en\/wp-json\/wp\/v2\/posts\/29925","targetHints":{"allow":["GET"]}}],"collection":[{"href":"https:\/\/armeemuseum.ch\/en\/wp-json\/wp\/v2\/posts"}],"about":[{"href":"https:\/\/armeemuseum.ch\/en\/wp-json\/wp\/v2\/types\/post"}],"author":[{"embeddable":true,"href":"https:\/\/armeemuseum.ch\/en\/wp-json\/wp\/v2\/users\/2"}],"replies":[{"embeddable":true,"href":"https:\/\/armeemuseum.ch\/en\/wp-json\/wp\/v2\/comments?post=29925"}],"version-history":[{"count":4,"href":"https:\/\/armeemuseum.ch\/en\/wp-json\/wp\/v2\/posts\/29925\/revisions"}],"predecessor-version":[{"id":30005,"href":"https:\/\/armeemuseum.ch\/en\/wp-json\/wp\/v2\/posts\/29925\/revisions\/30005"}],"wp:attachment":[{"href":"https:\/\/armeemuseum.ch\/en\/wp-json\/wp\/v2\/media?parent=29925"}],"wp:term":[{"taxonomy":"category","embeddable":true,"href":"https:\/\/armeemuseum.ch\/en\/wp-json\/wp\/v2\/categories?post=29925"},{"taxonomy":"post_tag","embeddable":true,"href":"https:\/\/armeemuseum.ch\/en\/wp-json\/wp\/v2\/tags?post=29925"}],"curies":[{"name":"wp","href":"https:\/\/api.w.org\/{rel}","templated":true}]}}