{"id":26438,"date":"2018-09-20T19:36:44","date_gmt":"2018-09-20T18:36:44","guid":{"rendered":"https:\/\/www.armeemuseum.ch\/?p=26438"},"modified":"2018-09-23T13:15:14","modified_gmt":"2018-09-23T12:15:14","slug":"ueberwachungskommission-in-korea-rueckblick","status":"publish","type":"post","link":"https:\/\/armeemuseum.ch\/en\/ueberwachungskommission-in-korea-rueckblick\/","title":{"rendered":"\u00dcberwachungskommission in Korea &#8211; R\u00fcckblick"},"content":{"rendered":"<p>[et_pb_section bb_built=&#8221;1&#8243; admin_label=&#8221;section&#8221;][et_pb_row admin_label=&#8221;row&#8221;][et_pb_column type=&#8221;2_3&#8243;][et_pb_text admin_label=&#8221;Text&#8221; background_layout=&#8221;light&#8221; text_orientation=&#8221;left&#8221; use_border_color=&#8221;off&#8221; border_color=&#8221;#ffffff&#8221; border_style=&#8221;solid&#8221;]<\/p>\n<h2><strong>65 Jahre neutrale \u00dcberwachungskommission in Korea<\/strong><\/h2>\n<h4>R\u00fcckblick auf den Vortrag vom 19. September 2018<\/h4>\n<p>[\/et_pb_text][\/et_pb_column][et_pb_column type=&#8221;1_3&#8243;][et_pb_image admin_label=&#8221;Bild&#8221; src=&#8221;https:\/\/armeemuseum.ch\/wp-content\/uploads\/2018\/04\/Logo-VSAM-komprimiert.jpg&#8221; show_in_lightbox=&#8221;off&#8221; url_new_window=&#8221;off&#8221; use_overlay=&#8221;off&#8221; animation=&#8221;left&#8221; sticky=&#8221;off&#8221; align=&#8221;left&#8221; force_fullwidth=&#8221;off&#8221; always_center_on_mobile=&#8221;on&#8221; use_border_color=&#8221;off&#8221; border_color=&#8221;#ffffff&#8221; border_style=&#8221;solid&#8221; \/][\/et_pb_column][\/et_pb_row][et_pb_row admin_label=&#8221;Zeile&#8221;][et_pb_column type=&#8221;4_4&#8243;][et_pb_image admin_label=&#8221;Bild&#8221; src=&#8221;https:\/\/armeemuseum.ch\/wp-content\/uploads\/2018\/09\/000_Collage-VSAM-19.09.jpg&#8221; show_in_lightbox=&#8221;off&#8221; url_new_window=&#8221;off&#8221; use_overlay=&#8221;off&#8221; animation=&#8221;left&#8221; sticky=&#8221;off&#8221; align=&#8221;left&#8221; force_fullwidth=&#8221;off&#8221; always_center_on_mobile=&#8221;on&#8221; use_border_color=&#8221;off&#8221; border_color=&#8221;#ffffff&#8221; border_style=&#8221;solid&#8221; \/][et_pb_text admin_label=&#8221;Text&#8221; background_layout=&#8221;light&#8221; text_orientation=&#8221;left&#8221; use_border_color=&#8221;off&#8221; border_color=&#8221;#ffffff&#8221; border_style=&#8221;solid&#8221;]<\/p>\n<p><span style=\"font-size: 14pt;\"><strong>Die wichtige Rolle der Schweiz in Korea<\/strong><\/span><\/p>\n<p><strong>Gerade diese Woche machte das j\u00fcngste Gipfeltreffen zwischen den Nord- und S\u00fcdkoreanern Schlagzeilen. Passend dazu erkl\u00e4rte Division\u00e4r aD Urs Gerber beim Verein Schweizer Armeemuseum, wie die Situation in der dortigen entmilitarisierten Zone sich im Laufe der Zeit entwickelt hat. Und auch, ob sich das Schweizer Engagement lohnt.<\/strong><\/p>\n<p>Seit 1953 hat die Neutral Nations Supervisory Commission (NNSC) quasi die Rolle der UNO an der \u00fcber 240 Kilometer langen Waffenstillstandslinie zwischen Nord- und S\u00fcdkorea inne. Heute wird diese Kommission offiziell nur noch auf der s\u00fcdlichen Seite akzeptiert. Schweden und die Schweiz haben ein st\u00e4ndiges Kontingent von f\u00fcnf Offizieren vor Ort, die ebenfalls noch beteiligten Polen zeigen sich symbolisch j\u00e4hrlich zweimal vor Ort.<\/p>\n<p>Divison\u00e4r aD Urs Gerber war von Februar 2012 bis August 2017 Leiter der Schweizer NNSC-Delegation und somit sehr nahe am effektiven Geschehen. Er erkl\u00e4rte in Thun die besonderen sicherheitspolitischen und milit\u00e4rischen Herausforderungen in dieser Weltregion, die Zusammenh\u00e4nge zwischen lauten Drohungen und eher leisen diplomatischen Bem\u00fchungen.<\/p>\n<p>Er legte \u00fcberzeugend dar, dass allf\u00e4llige Konflikte in S\u00fcdostasien durchaus Auswirkungen auf Europa und die Schweiz haben k\u00f6nnten, da unter anderem Transportwege blockiert w\u00fcrden. Dem nordkoreanischen Herrscher Kim Jong-Un attestierte er Cleverness, vor allem im Spiel mit den \u00abgrossen\u00bb USA und China. Er zeiget aber auch auf, wie wenig man noch heute trotz aller nachrichtlichen Bem\u00fchungen von diesem angeschotteten Land weiss \u2013 insbesondere vom Denken der politischen F\u00fchrung.<\/p>\n<p>Das Fazit des Vortrages war, dass der heutige Waffenstillstand die Situation stabil erh\u00e4lt und sich ein Friedensvertrag eher kontraproduktiv auswirken k\u00f6nnte. Die Rolle und das Engagement der Schweiz seit 1953 sei phasenweise eher symbolisch gewesen. In den letzten 15 Jahren habe die Kommission auch dank des guten Rufes der Schweiz als Stabilisierungsfaktor in der zunehmend spannungsgeladenen Region eine wichtige Rolle f\u00fcr alle Konfliktparteien gespielt.<\/p>\n<p>[\/et_pb_text][et_pb_gallery admin_label=&#8221;Galerie&#8221; gallery_ids=&#8221;26447,26443,26451,26455,26459,26463,26467,26471,26475,26483,26487,26491,26495,26499,26503,26507,26511,26515,26479,26519&#8243; fullwidth=&#8221;on&#8221; orientation=&#8221;landscape&#8221; show_title_and_caption=&#8221;on&#8221; show_pagination=&#8221;off&#8221; background_layout=&#8221;light&#8221; auto=&#8221;off&#8221; db_image_max_width_tablet=&#8221;51&#8243; db_image_max_height_tablet=&#8221;501&#8243; db_image_row_spacing_tablet=&#8221;51&#8243; db_image_center_titles=&#8221;left&#8221; db_image_object_fit=&#8221;initial&#8221; hover_overlay_color=&#8221;rgba(255,255,255,0.9)&#8221; use_border_color=&#8221;off&#8221; border_color=&#8221;#ffffff&#8221; border_style=&#8221;solid&#8221; \/][et_pb_text admin_label=&#8221;Text&#8221; background_layout=&#8221;light&#8221; text_orientation=&#8221;left&#8221; use_border_color=&#8221;off&#8221; border_color=&#8221;#ffffff&#8221; border_style=&#8221;solid&#8221;]<\/p>\n<p style=\"text-align: right;\">Fotos: \u00a9 Markus Hubacher, Spiez<\/p>\n<p>[\/et_pb_text][\/et_pb_column][\/et_pb_row][\/et_pb_section]<\/p>\n","protected":false},"excerpt":{"rendered":"<p>65 Jahre neutrale \u00dcberwachungskommission in Korea R\u00fcckblick auf den Vortrag vom 19. September 2018 Die wichtige Rolle der Schweiz in Korea Gerade diese Woche machte das j\u00fcngste Gipfeltreffen zwischen den Nord- und S\u00fcdkoreanern Schlagzeilen. Passend dazu erkl\u00e4rte Division\u00e4r aD Urs Gerber beim Verein Schweizer Armeemuseum, wie die Situation in der dortigen entmilitarisierten Zone sich im [&hellip;]<\/p>\n","protected":false},"author":2,"featured_media":0,"comment_status":"closed","ping_status":"open","sticky":false,"template":"","format":"standard","meta":{"_et_pb_use_builder":"on","_et_pb_old_content":"","_et_gb_content_width":"","footnotes":""},"categories":[675],"tags":[],"class_list":["post-26438","post","type-post","status-publish","format-standard","hentry","category-news-2018"],"_links":{"self":[{"href":"https:\/\/armeemuseum.ch\/en\/wp-json\/wp\/v2\/posts\/26438","targetHints":{"allow":["GET"]}}],"collection":[{"href":"https:\/\/armeemuseum.ch\/en\/wp-json\/wp\/v2\/posts"}],"about":[{"href":"https:\/\/armeemuseum.ch\/en\/wp-json\/wp\/v2\/types\/post"}],"author":[{"embeddable":true,"href":"https:\/\/armeemuseum.ch\/en\/wp-json\/wp\/v2\/users\/2"}],"replies":[{"embeddable":true,"href":"https:\/\/armeemuseum.ch\/en\/wp-json\/wp\/v2\/comments?post=26438"}],"version-history":[{"count":3,"href":"https:\/\/armeemuseum.ch\/en\/wp-json\/wp\/v2\/posts\/26438\/revisions"}],"predecessor-version":[{"id":26530,"href":"https:\/\/armeemuseum.ch\/en\/wp-json\/wp\/v2\/posts\/26438\/revisions\/26530"}],"wp:attachment":[{"href":"https:\/\/armeemuseum.ch\/en\/wp-json\/wp\/v2\/media?parent=26438"}],"wp:term":[{"taxonomy":"category","embeddable":true,"href":"https:\/\/armeemuseum.ch\/en\/wp-json\/wp\/v2\/categories?post=26438"},{"taxonomy":"post_tag","embeddable":true,"href":"https:\/\/armeemuseum.ch\/en\/wp-json\/wp\/v2\/tags?post=26438"}],"curies":[{"name":"wp","href":"https:\/\/api.w.org\/{rel}","templated":true}]}}