{"id":24940,"date":"2018-03-15T21:23:44","date_gmt":"2018-03-15T20:23:44","guid":{"rendered":"https:\/\/www.armeemuseum.ch\/?p=24940"},"modified":"2018-03-17T15:56:27","modified_gmt":"2018-03-17T14:56:27","slug":"oberbefehlshaber-der-schweizer-armee-rueckblick","status":"publish","type":"post","link":"https:\/\/armeemuseum.ch\/en\/oberbefehlshaber-der-schweizer-armee-rueckblick\/","title":{"rendered":"Oberbefehlshaber der Schweizer Armee &#8211; R\u00fcckblick"},"content":{"rendered":"<p>[et_pb_section bb_built=&#8221;1&#8243; admin_label=&#8221;section&#8221;][et_pb_row admin_label=&#8221;row&#8221;][et_pb_column type=&#8221;2_3&#8243;][et_pb_text admin_label=&#8221;Text&#8221; background_layout=&#8221;light&#8221; text_orientation=&#8221;left&#8221; use_border_color=&#8221;off&#8221; border_color=&#8221;#ffffff&#8221; border_style=&#8221;solid&#8221;]<\/p>\n<h2><strong>Die Oberbefehlshaber der Schweizer Armee im Spannungsfeld zwischen Politik und Milit\u00e4r<\/strong><\/h2>\n<h4>R\u00fcckblick auf den Vortrag vom 14. M\u00e4rz 2018<\/h4>\n<p>[\/et_pb_text][\/et_pb_column][et_pb_column type=&#8221;1_3&#8243;][et_pb_image admin_label=&#8221;Bild&#8221; src=&#8221;https:\/\/armeemuseum.ch\/wp-content\/uploads\/2017\/10\/Logo-VSAM-komprimiert.jpg&#8221; show_in_lightbox=&#8221;off&#8221; url_new_window=&#8221;off&#8221; use_overlay=&#8221;off&#8221; animation=&#8221;left&#8221; sticky=&#8221;off&#8221; align=&#8221;left&#8221; force_fullwidth=&#8221;off&#8221; always_center_on_mobile=&#8221;on&#8221; use_border_color=&#8221;off&#8221; border_color=&#8221;#ffffff&#8221; border_style=&#8221;solid&#8221; \/][\/et_pb_column][\/et_pb_row][et_pb_row admin_label=&#8221;Zeile&#8221;][et_pb_column type=&#8221;4_4&#8243;][et_pb_text admin_label=&#8221;Text&#8221; background_layout=&#8221;light&#8221; text_orientation=&#8221;left&#8221; use_border_color=&#8221;off&#8221; border_color=&#8221;#ffffff&#8221; border_style=&#8221;solid&#8221;]<\/p>\n<p><span style=\"font-size: 14pt;\"><strong>Eine spannende Gegen\u00fcberstellung <\/strong><\/span><\/p>\n<p><strong>\u00a0<\/strong><strong>Wer waren die Gener\u00e4le, die in der schwierigen Zeit der Aktivdienste die Armee f\u00fchrten? Und wie haben sie ihre Aufgaben gel\u00f6st? Gerhard Wyss hat beim Verein Schweizer Armeemuseum Antworten geliefert.<\/strong><\/p>\n<p><strong>\u00a0<\/strong>Seit jeher gibt es Diskussionen, wie im Kriegs- oder Neutralit\u00e4tsschutzfall die Machtverh\u00e4ltnisse aufgeteilt sind. Dass die Politik der Armeef\u00fchrung vern\u00fcnftige Rahmenbedingungen diktieren kann, erfordert eine starke Regierung. Diese Vorgaben k\u00f6nnen sich aber diametral zu den Bed\u00fcrfnissen\u00a0 eines Generals als gew\u00e4hlter Oberbefehlshaber verhalten, der seine von der Bundesversammlung gestellte Aufgabe l\u00f6sen will und muss.<\/p>\n<p>Der Vortrag mit dem Titel \u00abDie schweizerischen Oberbefehlshaber der Armee (1847-1945) im Spannungsfeld zwischen Politik und Milit\u00e4r\u00bb gab am Mittwoch einen interessanten \u00dcberblick \u00fcber 150 Jahre Schweizer Milit\u00e4rgeschichte im Lichte des Wirkens ihrer Oberbefehlshaber. Der vom Referenten gemachte Quervergleich der vier unterschiedlichen Pers\u00f6nlichkeiten \u2013 Guillaume-Henri Dufour, Hans Herzog, Ulrich Wille und Henri Guisan \u2013 zeigte interessante Gemeinsamkeiten und Unterschiede. Angefangen bei der (sprachlichen) Herkunft, \u00fcber die Truppenzugeh\u00f6rigkeit, dem Charisma und der Beliebtheit beim Volk, die zu erledigende Aufgabe und deren Erf\u00fcllung liessen den Schluss zu, dass die beiden franz\u00f6sischsprachigen Generale Dufour und Guisan die gr\u00f6ssten Herausforderungen zu meistern hatten \u2013 und dies sehr erfolgreich taten.<\/p>\n<p>Dass sich die Machtverh\u00e4ltnisse im Zweiten Weltkrieg zwischen Bundesrat und Generalit\u00e4t ausgeglichen gestaltet hatten, war ein Vorteil. Auch wenn Guisan w\u00e4hrend des ganzen Aktivdienstes nie vom Gesamtbundesrat angeh\u00f6rt wurde, wurden die wichtigsten milit\u00e4rischen Entscheide jeweils von der Regierung sanktioniert. Positiv wirkte sich zudem aus, dass in der Schweiz seit dem Sonderbundskrieg von 1847 der Kriegsfall nie mehr eintrat, sondern sich der Armeeeinsatz auf den Neutralit\u00e4tsschutz beschr\u00e4nken konnte. So spielten die unbefriedigende rechtliche Regelung des Neutralit\u00e4tsschutzdienstes und zahlreiche Missverst\u00e4ndnisse und Spannungen weniger eine Rolle.<\/p>\n<p>Einleitend verglich der Referent die international \u00fcblichen Unterstellungen der Oberbefehlshaber unter die jeweilige politische F\u00fchrung, die in verschiedenen Kriegen daraus resultierenden Erfahrungen und\u00a0 Erfolge bzw. Misserfolge. Ein kleiner Abstecher am Schluss beleuchtet die Problematik eines \u00abFriedensoberbefehlshabers\u00bb in Form eines Chefs der Armee, wie ihn unsere Armee seit 2004 kennt. Eine gewisse Skepsis, ob das der richtige und mit der Erfahrung \u00fcber drei Amtsinhaber bereits bew\u00e4hrte Weg sei, liess der ehemalige Oberst im Generalstab und Milit\u00e4rhistoriker Gerhard Wyss deutlich durchblicken.<\/p>\n<p>[\/et_pb_text][et_pb_image admin_label=&#8221;Bild&#8221; src=&#8221;https:\/\/armeemuseum.ch\/wp-content\/uploads\/2018\/03\/Titelbild_002.jpg&#8221; show_in_lightbox=&#8221;off&#8221; url_new_window=&#8221;off&#8221; use_overlay=&#8221;off&#8221; animation=&#8221;left&#8221; sticky=&#8221;off&#8221; align=&#8221;left&#8221; force_fullwidth=&#8221;off&#8221; always_center_on_mobile=&#8221;on&#8221; use_border_color=&#8221;off&#8221; border_color=&#8221;#ffffff&#8221; border_style=&#8221;solid&#8221; \/][et_pb_gallery admin_label=&#8221;Galerie&#8221; gallery_ids=&#8221;25060,24949,24953,24957,24961,24965,24969,24973,24977,24981,24985,24989,24993,24997,25001,25005,25009,25013,25017,25021,25025,25029,25033,25037,25041,25045,25049,25053&#8243; fullwidth=&#8221;on&#8221; orientation=&#8221;landscape&#8221; show_title_and_caption=&#8221;on&#8221; show_pagination=&#8221;off&#8221; background_layout=&#8221;light&#8221; auto=&#8221;off&#8221; db_image_max_width_tablet=&#8221;51&#8243; db_image_max_height_tablet=&#8221;501&#8243; db_image_row_spacing_tablet=&#8221;51&#8243; db_image_center_titles=&#8221;left&#8221; db_image_object_fit=&#8221;initial&#8221; hover_overlay_color=&#8221;rgba(255,255,255,0.9)&#8221; use_border_color=&#8221;on&#8221; border_color=&#8221;#ffffff&#8221; border_style=&#8221;solid&#8221; db_image_max_width=&#8221;0&#8243; \/][et_pb_text admin_label=&#8221;Text&#8221; background_layout=&#8221;light&#8221; text_orientation=&#8221;left&#8221; use_border_color=&#8221;off&#8221; border_color=&#8221;#ffffff&#8221; border_style=&#8221;solid&#8221;]<\/p>\n<p style=\"text-align: right;\">Fotos: \u00a9 Markus Hubacher, Spiez<\/p>\n<p>[\/et_pb_text][\/et_pb_column][\/et_pb_row][\/et_pb_section]<\/p>\n","protected":false},"excerpt":{"rendered":"<p>Die Oberbefehlshaber der Schweizer Armee im Spannungsfeld zwischen Politik und Milit\u00e4r R\u00fcckblick auf den Vortrag vom 14. M\u00e4rz 2018 Eine spannende Gegen\u00fcberstellung \u00a0Wer waren die Gener\u00e4le, die in der schwierigen Zeit der Aktivdienste die Armee f\u00fchrten? Und wie haben sie ihre Aufgaben gel\u00f6st? Gerhard Wyss hat beim Verein Schweizer Armeemuseum Antworten geliefert. \u00a0Seit jeher gibt [&hellip;]<\/p>\n","protected":false},"author":2,"featured_media":0,"comment_status":"closed","ping_status":"open","sticky":false,"template":"","format":"standard","meta":{"_et_pb_use_builder":"on","_et_pb_old_content":"","_et_gb_content_width":"","footnotes":""},"categories":[675],"tags":[],"class_list":["post-24940","post","type-post","status-publish","format-standard","hentry","category-news-2018"],"_links":{"self":[{"href":"https:\/\/armeemuseum.ch\/en\/wp-json\/wp\/v2\/posts\/24940","targetHints":{"allow":["GET"]}}],"collection":[{"href":"https:\/\/armeemuseum.ch\/en\/wp-json\/wp\/v2\/posts"}],"about":[{"href":"https:\/\/armeemuseum.ch\/en\/wp-json\/wp\/v2\/types\/post"}],"author":[{"embeddable":true,"href":"https:\/\/armeemuseum.ch\/en\/wp-json\/wp\/v2\/users\/2"}],"replies":[{"embeddable":true,"href":"https:\/\/armeemuseum.ch\/en\/wp-json\/wp\/v2\/comments?post=24940"}],"version-history":[{"count":6,"href":"https:\/\/armeemuseum.ch\/en\/wp-json\/wp\/v2\/posts\/24940\/revisions"}],"predecessor-version":[{"id":25058,"href":"https:\/\/armeemuseum.ch\/en\/wp-json\/wp\/v2\/posts\/24940\/revisions\/25058"}],"wp:attachment":[{"href":"https:\/\/armeemuseum.ch\/en\/wp-json\/wp\/v2\/media?parent=24940"}],"wp:term":[{"taxonomy":"category","embeddable":true,"href":"https:\/\/armeemuseum.ch\/en\/wp-json\/wp\/v2\/categories?post=24940"},{"taxonomy":"post_tag","embeddable":true,"href":"https:\/\/armeemuseum.ch\/en\/wp-json\/wp\/v2\/tags?post=24940"}],"curies":[{"name":"wp","href":"https:\/\/api.w.org\/{rel}","templated":true}]}}