{"id":24499,"date":"2018-01-18T15:49:38","date_gmt":"2018-01-18T14:49:38","guid":{"rendered":"https:\/\/www.armeemuseum.ch\/?p=24499"},"modified":"2018-05-24T16:18:12","modified_gmt":"2018-05-24T15:18:12","slug":"geschichte-der-infanterie-teil-2-2","status":"publish","type":"post","link":"https:\/\/armeemuseum.ch\/en\/geschichte-der-infanterie-teil-2-2\/","title":{"rendered":"Geschichte der Infanterie, Teil 2, R\u00fcckblick"},"content":{"rendered":"<p>[et_pb_section bb_built=&#8221;1&#8243; admin_label=&#8221;section&#8221;][et_pb_row admin_label=&#8221;row&#8221;][et_pb_column type=&#8221;2_3&#8243;][et_pb_text admin_label=&#8221;Text&#8221; background_layout=&#8221;light&#8221; text_orientation=&#8221;left&#8221; use_border_color=&#8221;off&#8221; border_color=&#8221;#ffffff&#8221; border_style=&#8221;solid&#8221;]<\/p>\n<h2><strong>Geschichte der Infanterie, Teil 2<\/strong><\/h2>\n<h4>R\u00fcckblick auf den Vortrag vom 17. Januar 2018<\/h4>\n<p>[\/et_pb_text][\/et_pb_column][et_pb_column type=&#8221;1_3&#8243;][et_pb_image admin_label=&#8221;Bild&#8221; src=&#8221;https:\/\/armeemuseum.ch\/wp-content\/uploads\/2017\/10\/Logo-VSAM-komprimiert.jpg&#8221; show_in_lightbox=&#8221;off&#8221; url_new_window=&#8221;off&#8221; use_overlay=&#8221;off&#8221; animation=&#8221;left&#8221; sticky=&#8221;off&#8221; align=&#8221;left&#8221; force_fullwidth=&#8221;off&#8221; always_center_on_mobile=&#8221;on&#8221; use_border_color=&#8221;off&#8221; border_color=&#8221;#ffffff&#8221; border_style=&#8221;solid&#8221; \/][\/et_pb_column][\/et_pb_row][et_pb_row admin_label=&#8221;Zeile&#8221;][et_pb_column type=&#8221;4_4&#8243;][et_pb_image admin_label=&#8221;Bild&#8221; src=&#8221;https:\/\/armeemuseum.ch\/wp-content\/uploads\/2018\/01\/Collage_000.jpg&#8221; show_in_lightbox=&#8221;off&#8221; url_new_window=&#8221;off&#8221; use_overlay=&#8221;off&#8221; animation=&#8221;left&#8221; sticky=&#8221;off&#8221; align=&#8221;left&#8221; force_fullwidth=&#8221;off&#8221; always_center_on_mobile=&#8221;on&#8221; use_border_color=&#8221;off&#8221; border_color=&#8221;#ffffff&#8221; border_style=&#8221;solid&#8221; \/][et_pb_text admin_label=&#8221;Text&#8221; background_layout=&#8221;light&#8221; text_orientation=&#8221;left&#8221; use_border_color=&#8221;off&#8221; border_color=&#8221;#ffffff&#8221; border_style=&#8221;solid&#8221;]<\/p>\n<p><strong>Geschichte der Infanterie bis zur Armee 95<\/strong><\/p>\n<p><strong>Wer die Entwicklung der Schweizer Infanterie ab 1939 betrachtet, stellt fest: Der Aufbau einer wirksamen Panzerabwehr dauerte sehr lange und der Abbau der Truppenst\u00e4rke hingegen erfolgte sehr rasant.<\/strong><\/p>\n<p>J\u00fcrg Keller ist ein ausgewiesener Spezialist, was die Geschichte der Schweizer Armee angeht. Seine Vortr\u00e4ge basieren auf umfangreichen Recherchen, erg\u00e4nzt immer wieder durch Andekdoten aus seiner beruflichen Erfahrung und aus den aufgefundenen Akten. Im zweiten Vortragsteil seiner Betrachtungen \u00fcber die Schweizer Infanterie \u2013 umfassend die Zeit von 1938 bis zur Armee 95 \u2013 zeigte er die Zusammenh\u00e4nge zwischen neuem Material und Waffen sowie den Strukturen und St\u00e4rken am Beispiel eines Infanterieregiments auf.<\/p>\n<p>Rasch wurde deutlich, dass die Armee sich schwer tat, w\u00e4hrend des Krieges und in den darauffolgenden Jahren eine wirksame Panzerabwehr aufzubauen. Erst in den 1950-er Jahren wurde die Infanterie mit dem 8,3 cm Raketenrohr, der 9 cm Panzerabwehrkanone und der nachfolgenden 10,5 cm r\u00fcckstossfreien Kanone zahlen- und wirkungsm\u00e4ssig schlagkr\u00e4ftig genug. Die Einf\u00fchrung von Panzerabwehrlenkwaffen waren weitere Modernisierungsschritte, die rund alle zehn Jahre stattfanden. Anfang der 1990-er Jahre war die Schweiz technologisch und in Bezug auf die Best\u00e4nde eine hochger\u00fcstete Armee, die ihre Verteidigungsaufgaben mit der Infanterie wirklich h\u00e4tte erf\u00fcllen k\u00f6nnen. Impulse f\u00fcr die aufgezeigten Entwicklungen waren immer die unsere Sicherheit beeinflussenden internationalen Konflikte und die Erfahrungen daraus.<\/p>\n<p>Mit der Armee 95 erfolgte der Abbau der Truppenst\u00e4rke und Umbau der Organisation, die Schlagkraft der Infanterie sank durch Liquidation verschiedener Waffensysteme betr\u00e4chtlich, wie Keller ausf\u00fchrte. Die Technologisierung und Mechanisierung erforderte immer weniger Soldaten, der Abbau ging dem Referenten aber sp\u00fcrbar zu weit. \u201eK\u00f6nnten wir uns heute infanteristisch noch verteidigen?\u201c Diese Frage stellten sich wohl auch die rund 60 Besucher des ersten Vortagsabends des Vereins Schweizer Armeemuseum im laufenden Jahr.<\/p>\n<p>[\/et_pb_text][\/et_pb_column][\/et_pb_row][et_pb_row admin_label=&#8221;Zeile&#8221;][et_pb_column type=&#8221;4_4&#8243;][et_pb_gallery admin_label=&#8221;Galerie&#8221; fullwidth=&#8221;on&#8221; orientation=&#8221;landscape&#8221; show_title_and_caption=&#8221;on&#8221; show_pagination=&#8221;off&#8221; background_layout=&#8221;light&#8221; auto=&#8221;off&#8221; db_image_max_width_tablet=&#8221;51&#8243; db_image_max_height_tablet=&#8221;501&#8243; db_image_row_spacing_tablet=&#8221;51&#8243; db_image_center_titles=&#8221;left&#8221; db_image_object_fit=&#8221;initial&#8221; hover_overlay_color=&#8221;rgba(255,255,255,0.9)&#8221; use_border_color=&#8221;off&#8221; border_color=&#8221;#ffffff&#8221; border_style=&#8221;solid&#8221; gallery_ids=&#8221;24506,24510,24514,24518,24522,24526,24530,24534,24538,24542,24546,24550,24554,24558,24562,24566,24570,24574,24578,24582,24586,24590,24594,24598,24602,24606,24610,24614,24618,24622,24626,24630&#8243; \/][et_pb_text admin_label=&#8221;Text&#8221; background_layout=&#8221;light&#8221; text_orientation=&#8221;left&#8221; use_border_color=&#8221;off&#8221; border_color=&#8221;#ffffff&#8221; border_style=&#8221;solid&#8221;]<\/p>\n<p style=\"text-align: right;\">Fotos: \u00a9 Markus Hubacher, Spiez<\/p>\n<p>[\/et_pb_text][\/et_pb_column][\/et_pb_row][\/et_pb_section]<\/p>\n","protected":false},"excerpt":{"rendered":"<p>Geschichte der Infanterie, Teil 2 R\u00fcckblick auf den Vortrag vom 17. Januar 2018 Geschichte der Infanterie bis zur Armee 95 Wer die Entwicklung der Schweizer Infanterie ab 1939 betrachtet, stellt fest: Der Aufbau einer wirksamen Panzerabwehr dauerte sehr lange und der Abbau der Truppenst\u00e4rke hingegen erfolgte sehr rasant. J\u00fcrg Keller ist ein ausgewiesener Spezialist, was [&hellip;]<\/p>\n","protected":false},"author":2,"featured_media":0,"comment_status":"closed","ping_status":"open","sticky":false,"template":"","format":"standard","meta":{"_et_pb_use_builder":"on","_et_pb_old_content":"","_et_gb_content_width":"","footnotes":""},"categories":[675],"tags":[],"class_list":["post-24499","post","type-post","status-publish","format-standard","hentry","category-news-2018"],"_links":{"self":[{"href":"https:\/\/armeemuseum.ch\/en\/wp-json\/wp\/v2\/posts\/24499","targetHints":{"allow":["GET"]}}],"collection":[{"href":"https:\/\/armeemuseum.ch\/en\/wp-json\/wp\/v2\/posts"}],"about":[{"href":"https:\/\/armeemuseum.ch\/en\/wp-json\/wp\/v2\/types\/post"}],"author":[{"embeddable":true,"href":"https:\/\/armeemuseum.ch\/en\/wp-json\/wp\/v2\/users\/2"}],"replies":[{"embeddable":true,"href":"https:\/\/armeemuseum.ch\/en\/wp-json\/wp\/v2\/comments?post=24499"}],"version-history":[{"count":10,"href":"https:\/\/armeemuseum.ch\/en\/wp-json\/wp\/v2\/posts\/24499\/revisions"}],"predecessor-version":[{"id":25349,"href":"https:\/\/armeemuseum.ch\/en\/wp-json\/wp\/v2\/posts\/24499\/revisions\/25349"}],"wp:attachment":[{"href":"https:\/\/armeemuseum.ch\/en\/wp-json\/wp\/v2\/media?parent=24499"}],"wp:term":[{"taxonomy":"category","embeddable":true,"href":"https:\/\/armeemuseum.ch\/en\/wp-json\/wp\/v2\/categories?post=24499"},{"taxonomy":"post_tag","embeddable":true,"href":"https:\/\/armeemuseum.ch\/en\/wp-json\/wp\/v2\/tags?post=24499"}],"curies":[{"name":"wp","href":"https:\/\/api.w.org\/{rel}","templated":true}]}}