{"id":2186,"date":"2011-10-18T20:17:22","date_gmt":"2011-10-18T19:17:22","guid":{"rendered":"http:\/\/test.armeemuseum.ch\/?page_id=2186"},"modified":"2017-02-02T19:19:16","modified_gmt":"2017-02-02T18:19:16","slug":"der-weg-zur-gewehrpatrone-11-vorschau","status":"publish","type":"post","link":"https:\/\/armeemuseum.ch\/en\/der-weg-zur-gewehrpatrone-11-vorschau\/","title":{"rendered":"Der Weg zur Gewehrpatrone 11 &#8211; Vorschau"},"content":{"rendered":"<p>[et_pb_section admin_label=&#8221;section&#8221;][et_pb_row admin_label=&#8221;row&#8221;][et_pb_column type=&#8221;2_3&#8243;][et_pb_text admin_label=&#8221;Text&#8221; background_layout=&#8221;light&#8221; text_orientation=&#8221;left&#8221; use_border_color=&#8221;off&#8221; border_color=&#8221;#ffffff&#8221; border_style=&#8221;solid&#8221;]<\/p>\n<h2><strong>Der Weg zur Gewehrpatrone 11 und 100 Jahre Infanteriegewehr und Karabiner Ordonnanz 1911<\/strong><\/h2>\n<h4>Vorschau auf den Vortrag vom 27. Oktober 2011<\/h4>\n<p>[\/et_pb_text][\/et_pb_column][et_pb_column type=&#8221;1_3&#8243;][et_pb_image admin_label=&#8221;Bild&#8221; src=&#8221;https:\/\/armeemuseum.ch\/wp-content\/uploads\/2016\/06\/Logo-VSAM-komprimiert.jpg&#8221; show_in_lightbox=&#8221;off&#8221; url_new_window=&#8221;off&#8221; use_overlay=&#8221;off&#8221; animation=&#8221;left&#8221; sticky=&#8221;off&#8221; align=&#8221;left&#8221; force_fullwidth=&#8221;off&#8221; always_center_on_mobile=&#8221;on&#8221; use_border_color=&#8221;off&#8221; border_color=&#8221;#ffffff&#8221; border_style=&#8221;solid&#8221; \/][\/et_pb_column][\/et_pb_row][et_pb_row admin_label=&#8221;Zeile&#8221;][et_pb_column type=&#8221;4_4&#8243;][et_pb_text admin_label=&#8221;Text&#8221; background_layout=&#8221;light&#8221; text_orientation=&#8221;left&#8221; use_border_color=&#8221;off&#8221; border_color=&#8221;#ffffff&#8221; border_style=&#8221;solid&#8221;]<\/p>\n<p class=\"bodytext\">Nicht nur den reinen Waffenkennern ist die Gewehrpatrone 11 oder der Karabiner 11 bekannt. Welcher Wehrmann kennt die Abk\u00fcrzung GP11 nicht? Damit verbindet sich ein langes St\u00fcck Schweizer Milit\u00e4rgeschichte: In den Jahren von der Jahrhundertwende bis zum ersten Weltkrieg ergaben sich weltweit enorme r\u00fcstungstechnische Fortschritte. Mit einer leistungsstarken Gewehrpatrone im Kaliber 7,5 mm, die in ihrer Grundform noch heute nach hundert Jahren in der Armee Verwendung findet, gelang es der Schweizer Armee noch gerade rechtzeitig vor dem ersten Weltkrieg, den Schritt zu einer modernen Infanteriebewaffung zu vollziehen.<\/p>\n<p>Am Donnerstag, 27. Oktober, f\u00fchren Anton Zindel und Ulrich Stoller, zwei anerkannte Munitions- und Waffenspezialisten der Stiftung HAM, in die 100-j\u00e4hrige Geschichte dieser Munition und der zugeh\u00f6rigen Waffen ein. Sie begr\u00fcnden, wieso die Technik dieser Waffen so speziell ist und welche bekannten Namen von Pionieren auf dem Gebiet, wie Oberst Eduard Rubin und Oberst Rudolf Schmidt mit der Entwicklung von Munition und Waffe verbunden sind. Sie erkl\u00e4ren die Entstehung und Weiterentwicklung des Waffensystems im Spannungsfeld der Anforderungen von Armee und Schiesswesen ausser Dienst.<\/p>\n<p>Der Zutritt zu den Anl\u00e4ssen des Vereins Schweizer Armeemuseums ist frei, Spenden zugunsten des Vereins werden gerne entgegen genommen.<\/p>\n<p class=\"bodytext\">\u00a0<b>Treffpunkt:<\/b> 18.50 Uhr, Eingangstor RUAG vor Uttigenstrasse 19, Thun<\/p>\n<p>[\/et_pb_text][\/et_pb_column][\/et_pb_row][et_pb_row admin_label=&#8221;Zeile&#8221;][et_pb_column type=&#8221;1_2&#8243;][et_pb_image admin_label=&#8221;Bild&#8221; src=&#8221;https:\/\/armeemuseum.ch\/wp-content\/uploads\/2016\/06\/Oberst_Eduard_Rubin.jpeg&#8221; show_in_lightbox=&#8221;off&#8221; url_new_window=&#8221;off&#8221; use_overlay=&#8221;off&#8221; animation=&#8221;left&#8221; sticky=&#8221;off&#8221; align=&#8221;left&#8221; force_fullwidth=&#8221;off&#8221; always_center_on_mobile=&#8221;on&#8221; use_border_color=&#8221;off&#8221; border_color=&#8221;#ffffff&#8221; border_style=&#8221;solid&#8221; \/][\/et_pb_column][et_pb_column type=&#8221;1_2&#8243;][et_pb_text admin_label=&#8221;Text&#8221; background_layout=&#8221;light&#8221; text_orientation=&#8221;left&#8221; use_border_color=&#8221;off&#8221; border_color=&#8221;#ffffff&#8221; border_style=&#8221;solid&#8221;]<\/p>\n<p>&nbsp;<\/p>\n<p>&nbsp;<\/p>\n<p>Oberst Eudard Rubin<\/p>\n<p>&nbsp;<\/p>\n<p>[\/et_pb_text][\/et_pb_column][\/et_pb_row][\/et_pb_section]<\/p>\n","protected":false},"excerpt":{"rendered":"<p>Der Weg zur Gewehrpatrone 11 und 100 Jahre Infanteriegewehr und Karabiner Ordonnanz 1911 Vorschau auf den Vortrag vom 27. Oktober 2011 Nicht nur den reinen Waffenkennern ist die Gewehrpatrone 11 oder der Karabiner 11 bekannt. Welcher Wehrmann kennt die Abk\u00fcrzung GP11 nicht? Damit verbindet sich ein langes St\u00fcck Schweizer Milit\u00e4rgeschichte: In den Jahren von der [&hellip;]<\/p>\n","protected":false},"author":2,"featured_media":0,"comment_status":"closed","ping_status":"closed","sticky":false,"template":"","format":"standard","meta":{"_et_pb_use_builder":"on","_et_pb_old_content":"","_et_gb_content_width":"","footnotes":""},"categories":[76],"tags":[],"class_list":["post-2186","post","type-post","status-publish","format-standard","hentry","category-news-2011-2"],"_links":{"self":[{"href":"https:\/\/armeemuseum.ch\/en\/wp-json\/wp\/v2\/posts\/2186","targetHints":{"allow":["GET"]}}],"collection":[{"href":"https:\/\/armeemuseum.ch\/en\/wp-json\/wp\/v2\/posts"}],"about":[{"href":"https:\/\/armeemuseum.ch\/en\/wp-json\/wp\/v2\/types\/post"}],"author":[{"embeddable":true,"href":"https:\/\/armeemuseum.ch\/en\/wp-json\/wp\/v2\/users\/2"}],"replies":[{"embeddable":true,"href":"https:\/\/armeemuseum.ch\/en\/wp-json\/wp\/v2\/comments?post=2186"}],"version-history":[{"count":3,"href":"https:\/\/armeemuseum.ch\/en\/wp-json\/wp\/v2\/posts\/2186\/revisions"}],"predecessor-version":[{"id":2190,"href":"https:\/\/armeemuseum.ch\/en\/wp-json\/wp\/v2\/posts\/2186\/revisions\/2190"}],"wp:attachment":[{"href":"https:\/\/armeemuseum.ch\/en\/wp-json\/wp\/v2\/media?parent=2186"}],"wp:term":[{"taxonomy":"category","embeddable":true,"href":"https:\/\/armeemuseum.ch\/en\/wp-json\/wp\/v2\/categories?post=2186"},{"taxonomy":"post_tag","embeddable":true,"href":"https:\/\/armeemuseum.ch\/en\/wp-json\/wp\/v2\/tags?post=2186"}],"curies":[{"name":"wp","href":"https:\/\/api.w.org\/{rel}","templated":true}]}}