{"id":19611,"date":"2017-05-18T19:50:00","date_gmt":"2017-05-18T18:50:00","guid":{"rendered":"https:\/\/www.armeemuseum.ch\/?p=19611"},"modified":"2017-10-03T10:45:27","modified_gmt":"2017-10-03T09:45:27","slug":"einfuehrung-stahlhelm-rueckblick","status":"publish","type":"post","link":"https:\/\/armeemuseum.ch\/en\/einfuehrung-stahlhelm-rueckblick\/","title":{"rendered":"Einf\u00fchrung Stahlhelm &#8211; R\u00fcckblick"},"content":{"rendered":"<p>[et_pb_section bb_built=&#8221;1&#8243; admin_label=&#8221;section&#8221;][et_pb_row admin_label=&#8221;row&#8221;][et_pb_column type=&#8221;2_3&#8243;][et_pb_text admin_label=&#8221;Text&#8221; background_layout=&#8221;light&#8221; text_orientation=&#8221;left&#8221; use_border_color=&#8221;off&#8221; border_color=&#8221;#ffffff&#8221; border_style=&#8221;solid&#8221;]<\/p>\n<h2>Die Einf\u00fchrung des Stahlhelms vor hundert Jahren in der Schweizer Armee<\/h2>\n<h4>R\u00fcckblick auf den Vortrag vom 17. Mai 2017<\/h4>\n<p>[\/et_pb_text][\/et_pb_column][et_pb_column type=&#8221;1_3&#8243;][et_pb_image admin_label=&#8221;Bild&#8221; src=&#8221;https:\/\/armeemuseum.ch\/wp-content\/uploads\/2017\/05\/logo-vsam-klein.jpg&#8221; show_in_lightbox=&#8221;off&#8221; url_new_window=&#8221;off&#8221; use_overlay=&#8221;off&#8221; animation=&#8221;left&#8221; sticky=&#8221;off&#8221; align=&#8221;left&#8221; force_fullwidth=&#8221;off&#8221; always_center_on_mobile=&#8221;on&#8221; use_border_color=&#8221;off&#8221; border_color=&#8221;#ffffff&#8221; border_style=&#8221;solid&#8221; \/][\/et_pb_column][\/et_pb_row][et_pb_row admin_label=&#8221;Zeile&#8221;][et_pb_column type=&#8221;4_4&#8243;][et_pb_image admin_label=&#8221;Bild&#8221; src=&#8221;https:\/\/armeemuseum.ch\/wp-content\/uploads\/2017\/05\/Collage_002-1.jpg&#8221; show_in_lightbox=&#8221;on&#8221; url_new_window=&#8221;off&#8221; use_overlay=&#8221;off&#8221; animation=&#8221;left&#8221; sticky=&#8221;off&#8221; align=&#8221;left&#8221; force_fullwidth=&#8221;off&#8221; always_center_on_mobile=&#8221;on&#8221; use_border_color=&#8221;off&#8221; border_color=&#8221;#ffffff&#8221; border_style=&#8221;solid&#8221; \/][et_pb_text admin_label=&#8221;Text&#8221; background_layout=&#8221;light&#8221; text_orientation=&#8221;left&#8221; use_border_color=&#8221;off&#8221; border_color=&#8221;#ffffff&#8221; border_style=&#8221;solid&#8221;]<\/p>\n<p><strong>Vom Ritterhelm zum Stahlhelm<\/strong><\/p>\n<p><strong>\u00a0Schutz vor Beschuss oder Sonne und Repr\u00e4sentation: Eine Kopfbedeckung kann mehrere Funktionen haben. J\u00fcrg Burlet zeigte beim Verein Schweizer Armeemuseum auf, wie die Entwicklung vom K\u00e4ppi \u00fcber die Pickelhaube zum Stahlhelm erfolgte.<\/strong><\/p>\n<p>Vor hundert Jahren wurde mit dem Stahlhelm M18 in der Schweizer Armee ein Klassiker eingef\u00fchrt. Bis in die 1980-er Jahre wurde dieses \u00abKopfwehblech\u00bb in Armee, Luftschutz und Feuerwehr eingesetzt. J\u00fcrg Burlet, Kurator f\u00fcr Uniformen und Fahnen im Schweizerischen Nationalmuseum in Z\u00fcrich, erl\u00e4uterte in abwechslungsreicher und humorvoller Weise beim Verein Schweizer Armeemuseum, wie dieser Helm entstanden ist. Er fing bei den Gladiatoren und Rittern an, arbeitete sich in seinen Erkl\u00e4rungen weiter \u00fcber die preussische Pickelhaube bis zum Ersten Weltkrieg.<\/p>\n<p>Die neuen Waffen bedingten dringend Schutz der Soldaten in den Sch\u00fctzengr\u00e4ben. Vor allem Splitter forderten viele Tote. Die verschiedenen Kriegsparteien testen unterschiedliche Modelle, und auch die Schweizer Armee sah die Notwendigkeit ein. Der M18 war \u2013 nach einigen Prototypen unter anderem vom Neuenburger K\u00fcnstler Charles L\u2019Eplattenier \u2013 das Resultat, in Form und Ausstattung abgekupfert bei den Deutschen. Und weiter f\u00fchrte der Vortrag \u00fcber den Helm 72 bis zum heutigen Kevlarhelm. Burlet konnte zudem rund ein Dutzend Originale-Helme aus der Sammlung der Stiftung Historisches Armeematerial zeigen, von einmaligen Prototypen bis zu den bekannten Formen.<\/p>\n<p>W\u00e4hrend zu Repr\u00e4sentationszwecken noch heute historische Helme verwendet werden \u2013 zum Beispiel bei der Schweizer Garde, geht die Entwicklung weiter mit der Integration von Kommunikationstechnik oder beispielsweise Restlichtverst\u00e4rkern f\u00fcr den Kampfeinsatz.<\/p>\n<p>Das Vortragsprogramm des VSAM geht am 12. Juli am Standort Burgdorf weiter: Das Thema lautet \u00abEinsatz Gauligletscher\u00bb. Beschrieben wird die spektakul\u00e4re Rettung von Besatzung und Passagieren einer 1946 abgest\u00fcrzten amerikanischen DC-3 inkl. Restaurierung des wiederentdeckten Propellers. Das gesamte Vortragsprogramm gibt es unter www.armeemuseum.ch.<\/p>\n<p>[\/et_pb_text][et_pb_gallery admin_label=&#8221;Galerie&#8221; fullwidth=&#8221;on&#8221; orientation=&#8221;landscape&#8221; show_title_and_caption=&#8221;on&#8221; show_pagination=&#8221;on&#8221; background_layout=&#8221;light&#8221; auto=&#8221;off&#8221; hover_overlay_color=&#8221;rgba(255,255,255,0.9)&#8221; use_border_color=&#8221;off&#8221; border_color=&#8221;#ffffff&#8221; border_style=&#8221;solid&#8221; gallery_ids=&#8221;19616,19620,19624,19628,19632,19636,19640,19644,19648,19652,19656,19660,19664,19668,19672,19676,19680,19684,19688,19692,19696,19700,19704,19708,19712&#8243; saved_tabs=&#8221;all&#8221; \/][et_pb_text admin_label=&#8221;Text&#8221; background_layout=&#8221;light&#8221; text_orientation=&#8221;left&#8221; use_border_color=&#8221;off&#8221; border_color=&#8221;#ffffff&#8221; border_style=&#8221;solid&#8221;]<\/p>\n<p style=\"text-align: right;\">Fotos: \u00a9 Markus Hubacher, Spiez<\/p>\n<p>[\/et_pb_text][\/et_pb_column][\/et_pb_row][\/et_pb_section]<\/p>\n","protected":false},"excerpt":{"rendered":"<p>Die Einf\u00fchrung des Stahlhelms vor hundert Jahren in der Schweizer Armee R\u00fcckblick auf den Vortrag vom 17. Mai 2017 Vom Ritterhelm zum Stahlhelm \u00a0Schutz vor Beschuss oder Sonne und Repr\u00e4sentation: Eine Kopfbedeckung kann mehrere Funktionen haben. J\u00fcrg Burlet zeigte beim Verein Schweizer Armeemuseum auf, wie die Entwicklung vom K\u00e4ppi \u00fcber die Pickelhaube zum Stahlhelm erfolgte. [&hellip;]<\/p>\n","protected":false},"author":2,"featured_media":0,"comment_status":"closed","ping_status":"open","sticky":false,"template":"","format":"standard","meta":{"_et_pb_use_builder":"on","_et_pb_old_content":"","_et_gb_content_width":"","footnotes":""},"categories":[68],"tags":[],"class_list":["post-19611","post","type-post","status-publish","format-standard","hentry","category-news-2017"],"_links":{"self":[{"href":"https:\/\/armeemuseum.ch\/en\/wp-json\/wp\/v2\/posts\/19611","targetHints":{"allow":["GET"]}}],"collection":[{"href":"https:\/\/armeemuseum.ch\/en\/wp-json\/wp\/v2\/posts"}],"about":[{"href":"https:\/\/armeemuseum.ch\/en\/wp-json\/wp\/v2\/types\/post"}],"author":[{"embeddable":true,"href":"https:\/\/armeemuseum.ch\/en\/wp-json\/wp\/v2\/users\/2"}],"replies":[{"embeddable":true,"href":"https:\/\/armeemuseum.ch\/en\/wp-json\/wp\/v2\/comments?post=19611"}],"version-history":[{"count":9,"href":"https:\/\/armeemuseum.ch\/en\/wp-json\/wp\/v2\/posts\/19611\/revisions"}],"predecessor-version":[{"id":23512,"href":"https:\/\/armeemuseum.ch\/en\/wp-json\/wp\/v2\/posts\/19611\/revisions\/23512"}],"wp:attachment":[{"href":"https:\/\/armeemuseum.ch\/en\/wp-json\/wp\/v2\/media?parent=19611"}],"wp:term":[{"taxonomy":"category","embeddable":true,"href":"https:\/\/armeemuseum.ch\/en\/wp-json\/wp\/v2\/categories?post=19611"},{"taxonomy":"post_tag","embeddable":true,"href":"https:\/\/armeemuseum.ch\/en\/wp-json\/wp\/v2\/tags?post=19611"}],"curies":[{"name":"wp","href":"https:\/\/api.w.org\/{rel}","templated":true}]}}